{"id":115037,"date":"2023-08-18T14:36:03","date_gmt":"2023-08-18T14:36:03","guid":{"rendered":"https:\/\/haberulus.net\/?p=115037"},"modified":"2023-08-18T14:36:03","modified_gmt":"2023-08-18T14:36:03","slug":"imamoglu-nevsehirde-bunun-partisi-siyaseti-olmaz","status":"publish","type":"post","link":"https:\/\/haberulus.net\/?p=115037","title":{"rendered":"\u0130mamo\u011flu Nev\u015fehir\u2019de: Bunun partisi, siyaseti olmaz"},"content":{"rendered":"<p>\u0130stanbul B\u00fcy\u00fck\u015fehir Belediye (\u0130BB)\u00a0 Ba\u015fkan\u0131 Ekrem \u0130mamo\u011flu, Hac\u0131 Bekta\u015f-\u0131 Veli Anma T\u00f6renleri i\u00e7in geldi\u011fi Nev\u015fehir&#8217;de bir dizi ziyarette bulundu. Ziyaretinde CHP \u0130stanbul milletvekili Turan Ta\u015fk\u0131n \u00d6zer, \u0130mamo\u011flu&#8217;na e\u015flik etti. Nev\u015fehir Avanos il\u00e7esine ba\u011fl\u0131 Ayhanlar K\u00f6y\u00fc&#8217;n\u00fc ziyaret eden \u0130mamo\u011flu, k\u00f6y halk\u0131 taraf\u0131ndan co\u015fkuyla kar\u015f\u0131land\u0131. \u0130mamo\u011flu&#8217;nun bir sonraki dura\u011f\u0131 Kapadokya Yeralt\u0131 Seramik M\u00fczesi oldu.<\/p>\n<p><strong>\u201cBU TOPRAKLARDA OLMAK HEP\u0130M\u0130ZE AYRI B\u0130R DER\u0130NL\u0130K KATMALI\u201d<\/strong><\/p>\n<p>\u0130mamo\u011flu, ilk dura\u011f\u0131 Ayhanlar Cemevi&#8217;nin avlusundan hitap etti\u011fi b\u00f6lge halk\u0131na \u015funlar\u0131 s\u00f6yledi:<\/p>\n<p>* Bu topraklar binlerce y\u0131ll\u0131k medeniyetlere, d\u00fcnyan\u0131n belki de insanl\u0131k tarihinin en \u00f6zel anlar\u0131n\u0131n ya\u015fand\u0131\u011f\u0131 ve ya\u015fat\u0131ld\u0131\u011f\u0131 yerlerde biz var\u0131z. Burada insanlar nice icatlar yapm\u0131\u015f. D\u00fcnyan\u0131n bug\u00fcn kulland\u0131\u011f\u0131 teknolojilerin ya\u015fad\u0131\u011f\u0131 \u00f6zel hayata dair bir\u00e7ok marifetin belki de ilk \u00f6rneklerini, evin kurulmas\u0131ndan tar\u0131m\u0131n yap\u0131lmas\u0131na var\u0131ncaya kadar ilk \u00f6rneklerini bu topraklarda ya\u015fand\u0131 ve ya\u015fat\u0131ld\u0131. O bak\u0131mdan bu topraklarda olmak hepimize ayr\u0131 bir derinlik, ayr\u0131 bir ho\u015fg\u00f6r\u00fc katmal\u0131\u2026<\/p>\n<p>* Bazen bu tarihe d\u00f6nd\u00fc\u011f\u00fcmde bug\u00fcnk\u00fc \u00e7at\u0131\u015fmalar, tart\u0131\u015fmalar, ayr\u0131\u015fmalar, kutupla\u015ft\u0131rmalar, insanlar\u0131n hayat\u0131na \u015fekil vermeler ya da insanlar\u0131n inanc\u0131na \u015fekil verme gayretlerini ger\u00e7ekten \u00fcz\u00fclerek takip ediyorum.<\/p>\n<p><img decoding=\"async\" src=\"https:\/\/i01.sozcucdn.com\/wp-content\/uploads\/2023\/08\/18\/4876324f-74ea-497c-93dd-0f9b396959f2.jpeg\" alt=\"\" title=\"\"><\/p>\n<p><strong>\u201cALEV\u0130L\u0130K \u0130NANCI BU TOPRAKLARIN \u00c7OK \u00d6NEML\u0130 B\u0130R K\u00d6K\u00dcD\u00dcR\u201d<\/strong><\/p>\n<p>* Hac\u0131 Bekta\u015f-\u0131 Veli o g\u00fcnden itibaren sundu\u011fu o insana dair duygular\u0131, d\u00fc\u015f\u00fcnceleri, bir olmaya dair duygular\u0131 ve d\u00fc\u015f\u00fcnceleri asl\u0131nda bug\u00fcn millet olma bilincimizin, bir arada olma bilincimizin k\u00f6kenini olu\u015fturuyor.<\/p>\n<p>* Yani bizim asl\u0131nda en kolay ger\u00e7ekle\u015ftirmemiz gereken \u015fey birbirini sevebilmek. Ama en zoru yap\u0131yoruz bazen; d\u00fc\u015fmanl\u0131k, kar\u015f\u0131 olmak ya da insanlar\u0131 birbirine d\u00fc\u015f\u00fcrmek ya da ba\u015fkala\u015ft\u0131rmak noktas\u0131nda\u2026\u00a0 Bu hususta da en fazla belki konu\u015fulanlardan birisi de ki\u015filerin inan\u00e7lar\u0131na dair tart\u0131\u015fma konular\u0131. Bunun tart\u0131\u015f\u0131lmas\u0131n\u0131n halk\u0131na, insan\u0131na kar\u015f\u0131 b\u00fcy\u00fck bir hakaret oldu\u011funu d\u00fc\u015f\u00fcn\u00fcyorum. Alevi Bekta\u015fi gelene\u011fi, Alevilik inanc\u0131 bu topraklar\u0131n \u00e7ok \u00f6nemli bir k\u00f6k\u00fcd\u00fcr derinli\u011fidir.<\/p>\n<p><strong>\u201c\u00dcZ\u00dcLEREK BAZEN DE UTANARAK \u0130ZL\u0130YORUM\u201d<\/strong><\/p>\n<p>* Alevi vatanda\u015flar\u0131m\u0131z\u0131n ibadethanesi olan cemevlerine kar\u015f\u0131 birtak\u0131m y\u00fcr\u00fct\u00fclen k\u00f6t\u00fc d\u00fc\u015f\u00fcnceler ya da ifade etme bi\u00e7imlerini ay\u0131pl\u0131yorum. Ne yaz\u0131k ki \u00fcz\u00fclerek bazen de utanarak izliyorum. Bunlar\u0131n hi\u00e7birisi ho\u015f de\u011fil. Alevi vatanda\u015flar\u0131m\u0131z\u0131n inan\u00e7lar\u0131na ibadet evi olan Cemevlerine sayg\u0131 duymay\u0131 ve hatta kamunun cemevlerine d\u00f6n\u00fck borcunu da \u00f6demeyi kamunun buna hizmet etmesi gerekti\u011fini, desteklemesi gerekti\u011fini de defalarca ilettim, iletmeye devam edece\u011fim.<\/p>\n<p>* Bu benim hem ki\u015fili\u011fim gere\u011fi ifade etti\u011fim \u015feyler hem de \u0130stanbul gibi 16 milyon insan\u0131n ya\u015fad\u0131\u011f\u0131 yani 16 milyon insan\u0131n i\u00e7inde, her inan\u00e7tan, her k\u00f6kenden insan var. Ben kendimi o insanlar\u0131n tamam\u0131na sorumlu g\u00f6ren bir belediye ba\u015fkan\u0131y\u0131m. Bir ki\u015fi bile olsa ba\u015fka bir inan\u00e7 olsa ve inanc\u0131n\u0131n gere\u011fini yerine getirmekte ona hizmet etmemiz gereken bir husus var ise ona hizmet etmeyi kendime b\u00fcy\u00fck bir sorumluluk g\u00f6r\u00fcr\u00fcm.<\/p>\n<p><strong>\u201cBU B\u0130R \u0130NSANLIK BORCUDUR\u201d<\/strong><\/p>\n<p>* Bug\u00fcn \u0130stanbul B\u00fcy\u00fck\u015fehir Belediye Ba\u015fkan\u0131 olarak bunu ba\u015fard\u0131k ve \u00fclkemizdeki her kurumun b\u00f6yle bakmas\u0131 gerekti\u011fini d\u00fc\u015f\u00fcn\u00fcyorum. Art\u0131k 16 milyonluk \u015fehirde bizim g\u00f6reve ba\u015flad\u0131\u011f\u0131m\u0131z g\u00fcnden itibaren bir \u0130nan\u00e7 Masam\u0131z var. O masada imam da var, papaz da var, haham da var, Alevi Dedesi de var. Her inan\u00e7tan temsilcinin bulundu\u011fu kendi inanc\u0131yla ilgili ya\u015fad\u0131\u011f\u0131 birtak\u0131m s\u0131k\u0131nt\u0131lar\u0131 varsa dile getirdi\u011fi bir demokratik ortam\u0131 var etmi\u015f olman\u0131n gururunu ya\u015f\u0131yorum.<\/p>\n<p>* Bu konuyu in\u015fallah hep birlikte, el birli\u011fiyle bu tart\u0131\u015fmay\u0131 kald\u0131raca\u011f\u0131z. Bizim insan\u0131m\u0131za kendi inanc\u0131n\u0131 ya\u015fayabilece\u011fi ve ya\u015fatabilece\u011fi ortam\u0131 ona sa\u011flayan bir \u00fclke y\u00f6netimiyle, bir yerel y\u00f6netimiyle bulu\u015faca\u011f\u0131 ortam\u0131 ve d\u00f6nemi in\u015fallah \u00fclkemize, milletimize hep birlikte ya\u015fatmakt\u0131r, borcumuz. \u0130nan\u0131n bunun partisi olmaz. Bunun siyaseti de olmaz. Bu insanl\u0131k borcudur.<\/p>\n<p><strong>\u201cY\u00dcZ YILDIR B\u0130R CUMHUR\u0130YET M\u00dcCADELES\u0130 VER\u0130YORUZ\u201d<\/strong><\/p>\n<p>* Birlik ve beraberli\u011fimizin en b\u00fcy\u00fck teminat\u0131 Cumhuriyettir. Cumhuriyeti hassasiyetle koruyaca\u011f\u0131z, geli\u015ftirece\u011fiz. Onun demokrasi kanallar\u0131n\u0131 a\u00e7aca\u011f\u0131z, ferahlataca\u011f\u0131z Cumhuriyeti.<\/p>\n<p>* Birbirimizi sevmeyi, saymay\u0131, sayg\u0131y\u0131 en \u00fcst seviyeye hep birlikte ta\u015f\u0131yaca\u011f\u0131z. Hi\u00e7 ku\u015fkunuz olmas\u0131n. Eksiklerimiz, hatalar\u0131m\u0131z olabilir. Baz\u0131 sonu\u00e7lar\u0131 hen\u00fcz elde edememi\u015f olabiliriz. Ama biliniz ki vazge\u00e7mek yok. Do\u011fruyu bulmak, do\u011fruyu yakalamak, iyiyi g\u00fczeli elde etmek, kolay m\u00fccadelelerle olmuyor. Biz de o m\u00fccadelelerin neferiyiz.<\/p>\n<p>* Y\u00fcz y\u0131ld\u0131r bir Cumhuriyet m\u00fccadelesi veriyoruz millet\u00e7e. \u0130n\u015fallah hep birlikte kurucusu Atat\u00fcrk\u2019\u00fcn Mustafa Kemal Atat\u00fcrk\u2019\u00fcn bize emanetini de en do\u011fru, ilkelerini, prensiplerini ve Cumhuriyetin de\u011ferlerini en do\u011fru menzile hep birlikte kavu\u015fturma m\u00fccadelesi verece\u011fiz. Ve bunu da ba\u015faraca\u011f\u0131m\u0131za inan\u0131yorum.<\/p>\n<p><img decoding=\"async\" src=\"https:\/\/i01.sozcucdn.com\/wp-content\/uploads\/2023\/08\/18\/49c0a5b4-3ecc-47d4-9ff3-0c093e7728b8.jpeg\" alt=\"\" title=\"\"><\/p>\n<p><strong>BU CO\u011eRAFYAYA H\u0130ZMET ETMEN\u0130N KEYF\u0130N\u0130 YA\u015eIYORUM<\/strong><\/p>\n<p>\u0130mamo\u011flu, yo\u011fun ziyaret program\u0131 s\u0131ras\u0131nda G\u00f6reme&#8217;de bas\u0131n mensuplar\u0131na de\u011ferlendirmede bulundu. Hac\u0131bekta\u015f&#8217;a 11 y\u0131ld\u0131r geldi\u011finin alt\u0131n\u0131 \u00e7izen \u0130mamo\u011flu, \u015f\u00f6ylle konu\u015ftu:<\/p>\n<p>* Hac\u0131bekta\u015f il\u00e7emize bir ziyaret plan\u0131m\u0131z var. 2019&#8217;dan beri Hac\u0131bekta\u015f il\u00e7emize \u00e7ok \u00f6zel \u00e7abalar g\u00f6sterdik ve belediyemizle g\u00fczel i\u015f birlikleri yapt\u0131k. H\u00fcnkar Hac\u0131 Bekta\u015f-\u0131 Veli\u2019nin istirahatgah\u0131 olan Hac\u0131bekta\u015f\u2019a hizmet etme onurunu ya\u015fad\u0131k, \u0130stanbullular ad\u0131na.<\/p>\n<p>* Yine orada \u00e7ok \u00f6zel bir konut projemiz var. \u00c7ok \u00f6zel, hem mimarisine hizmet eden, hem de oran\u0131n g\u00fcncel ya\u015fam\u0131na katk\u0131 sunan bir modeli olan bir konut projesini K\u0130PTA\u015e\u2019la beraber yapman\u0131n da keyfini, gururunu ya\u015f\u0131yoruz.<\/p>\n<p>* Bu ba\u011flamda g\u00fczel bir yerel ziyaret, onur duyuyorum. Yakla\u015f\u0131k 11 y\u0131ld\u0131r her y\u0131l Hac\u0131bekta\u015f anmalar\u0131na kat\u0131l\u0131yorum ve bu topraklar\u0131n derin felsefesini temsil eden ve 12&#8217;nci, 13&#8217;\u00fcnc\u00fc y\u00fczy\u0131l\u0131n ayd\u0131nlanmas\u0131n\u0131 belki de var eden kimliklerden biri Hac\u0131 Bekta\u015f-\u0131 Veli. Onlar\u0131n huzurunda bu co\u011frafyaya hizmet etmenin keyfini ya\u015f\u0131yorum.<\/p>\n","protected":false},"excerpt":{"rendered":"<p>\u0130BB Ba\u015fkan\u0131 Ekrem \u0130mamo\u011flu, Hac\u0131 Bekta\u015f-\u0131 Veli Anma T\u00f6renleri i\u00e7in Nev\u015fehir\u2019e geldi. \u0130mamo\u011flu, Hac\u0131 Bekta\u015f-\u0131 Veli\u2019nin d\u00fc\u015f\u00fcncelerinin bir arada olma bilincinin k\u00f6kenini olu\u015fturdu\u011funu belirterek, \u201cBizim insan\u0131m\u0131za kendi inanc\u0131n\u0131 ya\u015fayabilece\u011fi ve ya\u015fatabilece\u011fi ortam\u0131 ona sa\u011flayan bir \u00fclke y\u00f6netimiyle, bir yerel y\u00f6netimiyle bulu\u015faca\u011f\u0131 ortam\u0131 ve d\u00f6nemi in\u015fallah \u00fclkemize, milletimize hep birlikte ya\u015fatmakt\u0131r borcumuz. \u0130nan\u0131n bunun partisi olmaz. Bunun siyaseti de olmaz\u201d dedi.<\/p>\n","protected":false},"author":1,"featured_media":115038,"comment_status":"closed","ping_status":"open","sticky":false,"template":"","format":"standard","meta":{"footnotes":""},"categories":[26],"tags":[459,13440,13514,500,1228],"class_list":["post-115037","post","type-post","status-publish","format-standard","has-post-thumbnail","hentry","category-gundem","tag-cumhuriyet","tag-haci","tag-inanc","tag-insan","tag-ziyaret"],"_links":{"self":[{"href":"https:\/\/haberulus.net\/index.php?rest_route=\/wp\/v2\/posts\/115037","targetHints":{"allow":["GET"]}}],"collection":[{"href":"https:\/\/haberulus.net\/index.php?rest_route=\/wp\/v2\/posts"}],"about":[{"href":"https:\/\/haberulus.net\/index.php?rest_route=\/wp\/v2\/types\/post"}],"author":[{"embeddable":true,"href":"https:\/\/haberulus.net\/index.php?rest_route=\/wp\/v2\/users\/1"}],"replies":[{"embeddable":true,"href":"https:\/\/haberulus.net\/index.php?rest_route=%2Fwp%2Fv2%2Fcomments&post=115037"}],"version-history":[{"count":1,"href":"https:\/\/haberulus.net\/index.php?rest_route=\/wp\/v2\/posts\/115037\/revisions"}],"predecessor-version":[{"id":115039,"href":"https:\/\/haberulus.net\/index.php?rest_route=\/wp\/v2\/posts\/115037\/revisions\/115039"}],"wp:featuredmedia":[{"embeddable":true,"href":"https:\/\/haberulus.net\/index.php?rest_route=\/wp\/v2\/media\/115038"}],"wp:attachment":[{"href":"https:\/\/haberulus.net\/index.php?rest_route=%2Fwp%2Fv2%2Fmedia&parent=115037"}],"wp:term":[{"taxonomy":"category","embeddable":true,"href":"https:\/\/haberulus.net\/index.php?rest_route=%2Fwp%2Fv2%2Fcategories&post=115037"},{"taxonomy":"post_tag","embeddable":true,"href":"https:\/\/haberulus.net\/index.php?rest_route=%2Fwp%2Fv2%2Ftags&post=115037"}],"curies":[{"name":"wp","href":"https:\/\/api.w.org\/{rel}","templated":true}]}}