{"id":115076,"date":"2023-08-18T16:05:03","date_gmt":"2023-08-18T16:05:03","guid":{"rendered":"https:\/\/haberulus.net\/?p=115076"},"modified":"2023-08-18T16:05:03","modified_gmt":"2023-08-18T16:05:03","slug":"100-yil-cumhuriyet-seyirlerinin-2-etabi-basladi","status":"publish","type":"post","link":"https:\/\/haberulus.net\/?p=115076","title":{"rendered":"100. Y\u0131l Cumhuriyet Seyirleri\u2019nin 2. etab\u0131 ba\u015flad\u0131"},"content":{"rendered":"<p>Mu\u011fla\u2019n\u0131n Bodrum il\u00e7esinde kad\u0131n yelkenciler, \u201c100. Y\u0131l Cumhuriyet Seyirleri\u201d ba\u015fl\u0131kl\u0131 projelerinin 26 g\u00fcn s\u00fcrmesi planlanan ikinci etab\u0131 i\u00e7in yola \u00e7\u0131kt\u0131.<\/p>\n<p>Ne\u015fe Hasipek\u2019in kaptanl\u0131\u011f\u0131nda kendilerine \u201cDeniz Tutkusu Seyirde\u201d ad\u0131n\u0131 veren sekiz ki\u015filik ekip, \u201cTutku mm\u201d isimli 13 metrelik yelkenli tekneyle Milta Bodrum Marina\u2019dan u\u011furland\u0131.<br \/>Akdeniz-K\u0131br\u0131s seyrine \u00e7\u0131kan ekibi u\u011furlamaya, denizciler ve arkada\u015flar\u0131 kat\u0131ld\u0131.<\/p>\n<p>Kaptan Hasipek, gazetecilere, Cumhuriyetin kurulu\u015funun 100\u2019\u00fcnc\u00fc y\u0131l\u0131 kapsam\u0131ndaki seyirlerinin ikinci etab\u0131n\u0131 ger\u00e7ekle\u015ftireceklerini s\u00f6yledi. 30 A\u011fustos\u2019ta K\u0131br\u0131s\u2019a ula\u015farak Girne\u2019de 30 A\u011fustos Zafer Bayram\u0131 kutlamas\u0131n\u0131 yapmay\u0131 planlad\u0131klar\u0131n\u0131 belirten Hasipek, \u201c1 Eyl\u00fcl Bar\u0131\u015f G\u00fcn\u00fc\u2019n\u00fc de orada kutlay\u0131p Karpaz\u2019dan d\u00f6n\u00fc\u015fe ge\u00e7ece\u011fiz. Cumhuriyetin 100\u2019\u00fcnc\u00fc y\u0131l\u0131nda mutlaka bir etkinlik yapmak istedik ve devam ediyoruz. Be\u015f y\u0131ld\u0131r de\u011fi\u015fik d\u00f6nemlerde teknemizde misafir etti\u011fimiz \u00fcniversiteli k\u0131z \u00f6\u011frencilerimiz de bu seyre kat\u0131lacak. Yola \u00e7\u0131kaca\u011f\u0131m\u0131z ekipte d\u00f6rt \u00f6\u011frenci bulunuyor\u201d diye konu\u015ftu.<\/p>\n<p><b>100. YIL CUMHUR\u0130YET SEY\u0130RLER\u0130\u2019N\u0130N \u0130K\u0130NC\u0130 ETABI<\/b><\/p>\n<p>Sekiz ki\u015filik ekiple ba\u015flayan ve 1000 mil civar\u0131ndaki yolculu\u011fun tamam\u0131nda kaptan ile Ceyda G\u00fcle\u00e7y\u00fcz teknede bulunacak. Farkl\u0131 limanlarda inenlerin yerine yeni isimler seyre kat\u0131lacak. Ekip, 12 Eyl\u00fcl\u2019de tekrar Bodrum\u2019da olmay\u0131 planl\u0131yor.<\/p>\n<p>\u201cDeniz Tutkusu Seyirde\u201d ilki 2017\u2019de olmak \u00fczere yurt d\u0131\u015f\u0131n\u0131 da kapsayan de\u011fi\u015fik rotalarda \u201cbar\u0131\u015f\u201d seyirleri yapt\u0131. Ekip 2019\u2019da, Mustafa Kemal Atat\u00fcrk\u2019\u00fcn Samsun\u2019a \u00e7\u0131k\u0131\u015f\u0131n\u0131n 100. y\u0131l\u0131nda, \u201cT\u00fcrk Kad\u0131n\u0131n\u0131n 100. Y\u0131l Seyri\u201d ba\u015fl\u0131kl\u0131 projesi kapsam\u0131nda Bodrum\u2019dan Samsun\u2019a yola \u00e7\u0131km\u0131\u015ft\u0131. Ekip, Hopa\u2019ya kadar uzanan 70 g\u00fcnl\u00fck yolculuklar\u0131nda, yakla\u015f\u0131k 2 bin 400 mil katedip yeniden Bodrum\u2019a d\u00f6nm\u00fc\u015ft\u00fc.<\/p>\n<p>\u201cDeniz Tutkusu Seyirde\u201d 100. Y\u0131l Cumhuriyet Seyirleri\u2019nin 44 g\u00fcn s\u00fcren ilk etab\u0131nda, 19 May\u0131s\u2019ta yine Bodrum\u2019dan yola \u00e7\u0131karak \u0130stanbul\u2019un ard\u0131ndan Karadeniz\u2019in bat\u0131s\u0131na ula\u015ft\u0131ktan sona geri d\u00f6n\u00fc\u015fe ge\u00e7mi\u015fti. Ekip 1500 mile yak\u0131n yolculu\u011fun sonunda 1 Temmuz\u2019da Bodrum\u2019a gelmi\u015fti. (AA)<\/p>\n","protected":false},"excerpt":{"rendered":"<p>Bodrum&#8217;da kad\u0131n yelkenciler &#8220;100. Y\u0131l Cumhuriyet Seyirleri&#8221; ba\u015fl\u0131kl\u0131 projelerinin ikinci etab\u0131 i\u00e7in yola \u00e7\u0131kt\u0131.<\/p>\n","protected":false},"author":1,"featured_media":115077,"comment_status":"closed","ping_status":"open","sticky":false,"template":"","format":"standard","meta":{"footnotes":""},"categories":[31],"tags":[13517,144,459,1638],"class_list":["post-115076","post","type-post","status-publish","format-standard","has-post-thumbnail","hentry","category-spor","tag-100-yil","tag-bodrum","tag-cumhuriyet","tag-ekip"],"_links":{"self":[{"href":"https:\/\/haberulus.net\/index.php?rest_route=\/wp\/v2\/posts\/115076","targetHints":{"allow":["GET"]}}],"collection":[{"href":"https:\/\/haberulus.net\/index.php?rest_route=\/wp\/v2\/posts"}],"about":[{"href":"https:\/\/haberulus.net\/index.php?rest_route=\/wp\/v2\/types\/post"}],"author":[{"embeddable":true,"href":"https:\/\/haberulus.net\/index.php?rest_route=\/wp\/v2\/users\/1"}],"replies":[{"embeddable":true,"href":"https:\/\/haberulus.net\/index.php?rest_route=%2Fwp%2Fv2%2Fcomments&post=115076"}],"version-history":[{"count":1,"href":"https:\/\/haberulus.net\/index.php?rest_route=\/wp\/v2\/posts\/115076\/revisions"}],"predecessor-version":[{"id":115078,"href":"https:\/\/haberulus.net\/index.php?rest_route=\/wp\/v2\/posts\/115076\/revisions\/115078"}],"wp:featuredmedia":[{"embeddable":true,"href":"https:\/\/haberulus.net\/index.php?rest_route=\/wp\/v2\/media\/115077"}],"wp:attachment":[{"href":"https:\/\/haberulus.net\/index.php?rest_route=%2Fwp%2Fv2%2Fmedia&parent=115076"}],"wp:term":[{"taxonomy":"category","embeddable":true,"href":"https:\/\/haberulus.net\/index.php?rest_route=%2Fwp%2Fv2%2Fcategories&post=115076"},{"taxonomy":"post_tag","embeddable":true,"href":"https:\/\/haberulus.net\/index.php?rest_route=%2Fwp%2Fv2%2Ftags&post=115076"}],"curies":[{"name":"wp","href":"https:\/\/api.w.org\/{rel}","templated":true}]}}