{"id":115133,"date":"2023-08-18T19:05:02","date_gmt":"2023-08-18T19:05:02","guid":{"rendered":"https:\/\/haberulus.net\/?p=115133"},"modified":"2023-08-18T19:05:02","modified_gmt":"2023-08-18T19:05:02","slug":"iran-disisleri-bakani-abdullahiyan-suudi-arabistan-ile-isbirligini-artirmak-istediklerini-soyledi","status":"publish","type":"post","link":"https:\/\/haberulus.net\/?p=115133","title":{"rendered":"\u0130ran D\u0131\u015fi\u015fleri Bakan\u0131 Abdullahiyan, Suudi Arabistan ile i\u015fbirli\u011fini art\u0131rmak istediklerini s\u00f6yledi"},"content":{"rendered":"<p> <strong>Suudi Arabistan<\/strong>&#8216;\u0131n ba\u015fkenti  <strong>Riyad<\/strong>&#8216;a resmi ziyarette bulunan \u0130ran D\u0131\u015fi\u015fleri Bakan\u0131 H\u00fcseyin Emir Abdullahiyan, &#8220;<strong>Suudi Arabistan<\/strong> ile siyaset, ekonomi, ticaret, teknoloji, bilim ve k\u00fclt\u00fcrel alanlarda i\u015fbirli\u011fini b\u00f6lgenin yarar\u0131na olacak \u015fekilde art\u0131rabiliriz&#8221; dedi.<\/p>\n<p>\u0130ran D\u0131\u015fi\u015fleri Bakan\u0131 H\u00fcseyin Emir Abdullahiyan, \u0130ran ve Suudi Arabistan aras\u0131nda 7 y\u0131l\u0131n ard\u0131ndan diplomatik ili\u015fkilerin yeniden ba\u015flat\u0131lmas\u0131 ile Suudi Arabistan&#8217;\u0131n ba\u015fkenti  <strong>Riyad<\/strong>&#8216;a ger\u00e7ekle\u015ftirdi\u011fi ziyarette Suudi Veliaht Prensi Muhammed bin Selam ile g\u00f6r\u00fc\u015ft\u00fc. \u0130ran D\u0131\u015fi\u015fleri Bakanl\u0131\u011f\u0131 taraf\u0131ndan g\u00f6r\u00fc\u015fmeye ili\u015fkin yap\u0131lan yaz\u0131l\u0131 a\u00e7\u0131klamada, Abdullahiyan&#8217;\u0131n Tahran ve Riyad aras\u0131nda tesis edilen diplomatik ili\u015fkilerin iki \u00fclke i\u00e7in tarihi f\u0131rsatlar sundu\u011funu belirtti\u011fi ve iki \u00fclke aras\u0131ndaki ortakl\u0131\u011f\u0131 geli\u015ftirmek istediklerini s\u00f6yledi\u011fi ifade edildi. Abdullahiyan, &#8220;Bug\u00fcn bizler b\u00fcy\u00fck bir tarihi sorumluluk alt\u0131nday\u0131z. \u0130ran ve Suudi Arabistan siyaset, ekonomi, ticaret, teknoloji, bilim ve k\u00fclt\u00fcrel alanlar\u0131nda i\u015fbirli\u011fini b\u00f6lgenin yarar\u0131na olacak \u015fekilde art\u0131rabilir. B\u00f6lgesel ba\u015far\u0131, diyalog ve i\u015fbirli\u011fini art\u0131rarak m\u00fcmk\u00fcn olabilir&#8221; ifadelerini kulland\u0131.<\/p>\n<p>\u0130ran ve Suudi Arabistan&#8217;\u0131n b\u00f6lgede \u00f6nemli bir jeopolitik konuma sahip oldu\u011funu vurgulayan Abdullahiyan, Filistin sorununun \u0130slam d\u00fcnyas\u0131n\u0131n ortak meselesi oldu\u011funu belirterek, \u0130srail&#8217;in b\u00f6lge \u00fclkeleri i\u00e7in tehdit olu\u015fturdu\u011funu s\u00f6yledi.<\/p>\n<p>&#8220;Ortak g\u00fcvenlik ve kalk\u0131nma konusunda hemfikiriz&#8221;<\/p>\n<p>Sosyal medya hesab\u0131ndan da g\u00f6r\u00fc\u015fmeye ili\u015fkin a\u00e7\u0131klama yapan Abdullahiyan, bin Selman ile samimi bir g\u00f6r\u00fc\u015fme ger\u00e7ekle\u015ftirdi\u011fini belirterek, iki \u00fclkenin de ortak i\u015fbirli\u011fini s\u00fcrd\u00fcrmede kararl\u0131 oldu\u011funu kaydetti. Abdullahiyan, &#8220;Bu sabah Suudi Arabistan Veliaht Prensi bin Selman ile 90 dakika s\u00fcren samimi bir g\u00f6r\u00fc\u015fme ger\u00e7ekle\u015ftirdim. G\u00f6r\u00fc\u015fmemiz kom\u015fuluk politikalar\u0131na dayal\u0131, verimli, \u015feffaf ve sonu\u00e7 odakl\u0131 oldu. B\u00f6lge i\u00e7in ortak g\u00fcvenlik ve kalk\u0131nma konusunda hemfikiriz&#8221; dedi.<\/p>\n<p>Suudi Arabistan&#8217;dan ye\u015fil \u0131\u015f\u0131k<\/p>\n<p>\u0130ran-Suudi Arabistan ili\u015fkileri<\/p>\n<p>Suudi Arabistan&#8217;da 2 Ocak 2016&#8217;da aralar\u0131nda \u015eii din adam\u0131 Nimr el-Nimr&#8217;in de bulundu\u011fu 47 ki\u015fi &#8220;ter\u00f6r&#8221; su\u00e7lamas\u0131yla idam edilmi\u015fti. \u0130damlara tepki g\u00f6steren \u0130ranl\u0131 yetkililerin pe\u015f pe\u015fe yapt\u0131\u011f\u0131 a\u00e7\u0131klamalar\u0131n ard\u0131ndan Suudi Arabistan&#8217;\u0131n Tahran B\u00fcy\u00fckel\u00e7ili\u011fi ve Me\u015fhed kentindeki konsolosluk binalar\u0131 \u0130ran&#8217;daki g\u00f6stericiler taraf\u0131ndan ate\u015fe verilmi\u015fti. Mart 2015&#8217;te ba\u015flayan Yemen&#8217;deki kriz nedeniyle zaten gergin olan iki \u00fclke aras\u0131ndaki diplomatik ili\u015fkiler tamamen kesilmi\u015fti. \u0130ran ve Suudi Arabistanl\u0131 yetkililer, Nisan 2021&#8217;de Ba\u011fdat&#8217;ta do\u011frudan g\u00f6r\u00fc\u015fmeler yapmak \u00fczere bir araya gelmi\u015f ve Irak&#8217;\u0131n arabuluculu\u011fundaki g\u00f6r\u00fc\u015fmeler daha sonra da devam etmi\u015fti. &#8211; R\u0130YAD<\/p>\n<div>Kaynak: \u0130hlas Haber Ajans\u0131 \/  Politika <\/div>\n","protected":false},"excerpt":{"rendered":"<p>\u0130ran D\u0131\u015fi\u015fleri Bakan\u0131 H\u00fcseyin Emir Abdullahiyan, Suudi Arabistan&#8217;\u0131n ba\u015fkenti Riyad&#8217;a ger\u00e7ekle\u015ftirdi\u011fi ziyarette Suudi Veliaht Prensi Muhammed bin Selam ile g\u00f6r\u00fc\u015ft\u00fc. Abdullahiyan, iki \u00fclke aras\u0131nda i\u015fbirli\u011fini art\u0131rarak b\u00f6lgenin yarar\u0131na olabilece\u011fini belirtti.<\/p>\n","protected":false},"author":1,"featured_media":115134,"comment_status":"closed","ping_status":"open","sticky":false,"template":"","format":"standard","meta":{"footnotes":""},"categories":[28],"tags":[6996,158,264,46,1529],"class_list":["post-115133","post","type-post","status-publish","format-standard","has-post-thumbnail","hentry","category-politika","tag-abdullahiyan","tag-bolge","tag-gorusme","tag-iran","tag-suudi-arabistan"],"_links":{"self":[{"href":"https:\/\/haberulus.net\/index.php?rest_route=\/wp\/v2\/posts\/115133","targetHints":{"allow":["GET"]}}],"collection":[{"href":"https:\/\/haberulus.net\/index.php?rest_route=\/wp\/v2\/posts"}],"about":[{"href":"https:\/\/haberulus.net\/index.php?rest_route=\/wp\/v2\/types\/post"}],"author":[{"embeddable":true,"href":"https:\/\/haberulus.net\/index.php?rest_route=\/wp\/v2\/users\/1"}],"replies":[{"embeddable":true,"href":"https:\/\/haberulus.net\/index.php?rest_route=%2Fwp%2Fv2%2Fcomments&post=115133"}],"version-history":[{"count":1,"href":"https:\/\/haberulus.net\/index.php?rest_route=\/wp\/v2\/posts\/115133\/revisions"}],"predecessor-version":[{"id":115135,"href":"https:\/\/haberulus.net\/index.php?rest_route=\/wp\/v2\/posts\/115133\/revisions\/115135"}],"wp:featuredmedia":[{"embeddable":true,"href":"https:\/\/haberulus.net\/index.php?rest_route=\/wp\/v2\/media\/115134"}],"wp:attachment":[{"href":"https:\/\/haberulus.net\/index.php?rest_route=%2Fwp%2Fv2%2Fmedia&parent=115133"}],"wp:term":[{"taxonomy":"category","embeddable":true,"href":"https:\/\/haberulus.net\/index.php?rest_route=%2Fwp%2Fv2%2Fcategories&post=115133"},{"taxonomy":"post_tag","embeddable":true,"href":"https:\/\/haberulus.net\/index.php?rest_route=%2Fwp%2Fv2%2Ftags&post=115133"}],"curies":[{"name":"wp","href":"https:\/\/api.w.org\/{rel}","templated":true}]}}