{"id":115166,"date":"2023-08-18T20:05:09","date_gmt":"2023-08-18T20:05:09","guid":{"rendered":"https:\/\/haberulus.net\/?p=115166"},"modified":"2023-08-18T20:05:09","modified_gmt":"2023-08-18T20:05:09","slug":"bursada-ahsap-kapi-fabrikasinda-yangin","status":"publish","type":"post","link":"https:\/\/haberulus.net\/?p=115166","title":{"rendered":"Bursa\u2019da ah\u015fap kap\u0131 fabrikas\u0131nda yang\u0131n"},"content":{"rendered":"<p>Osmangazi il\u00e7esi K\u00fc\u00e7\u00fckbal\u0131kl\u0131 Mahallesi \u015eanl\u0131 Caddesi\u2019ndeki iki katl\u0131 fabrikada hen\u00fcz bilinmeyen bir nedenle yang\u0131n \u00e7\u0131kt\u0131. Alevler k\u0131sa s\u00fcrede b\u00fcy\u00fcyerek binay\u0131 sard\u0131.<\/p>\n<p>Durumun bildirilmesi \u00fczerine olay yerine Bursa B\u00fcy\u00fck\u015fehir Belediyesine ba\u011fl\u0131 \u00e7ok say\u0131da itfaiye ekibi sevk edildi.<\/p>\n<p><img decoding=\"async\" src=\"https:\/\/i01.sozcucdn.com\/wp-content\/uploads\/2023\/08\/18\/aa-20230818-31947265-31947259-bursada_ahsap_kapi_fabrikasinda_cikan_yangina_mudahale_ediliyor.jpg\" alt=\"\" title=\"\"><\/p>\n<p><strong>FABR\u0130KADA PE\u015e PE\u015eE PATLAMA<\/strong><\/p>\n<p>Bursa Orman B\u00f6lge M\u00fcd\u00fcrl\u00fc\u011f\u00fc ekiplerinin de kat\u0131ld\u0131\u011f\u0131 m\u00fcdahale s\u0131ras\u0131nda fabrikadaki elektrik trafosunda zaman zaman patlama ya\u015fan\u0131yor.<\/p>\n<p>Elektrik da\u011f\u0131t\u0131m firmas\u0131 ekipleri ise \u00e7evredeki elektrik ak\u0131\u015f\u0131n\u0131 kesti.<\/p>\n<p><img decoding=\"async\" src=\"https:\/\/i01.sozcucdn.com\/wp-content\/uploads\/2023\/08\/18\/aa-20230818-31947265-31947260-bursada_ahsap_kapi_fabrikasinda_cikan_yangina_mudahale_ediliyor.jpg\" alt=\"\" title=\"\"><\/p>\n<p>\u0130\u00e7eride kimsenin bulunmad\u0131\u011f\u0131 fabrikadan \u00e7\u0131kan alevler, \u00e7evredeki bir\u00e7ok noktadan g\u00f6r\u00fclebiliyor.<\/p>\n<p>Ekipler yang\u0131n\u0131 kontrol alt\u0131na alabilmek i\u00e7in \u00e7al\u0131\u015fmalar\u0131n\u0131 s\u00fcrd\u00fcr\u00fcyor. (AA)<\/p>\n","protected":false},"excerpt":{"rendered":"<p>Bursa&#8217;da ah\u015fap kap\u0131 \u00fcretilen bir fabrikada \u00e7\u0131kan yang\u0131n\u0131n s\u00f6nd\u00fcr\u00fclmesi i\u00e7in \u00e7al\u0131\u015fma ba\u015flat\u0131ld\u0131.<\/p>\n","protected":false},"author":1,"featured_media":115167,"comment_status":"closed","ping_status":"open","sticky":false,"template":"","format":"standard","meta":{"footnotes":""},"categories":[26],"tags":[],"class_list":["post-115166","post","type-post","status-publish","format-standard","has-post-thumbnail","hentry","category-gundem"],"_links":{"self":[{"href":"https:\/\/haberulus.net\/index.php?rest_route=\/wp\/v2\/posts\/115166","targetHints":{"allow":["GET"]}}],"collection":[{"href":"https:\/\/haberulus.net\/index.php?rest_route=\/wp\/v2\/posts"}],"about":[{"href":"https:\/\/haberulus.net\/index.php?rest_route=\/wp\/v2\/types\/post"}],"author":[{"embeddable":true,"href":"https:\/\/haberulus.net\/index.php?rest_route=\/wp\/v2\/users\/1"}],"replies":[{"embeddable":true,"href":"https:\/\/haberulus.net\/index.php?rest_route=%2Fwp%2Fv2%2Fcomments&post=115166"}],"version-history":[{"count":1,"href":"https:\/\/haberulus.net\/index.php?rest_route=\/wp\/v2\/posts\/115166\/revisions"}],"predecessor-version":[{"id":115168,"href":"https:\/\/haberulus.net\/index.php?rest_route=\/wp\/v2\/posts\/115166\/revisions\/115168"}],"wp:featuredmedia":[{"embeddable":true,"href":"https:\/\/haberulus.net\/index.php?rest_route=\/wp\/v2\/media\/115167"}],"wp:attachment":[{"href":"https:\/\/haberulus.net\/index.php?rest_route=%2Fwp%2Fv2%2Fmedia&parent=115166"}],"wp:term":[{"taxonomy":"category","embeddable":true,"href":"https:\/\/haberulus.net\/index.php?rest_route=%2Fwp%2Fv2%2Fcategories&post=115166"},{"taxonomy":"post_tag","embeddable":true,"href":"https:\/\/haberulus.net\/index.php?rest_route=%2Fwp%2Fv2%2Ftags&post=115166"}],"curies":[{"name":"wp","href":"https:\/\/api.w.org\/{rel}","templated":true}]}}