{"id":115241,"date":"2023-08-19T05:05:09","date_gmt":"2023-08-19T05:05:09","guid":{"rendered":"https:\/\/haberulus.net\/?p=115241"},"modified":"2023-08-19T05:05:09","modified_gmt":"2023-08-19T05:05:09","slug":"kotu-koku-sikayeti-korkunc-olayi-ortaya-cikardi","status":"publish","type":"post","link":"https:\/\/haberulus.net\/?p=115241","title":{"rendered":"K\u00f6t\u00fc koku \u015fikayeti korkun\u00e7 olay\u0131 ortaya \u00e7\u0131kard\u0131"},"content":{"rendered":"<p>\u015eeyhcui Mahallesi Palmiye Sokaktaki AFAD Apartman\u0131\u2019n\u0131n 2\u2019nci kat\u0131ndan k\u00f6t\u00fc koku yay\u0131ld\u0131\u011f\u0131n\u0131 fark eden apartman sakinleri, durumu 112 Acil \u00c7a\u011fr\u0131 Merkezi\u2019ne bildirdi. \u0130hbar \u00fczerine adrese polis, sa\u011fl\u0131k ve itfaiye ekipleri sevk edildi.<\/p>\n<p>Adrese gelen ekipler, zili \u00e7almas\u0131na ra\u011fmen kap\u0131y\u0131 a\u00e7an olmay\u0131nca itfaiye merdiveni yard\u0131m\u0131yla pencereden eve girdi.<\/p>\n<p>Ekipler, yaln\u0131z ya\u015fayan Mustafa Y\u0131ld\u0131r\u0131m\u2019\u0131 hareketsiz bir \u015fekilde yatarken buldu. Yap\u0131lan kontrolde Y\u0131ld\u0131r\u0131m\u2019\u0131n ya\u015fam\u0131n\u0131 yitirdi\u011fi belirlendi.<\/p>\n<div><img decoding=\"async\" src=\"https:\/\/i01.sozcucdn.com\/wp-content\/uploads\/2023\/08\/19\/resim2_23553174.jpg\" alt=\"\" title=\"\"><\/p>\n<p>Mustafa Y\u0131ld\u0131r\u0131m<\/p>\n<\/div>\n<p>\u0130lk belirlemelere g\u00f6re v\u00fccudunda herhangi bir ize rastlanmayan Y\u0131ld\u0131r\u0131m\u2019\u0131n cans\u0131z bedeni, olay yerinde yap\u0131lan incelemenin ard\u0131ndan otopsi i\u00e7in Amasya \u00dcniversitesi Sabuncuo\u011flu \u015eerefeddin E\u011fitim ve Ara\u015ft\u0131rma Hastanesinin morguna kald\u0131r\u0131ld\u0131.<\/p>\n<p>V\u00fccudunun k\u0131smen \u00e7\u00fcr\u00fcmeye ba\u015flad\u0131\u011f\u0131 belirlenen Y\u0131ld\u0131r\u0131m\u2019\u0131n kesin \u00f6l\u00fcm nedeni, yap\u0131lacak otopside belli olacak. (DHA)<\/p>\n","protected":false},"excerpt":{"rendered":"<p>Amasya&#8217;da 4 katl\u0131 binan\u0131n 2&#8217;nci kat\u0131ndan k\u00f6t\u00fc koku yay\u0131ld\u0131\u011f\u0131 ihbar\u0131 \u00fczerine adrese gelen ekipler, pencereden girdi\u011fi evde yaln\u0131z ya\u015fayan Mustafa Y\u0131ld\u0131r\u0131m&#8217;\u0131n (55) cans\u0131z bedenini buldu.<\/p>\n","protected":false},"author":1,"featured_media":115242,"comment_status":"closed","ping_status":"open","sticky":false,"template":"","format":"standard","meta":{"footnotes":""},"categories":[26],"tags":[321],"class_list":["post-115241","post","type-post","status-publish","format-standard","has-post-thumbnail","hentry","category-gundem","tag-yildirim"],"_links":{"self":[{"href":"https:\/\/haberulus.net\/index.php?rest_route=\/wp\/v2\/posts\/115241","targetHints":{"allow":["GET"]}}],"collection":[{"href":"https:\/\/haberulus.net\/index.php?rest_route=\/wp\/v2\/posts"}],"about":[{"href":"https:\/\/haberulus.net\/index.php?rest_route=\/wp\/v2\/types\/post"}],"author":[{"embeddable":true,"href":"https:\/\/haberulus.net\/index.php?rest_route=\/wp\/v2\/users\/1"}],"replies":[{"embeddable":true,"href":"https:\/\/haberulus.net\/index.php?rest_route=%2Fwp%2Fv2%2Fcomments&post=115241"}],"version-history":[{"count":1,"href":"https:\/\/haberulus.net\/index.php?rest_route=\/wp\/v2\/posts\/115241\/revisions"}],"predecessor-version":[{"id":115243,"href":"https:\/\/haberulus.net\/index.php?rest_route=\/wp\/v2\/posts\/115241\/revisions\/115243"}],"wp:featuredmedia":[{"embeddable":true,"href":"https:\/\/haberulus.net\/index.php?rest_route=\/wp\/v2\/media\/115242"}],"wp:attachment":[{"href":"https:\/\/haberulus.net\/index.php?rest_route=%2Fwp%2Fv2%2Fmedia&parent=115241"}],"wp:term":[{"taxonomy":"category","embeddable":true,"href":"https:\/\/haberulus.net\/index.php?rest_route=%2Fwp%2Fv2%2Fcategories&post=115241"},{"taxonomy":"post_tag","embeddable":true,"href":"https:\/\/haberulus.net\/index.php?rest_route=%2Fwp%2Fv2%2Ftags&post=115241"}],"curies":[{"name":"wp","href":"https:\/\/api.w.org\/{rel}","templated":true}]}}