{"id":115337,"date":"2023-08-19T09:35:09","date_gmt":"2023-08-19T09:35:09","guid":{"rendered":"https:\/\/haberulus.net\/?p=115337"},"modified":"2023-08-19T09:35:09","modified_gmt":"2023-08-19T09:35:09","slug":"eker-olympos-regatta-yelken-yarisi-start-aldi","status":"publish","type":"post","link":"https:\/\/haberulus.net\/?p=115337","title":{"rendered":"Eker Olympos Regatta yelken yar\u0131\u015f\u0131 start ald\u0131"},"content":{"rendered":"<p>T\u00fcrkiye A\u00e7\u0131kdeniz Yar\u0131\u015f Kul\u00fcb\u00fc (TAYK) taraf\u0131ndan Eker S\u00fct \u00dcr\u00fcnleri ana sponsorlu\u011funda, Bursa Yelken Kul\u00fcb\u00fc ve Moda Deniz Kul\u00fcb\u00fc i\u015f birli\u011finde d\u00fczenlenen 11. TAYK Eker Olympos Regatta, d\u00fcn ak\u015fam Moda Deniz Kul\u00fcb\u00fc a\u00e7\u0131klar\u0131nda start ald\u0131. T\u00fcrkiye\u2019de yelken sporu alan\u0131nda merakla beklenen bir organizasyon haline gelen 11. TAYK Eker Olympos Regatta ile pazar g\u00fcn\u00fcne kadar \u00fc\u00e7 g\u00fcn s\u00fcrecek bir yelken heyecan\u0131 ya\u015fanacak. \u0130stanbul\u2019dan Bursa\u2019ya uzanan yar\u0131\u015fta, Marmara Denizinin de\u011fi\u015fen hava, r\u00fczgar ve dalga ko\u015fullar\u0131yla m\u00fccadele eden yat yar\u0131\u015f\u00e7\u0131lar\u0131 kupan\u0131n sahibi olmaya \u00e7al\u0131\u015facak.<\/p>\n<p>Moda Deniz Kul\u00fcb\u00fc \u00f6n\u00fcnden d\u00fcn ak\u015fam saat 18.30\u2019da verilen start\u0131n ard\u0131ndan, tekneler gece boyunca Marmara Denizi ge\u00e7erek Mudanya\u2019n\u0131n, Trilye Mahallesi\u2019ne ula\u015facak. TAYK-Eker Olympos Regatta, bug\u00fcn co\u011frafi g\u00fczellikleriyle Bursa\u2019n\u0131n incisi olarak nitelendirilen Tirilye\u2019deki Koy Yar\u0131\u015flar\u0131 ile devam edecek. Yar\u0131\u015flar, yar\u0131n Trilye\u2019den verilecek start\u0131n ard\u0131ndan Moda\u2019da son bulacak.<\/p>\n<p><b>MARKALAR, KURUMLAR YARI\u015eIYOR<\/b><\/p>\n<p>T\u00fcrkiye\u2019nin en iyi yat yar\u0131\u015f\u00e7\u0131lar\u0131n\u0131n k\u0131yas\u0131ya rekabet etti\u011fi 11. TAYK-Eker Olympos Regatta, ge\u00e7mi\u015f y\u0131llarda oldu\u011fu gibi kat\u0131l\u0131mc\u0131 tak\u0131mlardaki \u00e7e\u015fitlilik ile dikkat \u00e7ekiyor. TAYK Eker Olympos Regatta\u2019da; kurumsal yelken tak\u0131mlar\u0131ndan, yelken profesyonellerine ve spor kul\u00fcplerine kadar geni\u015f bir yelpazede kat\u0131l\u0131m ger\u00e7ekle\u015fiyor. Tak\u0131m ruhunu, birlik ve beraberli\u011fi peki\u015ftirmesiyle sayg\u0131n markalar\u0131n da ilgi g\u00f6sterdi\u011fi yelken sporu, i\u015f d\u00fcnyas\u0131nda yayg\u0131nla\u015fmaya devam ediyor. TAYK-Eker Olympos Regatta\u2019da, farkl\u0131 sekt\u00f6rlerden markalar\u0131n kurumsal tak\u0131mlar\u0131 m\u00fccadele ediyor. (DHA)<\/p>\n","protected":false},"excerpt":{"rendered":"<p>Yelken sezonunun merakla beklenen yar\u0131\u015flar\u0131ndan, 11. TAYK Eker Olympos Regatta ba\u015flad\u0131. Moda-Tirilye-Moda etaplar\u0131nda d\u00fczenlenen yar\u0131\u015f, Moda Deniz Kul\u00fcb\u00fc a\u00e7\u0131klar\u0131nda 26 teknenin kat\u0131l\u0131m\u0131yla start ald\u0131.<\/p>\n","protected":false},"author":1,"featured_media":115338,"comment_status":"closed","ping_status":"open","sticky":false,"template":"","format":"standard","meta":{"footnotes":""},"categories":[31],"tags":[527,13537,13536,411,1298],"class_list":["post-115337","post","type-post","status-publish","format-standard","has-post-thumbnail","hentry","category-spor","tag-deniz","tag-eker-olympos-regatta","tag-tayk","tag-yaris","tag-yelken"],"_links":{"self":[{"href":"https:\/\/haberulus.net\/index.php?rest_route=\/wp\/v2\/posts\/115337","targetHints":{"allow":["GET"]}}],"collection":[{"href":"https:\/\/haberulus.net\/index.php?rest_route=\/wp\/v2\/posts"}],"about":[{"href":"https:\/\/haberulus.net\/index.php?rest_route=\/wp\/v2\/types\/post"}],"author":[{"embeddable":true,"href":"https:\/\/haberulus.net\/index.php?rest_route=\/wp\/v2\/users\/1"}],"replies":[{"embeddable":true,"href":"https:\/\/haberulus.net\/index.php?rest_route=%2Fwp%2Fv2%2Fcomments&post=115337"}],"version-history":[{"count":1,"href":"https:\/\/haberulus.net\/index.php?rest_route=\/wp\/v2\/posts\/115337\/revisions"}],"predecessor-version":[{"id":115339,"href":"https:\/\/haberulus.net\/index.php?rest_route=\/wp\/v2\/posts\/115337\/revisions\/115339"}],"wp:featuredmedia":[{"embeddable":true,"href":"https:\/\/haberulus.net\/index.php?rest_route=\/wp\/v2\/media\/115338"}],"wp:attachment":[{"href":"https:\/\/haberulus.net\/index.php?rest_route=%2Fwp%2Fv2%2Fmedia&parent=115337"}],"wp:term":[{"taxonomy":"category","embeddable":true,"href":"https:\/\/haberulus.net\/index.php?rest_route=%2Fwp%2Fv2%2Fcategories&post=115337"},{"taxonomy":"post_tag","embeddable":true,"href":"https:\/\/haberulus.net\/index.php?rest_route=%2Fwp%2Fv2%2Ftags&post=115337"}],"curies":[{"name":"wp","href":"https:\/\/api.w.org\/{rel}","templated":true}]}}