{"id":115364,"date":"2023-08-19T10:51:03","date_gmt":"2023-08-19T10:51:03","guid":{"rendered":"https:\/\/haberulus.net\/?p=115364"},"modified":"2023-08-19T10:51:03","modified_gmt":"2023-08-19T10:51:03","slug":"cankirida-85-milyon-yil-oncesine-fosiller-bulundu","status":"publish","type":"post","link":"https:\/\/haberulus.net\/?p=115364","title":{"rendered":"\u00c7ank\u0131r\u0131\u2019da 8,5 milyon y\u0131l \u00f6ncesine fosiller bulundu"},"content":{"rendered":"<p>\u00c7ank\u0131r\u0131\u2019da temmuz ay\u0131nda ba\u015flayan ve 2023 y\u0131l\u0131 kaz\u0131 sezonu \u00e7al\u0131\u015fmalar\u0131n\u0131n devam etti\u011fi \u00c7orakyerler Omurgal\u0131 Fosil Lokalitesi\u201dnde \u015fimdiye kadar 8,5 milyon y\u0131l \u00f6ncesine tarihlendirilen yakla\u015f\u0131k 100 fosil bulundu.<\/p>\n<p>\u00c7orakyerler Omurgal\u0131 Fosil Lokalitesi\u2019ndeki kaz\u0131 \u00e7al\u0131\u015fmalar\u0131 Ankara \u00dcniversitesi Dil ve Tarih-Co\u011frafya Fak\u00fcltesi Antropoloji B\u00f6l\u00fcm\u00fc Ba\u015fkan\u0131 Prof. Dr. Ayla Sevim Erol ba\u015fkanl\u0131\u011f\u0131nda devam ediyor.<\/p>\n<p>\u00c7orakyerler\u2019deki kaz\u0131 \u00e7al\u0131\u015fmalar\u0131ndan bug\u00fcne kadar 8,5-9 milyon y\u0131ll\u0131k ge\u00e7mi\u015fe giden pek \u00e7ok t\u00fcre ait fosil bulundu. Bu y\u0131l 10 Temmuz\u2019da ba\u015flayan kaz\u0131larda hipparion olarak isimlendirilen at t\u00fcrlerine ait, yavru gergedan kafatas\u0131, bug\u00fcnk\u00fc fillerin atalar\u0131na ait t\u00fcrlerin fosili, bizon benzeri b\u00fcy\u00fckba\u015f boynuzlulara ait fosiller, z\u00fcrafalar\u0131n atalar\u0131na ait fosiller ve yabani ke\u00e7ilere benzeyen fosiller bulundu.<\/p>\n<p><img decoding=\"async\" src=\"https:\/\/i01.sozcucdn.com\/wp-content\/uploads\/2023\/08\/19\/resimid_235542541_23554254.jpg\" alt=\"\" title=\"\"><\/p>\n<p>Kaz\u0131 \u00e7al\u0131\u015fmalar\u0131 eyl\u00fcl ay\u0131n\u0131n ilk haftas\u0131na kadar s\u00fcrecek.<\/p>\n<p>Prof. Dr. Ayla Sevim Erol, AA muhabirine, \u00c7orakyerler kaz\u0131 ba\u015fkanl\u0131\u011f\u0131n\u0131 uzun y\u0131llard\u0131r y\u00fcr\u00fctt\u00fc\u011f\u00fcn\u00fc s\u00f6yledi.<\/p>\n<p>B\u00f6lgedeki fosillerin ta\u015fla\u015fm\u0131\u015f sediman\u0131n i\u00e7inden di\u015f\u00e7i aletleriyle kaz\u0131larak \u00e7\u0131kar\u0131ld\u0131\u011f\u0131n\u0131, o y\u00fczden \u00e7al\u0131\u015fmalar\u0131n 22 y\u0131ld\u0131r devam etti\u011fini belirten Sevim Erol, \u201cBu b\u00f6lgenin hemen hemen b\u00fct\u00fcn alt\u0131n\u0131n fosil oldu\u011funu d\u00fc\u015f\u00fcn\u00fcyoruz. Devam edilirse onlarca y\u0131l devam edilebilecek bir fosil yata\u011f\u0131.\u201d dedi.<\/p>\n<p>\u00c7orakyerler Omurgal\u0131 Fosil Lokalitesi\u2019nin \u00f6nemine vurgu yapan Sevim Erol, \u015fu de\u011ferlendirmede bulundu:<\/p>\n<p>\u201cBuran\u0131n monografisinin (kitab\u0131n\u0131n) \u015fimdiye kadar \u00e7\u0131kmas\u0131 gerekiyordu ama bizim bir yay\u0131n\u0131m\u0131z vard\u0131 Nature dergisinde \u00e7\u0131kmas\u0131n\u0131 bekledi\u011fimiz, dolay\u0131s\u0131yla o yay\u0131n\u0131n kabul edilmesiyle ilgili iki hafta \u00f6nce bunun m\u00fcjdeli haberini ald\u0131k ve kabul edildi\u011fini \u00f6\u011frendik. \u00d6n\u00fcm\u00fczdeki g\u00fcnlerde yay\u0131n \u00e7\u0131kacakt\u0131r mutlaka. Bu yay\u0131n\u0131n \u00e7\u0131kmas\u0131 i\u00e7in monografi yaz\u0131p yay\u0131nlayamad\u0131k. Art\u0131k bundan sonra burayla ilgili kitab\u0131m\u0131z yaz\u0131lacak. \u00c7ank\u0131r\u0131\u2019ya \u00f6zg\u00fc 6 tane t\u00fcr\u00fcm\u00fcz var, bunlar\u0131n bir k\u0131sm\u0131 yay\u0131na haz\u0131rlan\u0131yor, bir k\u0131sm\u0131 yay\u0131nland\u0131. Dolay\u0131s\u0131yla bereketli \u00c7orakyerler alan\u0131n\u0131n \u00f6n\u00fcm\u00fczdeki y\u0131llarda da \u00e7ok daha fazla yay\u0131nla d\u00fcnyaya tan\u0131t\u0131lmaya devam edilecektir. \u00c7orakyerler \u015fu anda d\u00fcnyan\u0131n bu alanda yap\u0131lan \u00e7al\u0131\u015fmalarda kar\u015f\u0131la\u015ft\u0131rma lokalitesi olarak kullan\u0131l\u0131yor ve tip lokalitesi olarak de\u011ferlendiriliyor. Bu nedenle de \u00c7ank\u0131r\u0131\u2019n\u0131n fosiller a\u00e7\u0131s\u0131ndan \u00e7ok \u00f6nemli bir hazineye sahip oldu\u011funu da s\u00f6ylemek gerekiyor. Do\u011fan\u0131n koruyarak yakla\u015f\u0131k 10 milyon y\u0131ld\u0131r bize miras b\u0131rakt\u0131\u011f\u0131 bir alan\u0131 korumaya \u00e7al\u0131\u015f\u0131yoruz, de\u011ferlendirmeye \u00e7al\u0131\u015f\u0131yoruz, yay\u0131nlamaya \u00e7al\u0131\u015f\u0131yoruz ve d\u00fcnyaya tan\u0131tmaya \u00e7al\u0131\u015f\u0131yoruz. \u00d6n\u00fcm\u00fczdeki y\u0131larda da uluslararas\u0131 alanda bilim insanlar\u0131n\u0131n eminim buraya akmaya ba\u015flayaca\u011f\u0131n\u0131 d\u00fc\u015f\u00fcn\u00fcyorum Nature yay\u0131n\u0131ndan sonra.\u201d<\/p>\n<p><img decoding=\"async\" src=\"https:\/\/i01.sozcucdn.com\/wp-content\/uploads\/2023\/08\/19\/resimid_235542551_23554255.jpg\" alt=\"\" title=\"\"><\/p>\n<p>Bu sezon kaz\u0131larda \u00e7e\u015fitli hayvanlara ait 100 civar\u0131nda fosilin bulundu\u011funu dile getiren Sevim Erol, \u015f\u00f6yle konu\u015ftu:<\/p>\n<p>\u201cHipparion dedi\u011fimiz atlar\u0131n iki t\u00fcr\u00fcne ait hem uzun v\u00fccut kemik par\u00e7alar\u0131 hem kafa par\u00e7alar\u0131 \u00e7\u0131kar\u0131l\u0131yor. Gergedanlardan iki yavru gergedan kafatas\u0131n\u0131 \u00e7\u0131kard\u0131k. Yine bizim hortumlular dedi\u011fimiz g\u00fcn\u00fcm\u00fcz\u00fcn fillerinin atalar\u0131ndan t\u00fcrlere ait iskeletler, bizon benzeri b\u00fcy\u00fckba\u015f boynuzlularla ilgili fosiller, z\u00fcrafalarla ilgili buluntular, v\u00fccut iskeletleri bol miktarda \u00e7\u0131kt\u0131. Onun d\u0131\u015f\u0131nda da\u011f ke\u00e7ilerine benzeyen t\u00fcrlere ait fosillerimiz var. Daha \u00f6nceki y\u0131llarda \u00e7\u0131kan fosillerin devam\u0131 niteli\u011finde fosiller geliyor. Bunlar\u0131n hepsi 8,5 ile 7 milyon y\u0131l aras\u0131nda ya\u015fam\u0131\u015f t\u00fcrler. B\u00fct\u00fcn bu t\u00fcrler, bir katastrofik olay diyoruz, bir felaket sonras\u0131 kitle halinde \u00f6len hayvan t\u00fcrlerine ait fosiller. O nedenle de b\u00fct\u00fcn iskelet olarak de\u011fil de biraz kar\u0131\u015f\u0131k olarak birbirlerinin \u00fcst\u00fcnde farkl\u0131 t\u00fcrlerle ilgili buluntular \u015feklinde ele ge\u00e7iyor ve asl\u0131nda hem d\u00fcnyan\u0131n hem \u00fclkemizin en zengin t\u00fcr \u00e7e\u015fitlili\u011fine sahip bir alan buras\u0131. 43 ayr\u0131 t\u00fcr\u00fcm\u00fcz var, onun \u00fczerinde hayvanlarda ailelere ait dedi\u011fimiz gruplar var. 43 t\u00fcr\u00fcn i\u00e7erisinde y\u0131rt\u0131c\u0131lar, \u00e7ift t\u0131rnakl\u0131lar, tek t\u0131rnakl\u0131lar var. Bug\u00fcne kadar toplan 4 bin 100 civar\u0131nda fosil var \u015fu anda. Bu tabii ki tan\u0131mlanabilir olanlar. Bir de bizim numaras\u0131z olarak elde etti\u011fimiz fosiller var. Yani 5 binin \u00fczerinde fosilimiz var burada asl\u0131nda.\u201d<\/p>\n<p>\u00d6deneklerin az olmas\u0131 dolay\u0131s\u0131yla \u00e7al\u0131\u015fmalar\u0131 k\u00fc\u00e7\u00fck bir ekiple y\u00fcr\u00fctt\u00fcklerini dile getiren Erol, \u00e7al\u0131\u015fmalar\u0131n h\u0131zl\u0131 ilerleyemedi\u011fini kaydetti. (AA)<\/p>\n","protected":false},"excerpt":{"rendered":"<p>\u00c7ank\u0131r\u0131&#8217;da yer alan \u00c7orakyerler Omurgal\u0131 Fosil Lokalitesi&#8217;nde yap\u0131lan kaz\u0131larda, 8,5 milyon y\u0131l \u00f6ncesine tarihlenen yakla\u015f\u0131k 100 fosil bulundu.<\/p>\n","protected":false},"author":1,"featured_media":115365,"comment_status":"closed","ping_status":"open","sticky":false,"template":"","format":"standard","meta":{"footnotes":""},"categories":[33],"tags":[3217,1814,698,748,3944],"class_list":["post-115364","post","type-post","status-publish","format-standard","has-post-thumbnail","hentry","category-yasam","tag-ait","tag-fosil","tag-kazi","tag-tur","tag-yayin"],"_links":{"self":[{"href":"https:\/\/haberulus.net\/index.php?rest_route=\/wp\/v2\/posts\/115364","targetHints":{"allow":["GET"]}}],"collection":[{"href":"https:\/\/haberulus.net\/index.php?rest_route=\/wp\/v2\/posts"}],"about":[{"href":"https:\/\/haberulus.net\/index.php?rest_route=\/wp\/v2\/types\/post"}],"author":[{"embeddable":true,"href":"https:\/\/haberulus.net\/index.php?rest_route=\/wp\/v2\/users\/1"}],"replies":[{"embeddable":true,"href":"https:\/\/haberulus.net\/index.php?rest_route=%2Fwp%2Fv2%2Fcomments&post=115364"}],"version-history":[{"count":1,"href":"https:\/\/haberulus.net\/index.php?rest_route=\/wp\/v2\/posts\/115364\/revisions"}],"predecessor-version":[{"id":115366,"href":"https:\/\/haberulus.net\/index.php?rest_route=\/wp\/v2\/posts\/115364\/revisions\/115366"}],"wp:featuredmedia":[{"embeddable":true,"href":"https:\/\/haberulus.net\/index.php?rest_route=\/wp\/v2\/media\/115365"}],"wp:attachment":[{"href":"https:\/\/haberulus.net\/index.php?rest_route=%2Fwp%2Fv2%2Fmedia&parent=115364"}],"wp:term":[{"taxonomy":"category","embeddable":true,"href":"https:\/\/haberulus.net\/index.php?rest_route=%2Fwp%2Fv2%2Fcategories&post=115364"},{"taxonomy":"post_tag","embeddable":true,"href":"https:\/\/haberulus.net\/index.php?rest_route=%2Fwp%2Fv2%2Ftags&post=115364"}],"curies":[{"name":"wp","href":"https:\/\/api.w.org\/{rel}","templated":true}]}}