{"id":115391,"date":"2023-08-19T11:49:02","date_gmt":"2023-08-19T11:49:02","guid":{"rendered":"https:\/\/haberulus.net\/?p=115391"},"modified":"2023-08-19T11:49:02","modified_gmt":"2023-08-19T11:49:02","slug":"cogu-kirmizi-bultenle-aranan-34-firari-yakalandi-23u-turkiyeye-iade-edildi","status":"publish","type":"post","link":"https:\/\/haberulus.net\/?p=115391","title":{"rendered":"\u00c7o\u011fu k\u0131rm\u0131z\u0131 b\u00fcltenle aranan 34 firari yakaland\u0131, 23&#8217;\u00fc T\u00fcrkiye&#8217;ye iade edildi"},"content":{"rendered":"<p> <strong>\u0130\u00e7i\u015fleri Bakan\u0131<\/strong> Ali Yerlikaya, ba\u015fta ter\u00f6r, g\u00f6\u00e7men ka\u00e7ak\u00e7\u0131l\u0131\u011f\u0131, uyu\u015fturucu ticareti ve doland\u0131r\u0131c\u0131l\u0131k su\u00e7lar\u0131ndan olmak \u00fczere, yakaland\u0131klar\u0131 \u00fclkelerden talep edilen 34 firariden 23&#8217;\u00fcn\u00fcn T\u00fcrkiye&#8217;ye iade edildi\u011fini bildirdi.<\/p>\n<p><b>34 F\u0130RAR\u0130 16 FARKLI \u00dcLKEDE YAKALANDI<\/b><\/p>\n<p>Yerlikaya, sosyal medya hesab\u0131ndan yapt\u0131\u011f\u0131 a\u00e7\u0131klamada, \u0130nterpol-Europol Daire Ba\u015fkanl\u0131\u011f\u0131nca ba\u015fta ter\u00f6r, g\u00f6\u00e7men ka\u00e7ak\u00e7\u0131l\u0131\u011f\u0131, uyu\u015fturucu ticareti ve doland\u0131r\u0131c\u0131l\u0131k su\u00e7lar\u0131ndan olmak \u00fczere 30&#8217;u k\u0131rm\u0131z\u0131 b\u00fclten arac\u0131l\u0131\u011f\u0131yla, 4&#8217;\u00fc do\u011frudan talep edilen 34 firarinin, son 2 ayda 16 farkl\u0131 \u00fclkede yakalanmalar\u0131n\u0131n sa\u011fland\u0131\u011f\u0131 bilgisini verdi.<\/p>\n<p><b>&#8220;D\u00dcNYANIN NERES\u0130NDE OLURSA OLSUNLAR KA\u00c7AMAYACAKLAR&#8221;<\/b><\/p>\n<p>Yakalananlardan 23&#8217;\u00fcn\u00fcn T\u00fcrkiye&#8217;ye iade edildi\u011fi, 11&#8217;nin ise teslimine y\u00f6nelik \u00e7al\u0131\u015fmalar\u0131n Adalet ve D\u0131\u015fi\u015fleri bakanl\u0131klar\u0131 koordinesinde s\u00fcrd\u00fc\u011f\u00fc belirtildi. Yerlikaya a\u00e7\u0131klamas\u0131nda, &#8220;Su\u00e7 i\u015fleyenler d\u00fcnyan\u0131n neresinde olursa olsunlar \u0130nterpol-Europol Daire Ba\u015fkanl\u0131\u011f\u0131m\u0131z\u0131n elinden ka\u00e7amayacaklar&#8221; ifadelerini kulland\u0131.<\/p>\n<p><img decoding=\"async\" src=\"https:\/\/i.hbrcdn.com\/haber\/2023\/08\/19\/cogu-kirmizi-bultenle-aranan-34-firari-yakalandi-16243316_2259_m.jpg\" alt=\"\" title=\"\"><\/p>\n<div>Kaynak: \u0130hlas Haber Ajans\u0131 \/  Politika <\/div>\n","protected":false},"excerpt":{"rendered":"<p>\u0130\u00e7i\u015fleri Bakan\u0131 Yerlikaya; ba\u015fta ter\u00f6r, g\u00f6\u00e7men ka\u00e7ak\u00e7\u0131l\u0131\u011f\u0131, uyu\u015fturucu ticareti ve doland\u0131r\u0131c\u0131l\u0131k su\u00e7lar\u0131ndan olmak \u00fczere 30&#8217;u k\u0131rm\u0131z\u0131 b\u00fclten arac\u0131l\u0131\u011f\u0131yla, 4&#8217;\u00fc do\u011frudan talep edilen 34 firarinin 16 farkl\u0131 \u00fclkede yakaland\u0131klar\u0131n\u0131 duyurdu. Yakalananlardan 23&#8217;\u00fc T\u00fcrkiye&#8217;ye iade edildi, 11&#8217;nin ise teslimine y\u00f6nelik \u00e7al\u0131\u015fmalar s\u00fcr\u00fcyor.<\/p>\n","protected":false},"author":1,"featured_media":115392,"comment_status":"closed","ping_status":"open","sticky":false,"template":"","format":"standard","meta":{"footnotes":""},"categories":[28],"tags":[],"class_list":["post-115391","post","type-post","status-publish","format-standard","has-post-thumbnail","hentry","category-politika"],"_links":{"self":[{"href":"https:\/\/haberulus.net\/index.php?rest_route=\/wp\/v2\/posts\/115391","targetHints":{"allow":["GET"]}}],"collection":[{"href":"https:\/\/haberulus.net\/index.php?rest_route=\/wp\/v2\/posts"}],"about":[{"href":"https:\/\/haberulus.net\/index.php?rest_route=\/wp\/v2\/types\/post"}],"author":[{"embeddable":true,"href":"https:\/\/haberulus.net\/index.php?rest_route=\/wp\/v2\/users\/1"}],"replies":[{"embeddable":true,"href":"https:\/\/haberulus.net\/index.php?rest_route=%2Fwp%2Fv2%2Fcomments&post=115391"}],"version-history":[{"count":1,"href":"https:\/\/haberulus.net\/index.php?rest_route=\/wp\/v2\/posts\/115391\/revisions"}],"predecessor-version":[{"id":115393,"href":"https:\/\/haberulus.net\/index.php?rest_route=\/wp\/v2\/posts\/115391\/revisions\/115393"}],"wp:featuredmedia":[{"embeddable":true,"href":"https:\/\/haberulus.net\/index.php?rest_route=\/wp\/v2\/media\/115392"}],"wp:attachment":[{"href":"https:\/\/haberulus.net\/index.php?rest_route=%2Fwp%2Fv2%2Fmedia&parent=115391"}],"wp:term":[{"taxonomy":"category","embeddable":true,"href":"https:\/\/haberulus.net\/index.php?rest_route=%2Fwp%2Fv2%2Fcategories&post=115391"},{"taxonomy":"post_tag","embeddable":true,"href":"https:\/\/haberulus.net\/index.php?rest_route=%2Fwp%2Fv2%2Ftags&post=115391"}],"curies":[{"name":"wp","href":"https:\/\/api.w.org\/{rel}","templated":true}]}}