{"id":115424,"date":"2023-08-19T12:51:03","date_gmt":"2023-08-19T12:51:03","guid":{"rendered":"https:\/\/haberulus.net\/?p=115424"},"modified":"2023-08-19T12:51:03","modified_gmt":"2023-08-19T12:51:03","slug":"karayazi-kaymakamligindan-cobana-ceza-aciklamasi","status":"publish","type":"post","link":"https:\/\/haberulus.net\/?p=115424","title":{"rendered":"Karayaz\u0131 Kaymakaml\u0131\u011f\u0131\u2019ndan \u00e7obana ceza a\u00e7\u0131klamas\u0131"},"content":{"rendered":"<p>S\u00d6ZC\u00dc\u2019n\u00fcn Karayaz\u0131 \u0130l\u00e7e Kaymakam\u0131 ve Kayyum Belediye Ba\u015fkan\u0131 Muammer Sar\u0131do\u011fan\u2019\u0131n konvoyunun \u00f6n\u00fcnden ge\u00e7en s\u00fcr\u00fcn\u00fcn \u00e7oban\u0131na para cezas\u0131 kesti\u011fi iddias\u0131yla ilgili habere Karayaz\u0131 Kaymakaml\u0131\u011f\u0131\u2019ndan a\u00e7\u0131klama geldi.<\/p>\n<p>Kaymakaml\u0131ktan yap\u0131lan a\u00e7\u0131klamada, hayvanc\u0131l\u0131\u011f\u0131n yo\u011fun oldu\u011fu b\u00f6lgede \u00e7e\u015fitli zamanlarda dikkatsizlikler neticesinde trafikte ya\u015fanan kazalara ba\u011fl\u0131 olarak insan yaralanmalar\u0131, can kay\u0131plar\u0131 ve vatanda\u015flar\u0131n ge\u00e7im kayna\u011f\u0131 olan hayvanlar\u0131n telef olma durumlar\u0131n\u0131n ya\u015fand\u0131\u011f\u0131 hat\u0131rlat\u0131ld\u0131.<\/p>\n<p>A\u00e7\u0131klamada, \u015funlar kaydedildi:<\/p>\n<p>\u201cErzurum\u2019un Karayaz\u0131 il\u00e7esi ile A\u011fr\u0131\u2019n\u0131n Tutak il\u00e7elerini birbirine ba\u011flayan Karayollar\u0131 B\u00f6lge M\u00fcd\u00fcrl\u00fc\u011f\u00fc sorumlulu\u011fundaki devlet kara yolu \u00fczerinde 02\/08\/2023 tarihinde Elmal\u0131dere mevkisinde, yolun virajl\u0131 oldu\u011fu kesimlerde ve hem normal ara\u00e7 yo\u011funlu\u011funun fazla oldu\u011fu hem de yol \u00e7al\u0131\u015fmalar\u0131 nedeniyle tonajl\u0131 i\u015f kamyonlar\u0131n\u0131n da yolu s\u0131kl\u0131kla kulland\u0131\u011f\u0131 d\u00f6nemde, \u015fahsa ait \u2018k\u00f6y\u00fcn\/mahallenin ortak s\u00fcr\u00fcs\u00fc olmayan\u2019 k\u00fc\u00e7\u00fckba\u015f hayvan s\u00fcr\u00fcs\u00fcn\u00fcn ba\u015f\u0131bo\u015f \u015fekilde devlet kara yolu g\u00fczergah\u0131nda bulundu\u011fu \u2018hayvan ge\u00e7i\u015fi i\u00e7in yeterince uygun alan\u0131n olmas\u0131na ra\u011fmen\u2019, yolu trafi\u011fe a\u00e7ma noktas\u0131nda herhangi bir m\u00fcdahalenin olmad\u0131\u011f\u0131, bu durumun da hem trafik g\u00fcvenli\u011fini hem de can ve mal emniyetini ciddi boyutta tehdit etti\u011fi g\u00f6r\u00fclm\u00fc\u015ft\u00fcr.\u201d<\/p>\n<p>Daha \u00f6nce de durumla ilgili vatanda\u015flar\u0131n ve ara\u00e7 s\u00fcr\u00fcc\u00fclerinin \u0130l\u00e7e Tar\u0131m ve Orman M\u00fcd\u00fcrl\u00fc\u011f\u00fcne \u015fikayetleri \u00fczerine s\u00fcr\u00fc sahibinin birka\u00e7 kez uyar\u0131ld\u0131\u011f\u0131 bildirilen a\u00e7\u0131klamada, \u201cT\u00fcm uyar\u0131lara ra\u011fmen s\u00fcr\u00fc sahibinin kara yolunda ba\u015f\u0131bo\u015f hayvan otlatmaya devam etti\u011fi tespit edilmi\u015f olup trafik g\u00fcvenli\u011fini sa\u011flama ve en \u00f6nemli g\u00f6revimiz olan vatanda\u015flar\u0131m\u0131z\u0131n can ve mal emniyetini temin etme ad\u0131na ilgili, ilgililer hakk\u0131nda gerekli idari i\u015flemler tesis edilmi\u015ftir. Kamuoyuna sayg\u0131yla duyurulur.\u201d ifadelerine yer verildi.<\/p>\n","protected":false},"excerpt":{"rendered":"<p>S\u00d6ZC\u00dc&#8217;n\u00fcn &#8220;Konvoyunun \u00f6n\u00fcne s\u00fcr\u00fc \u00e7\u0131kan kaymakam, \u00e7obana ceza kesti&#8221; ba\u015fl\u0131kl\u0131 haberiyle ilgili a\u00e7\u0131klama yapan kaymakaml\u0131k &#8220;S\u00fcr\u00fcn\u00fcn yol g\u00fcvenli\u011fini tehlikeye att\u0131\u011f\u0131n\u0131 ve s\u00fcr\u00fc sahibinin daha \u00f6nce de uyar\u0131ld\u0131\u011f\u0131n\u0131 ifade etti.<\/p>\n","protected":false},"author":1,"featured_media":115425,"comment_status":"closed","ping_status":"open","sticky":false,"template":"","format":"standard","meta":{"footnotes":""},"categories":[26],"tags":[244,1165,8418,255],"class_list":["post-115424","post","type-post","status-publish","format-standard","has-post-thumbnail","hentry","category-gundem","tag-hayvan","tag-kara","tag-suru","tag-yolu"],"_links":{"self":[{"href":"https:\/\/haberulus.net\/index.php?rest_route=\/wp\/v2\/posts\/115424","targetHints":{"allow":["GET"]}}],"collection":[{"href":"https:\/\/haberulus.net\/index.php?rest_route=\/wp\/v2\/posts"}],"about":[{"href":"https:\/\/haberulus.net\/index.php?rest_route=\/wp\/v2\/types\/post"}],"author":[{"embeddable":true,"href":"https:\/\/haberulus.net\/index.php?rest_route=\/wp\/v2\/users\/1"}],"replies":[{"embeddable":true,"href":"https:\/\/haberulus.net\/index.php?rest_route=%2Fwp%2Fv2%2Fcomments&post=115424"}],"version-history":[{"count":1,"href":"https:\/\/haberulus.net\/index.php?rest_route=\/wp\/v2\/posts\/115424\/revisions"}],"predecessor-version":[{"id":115426,"href":"https:\/\/haberulus.net\/index.php?rest_route=\/wp\/v2\/posts\/115424\/revisions\/115426"}],"wp:featuredmedia":[{"embeddable":true,"href":"https:\/\/haberulus.net\/index.php?rest_route=\/wp\/v2\/media\/115425"}],"wp:attachment":[{"href":"https:\/\/haberulus.net\/index.php?rest_route=%2Fwp%2Fv2%2Fmedia&parent=115424"}],"wp:term":[{"taxonomy":"category","embeddable":true,"href":"https:\/\/haberulus.net\/index.php?rest_route=%2Fwp%2Fv2%2Fcategories&post=115424"},{"taxonomy":"post_tag","embeddable":true,"href":"https:\/\/haberulus.net\/index.php?rest_route=%2Fwp%2Fv2%2Ftags&post=115424"}],"curies":[{"name":"wp","href":"https:\/\/api.w.org\/{rel}","templated":true}]}}