{"id":115451,"date":"2023-08-19T13:35:13","date_gmt":"2023-08-19T13:35:13","guid":{"rendered":"https:\/\/haberulus.net\/?p=115451"},"modified":"2023-08-19T13:35:13","modified_gmt":"2023-08-19T13:35:13","slug":"almanya-degisim-dedi-hukumetin-gitmesini-isteyenlerin-orani-yuzde-64","status":"publish","type":"post","link":"https:\/\/haberulus.net\/?p=115451","title":{"rendered":"Almanya \u201cde\u011fi\u015fim\u201d dedi: H\u00fck\u00fcmetin gitmesini isteyenlerin oran\u0131 y\u00fczde 64"},"content":{"rendered":"<p>Insa ara\u015ft\u0131rma \u015firketinin \u201cBild am Sonntag\u201d gazetesi i\u00e7in yapt\u0131\u011f\u0131 ankette \u201cSizce h\u00fck\u00fcmet de\u011fi\u015fimi Almanya\u2019n\u0131n yarar\u0131na olur mu?\u201d sorusunu kat\u0131l\u0131mc\u0131lar\u0131n y\u00fczde 64\u2019\u00fc olumlu yan\u0131tlad\u0131.<\/p>\n<p>Kat\u0131l\u0131mc\u0131lar\u0131n yaln\u0131zca y\u00fczde 22\u2019si h\u00fck\u00fcmetin g\u00f6revine devam etmesini istedi.<\/p>\n<p>Almanya Ba\u015fbakan\u0131 Olaf Scholz\u2019un \u00e7al\u0131\u015fmalar\u0131ndan memnun olanlar\u0131n oran\u0131 da bir \u00f6nceki aya g\u00f6re 10 puan geriledi.<\/p>\n<p>Ankette Ba\u015fbakan Scholz\u2019un \u00e7al\u0131\u015fmalar\u0131ndan memnun olup olmad\u0131klar\u0131na ili\u015fkin soruya kat\u0131l\u0131mc\u0131lar\u0131n y\u00fczde 70\u2019i olumsuz yan\u0131t verdi.<\/p>\n<p>Kat\u0131l\u0131mc\u0131lar\u0131n y\u00fczde 49\u2019u ise mevcut h\u00fck\u00fcmetin bir \u00f6ncekinden \u201cdaha iyi i\u015f yapt\u0131\u011f\u0131n\u0131\u201d belirtti.<\/p>\n<p>Kamu yay\u0131nc\u0131s\u0131 ZDF\u2019nin \u201cPolitbarometer\u201d anketinde de kat\u0131l\u0131mc\u0131lar\u0131n y\u00fczde 58\u2019i, Alman h\u00fck\u00fcmetinin \u201ci\u015fini iyi yapmad\u0131\u011f\u0131\u201d g\u00f6r\u00fc\u015f\u00fcn\u00fc payla\u015ft\u0131.<\/p>\n<p>\u201cH\u00fck\u00fcmet, sorunlar\u0131n \u00e7\u00f6z\u00fcm\u00fc konusunda ilerleme sa\u011fl\u0131yor mu?\u201d sorusuna kat\u0131l\u0131mc\u0131lar\u0131n y\u00fczde 83\u2019\u00fc \u201cHay\u0131r\u201d, y\u00fczde 14\u2019\u00fc de \u201cEvet\u201d cevab\u0131n\u0131 verdi.<\/p>\n<p>Ankette Alman halk\u0131n\u0131n ekonominin gidi\u015fat\u0131ndan memnun olmad\u0131\u011f\u0131 da ortaya \u00e7\u0131kt\u0131. Ankete kat\u0131lanlar\u0131n y\u00fczde 61\u2019i ekonominin daha da k\u00f6t\u00fcle\u015fece\u011fine inand\u0131\u011f\u0131n\u0131 belirtti. (AA)<\/p>\n","protected":false},"excerpt":{"rendered":"<p>Almanya&#8217;da yap\u0131lan bir anket, kat\u0131l\u0131mc\u0131lar\u0131n yakla\u015f\u0131k 3&#8217;te 2&#8217;sinin, Sosyal Demokrat Parti (SPD), Ye\u015filler ve H\u00fcr Demokrat Parti&#8217;den (FPD) olu\u015fan ve &#8220;Trafik lambas\u0131&#8221; olarak adland\u0131r\u0131lan koalisyon h\u00fck\u00fcmetinin de\u011fi\u015fmesini istedi\u011fini ortaya koydu.<\/p>\n","protected":false},"author":1,"featured_media":115452,"comment_status":"closed","ping_status":"open","sticky":false,"template":"","format":"standard","meta":{"footnotes":""},"categories":[24],"tags":[156],"class_list":["post-115451","post","type-post","status-publish","format-standard","has-post-thumbnail","hentry","category-dunya","tag-hukumet"],"_links":{"self":[{"href":"https:\/\/haberulus.net\/index.php?rest_route=\/wp\/v2\/posts\/115451","targetHints":{"allow":["GET"]}}],"collection":[{"href":"https:\/\/haberulus.net\/index.php?rest_route=\/wp\/v2\/posts"}],"about":[{"href":"https:\/\/haberulus.net\/index.php?rest_route=\/wp\/v2\/types\/post"}],"author":[{"embeddable":true,"href":"https:\/\/haberulus.net\/index.php?rest_route=\/wp\/v2\/users\/1"}],"replies":[{"embeddable":true,"href":"https:\/\/haberulus.net\/index.php?rest_route=%2Fwp%2Fv2%2Fcomments&post=115451"}],"version-history":[{"count":1,"href":"https:\/\/haberulus.net\/index.php?rest_route=\/wp\/v2\/posts\/115451\/revisions"}],"predecessor-version":[{"id":115453,"href":"https:\/\/haberulus.net\/index.php?rest_route=\/wp\/v2\/posts\/115451\/revisions\/115453"}],"wp:featuredmedia":[{"embeddable":true,"href":"https:\/\/haberulus.net\/index.php?rest_route=\/wp\/v2\/media\/115452"}],"wp:attachment":[{"href":"https:\/\/haberulus.net\/index.php?rest_route=%2Fwp%2Fv2%2Fmedia&parent=115451"}],"wp:term":[{"taxonomy":"category","embeddable":true,"href":"https:\/\/haberulus.net\/index.php?rest_route=%2Fwp%2Fv2%2Fcategories&post=115451"},{"taxonomy":"post_tag","embeddable":true,"href":"https:\/\/haberulus.net\/index.php?rest_route=%2Fwp%2Fv2%2Ftags&post=115451"}],"curies":[{"name":"wp","href":"https:\/\/api.w.org\/{rel}","templated":true}]}}