{"id":115523,"date":"2023-08-19T16:19:02","date_gmt":"2023-08-19T16:19:02","guid":{"rendered":"https:\/\/haberulus.net\/?p=115523"},"modified":"2023-08-19T16:19:02","modified_gmt":"2023-08-19T16:19:02","slug":"chp-gozunu-ak-partinin-kalesine-dikti-yerel-secimlerde-konyayi-bile-alacagiz","status":"publish","type":"post","link":"https:\/\/haberulus.net\/?p=115523","title":{"rendered":"CHP g\u00f6z\u00fcn\u00fc AK Parti&#8217;nin kalesine dikti: Yerel se\u00e7imlerde Konya&#8217;y\u0131 bile alaca\u011f\u0131z"},"content":{"rendered":"<p>CHP S\u00f6zc\u00fcs\u00fc  <strong>Faik \u00d6ztrak<\/strong>, AK Parti&#8217;nin y\u00f6netimindeki belediyeleri alacaklar\u0131n\u0131 \u00f6ne s\u00fcrerek iddial\u0131 \u00e7\u0131k\u0131\u015fta bulundu. \u00d6ztrak, &#8220;Kongrelerimizle aya\u011fa kalk\u0131yoruz. Yerel se\u00e7imlerde tarihi ba\u015far\u0131ya imza ataca\u011f\u0131m\u0131za inan\u0131yoruz. Bu sefer Bursa, Bal\u0131kesir ve hatta Konya&#8217;y\u0131 bile alaca\u011f\u0131z. G\u00f6receksiniz&#8221; dedi.<\/p>\n<p><b>\u00d6ZTRAK&#8217;TAN D\u0130KKAT \u00c7EKEN \u00c7IKI\u015e<\/b><\/p>\n<p>\u0130zmir&#8217;de CHP \u00c7e\u015fme \u0130l\u00e7e Kongresi ger\u00e7ekle\u015fti. Kongreye kat\u0131lan CHP S\u00f6zc\u00fcs\u00fc Faik \u00d6ztrak dikkat \u00e7eken a\u00e7\u0131klamalarda bulundu. Daha \u00f6nce yerel se\u00e7imlerde &#8220;Tarih yazaca\u011f\u0131z&#8221; diyen Faik \u00d6ztrak, AK Parti&#8217;nin y\u00f6netimindeki belediyeleri alacaklar\u0131n\u0131 iddia etti.<\/p>\n<p><b>&#8220;KONYA&#8217;YI B\u0130LE ALACA\u011eIZ&#8221;<\/b><\/p>\n<p>\u00d6ztrak, &#8220;Se\u00e7imleri kazanamad\u0131k. &#8216;Biz kaybetmedik&#8217; dedi\u011fimiz zaman k\u0131z\u0131yorlar. Yere d\u00fc\u015f\u00fcp kalkam\u0131yorsan\u0131z kaybetmi\u015fsinizdir. Kongrelerimizle aya\u011fa kalk\u0131yoruz. Yerel se\u00e7imlerde tarihi ba\u015far\u0131ya imza ataca\u011f\u0131m\u0131za inan\u0131yoruz. Bu sefer Bursa, Bal\u0131kesir ve hatta Konya&#8217;y\u0131 bile alaca\u011f\u0131z. G\u00f6receksiniz&#8221; ifadelerini kulland\u0131.<\/p>\n<p><b>&#8220;BU SE\u00c7\u0130M\u0130 ALACA\u011eIZ&#8221;<\/b><\/p>\n<p>CHP i\u00e7indeki &#8220;de\u011fi\u015fim&#8221; tart\u0131\u015fmalar\u0131na da de\u011finen \u00d6ztrak, &#8220;Duygusal kopu\u015fun en b\u00fcy\u00fc\u011f\u00fc kar\u015f\u0131 cephede ya\u015fan\u0131yor. G\u00fcvendikleri tek \u015fey bizi darmada\u011f\u0131n etmek. Biz hep birlikteyiz, bu se\u00e7imi alaca\u011f\u0131z. Bu y\u0131l bizim y\u00fcz\u00fcnc\u00fc y\u0131l\u0131m\u0131z. Bu y\u00fcz\u00fcnc\u00fc y\u0131l CHP&#8217;liler olarak b\u00fcy\u00fck bir co\u015fkuyla kutlayaca\u011f\u0131z.&#8221; dedi.<\/p>\n<p><b>&#8220;YEN\u0130LG\u0130 YA\u015eATAB\u0130L\u0130RSEK HER \u015eEY DE\u011e\u0130\u015eECEK&#8221;<\/b><\/p>\n<p>CHP S\u00f6zc\u00fcs\u00fc \u00d6ztrak, &#8220;Bu  <strong>se\u00e7im<\/strong> bir a\u015famayd\u0131 2024&#8217;teki se\u00e7imler ile sonu\u00e7lanacak. Kar\u015f\u0131 tarafa yenilgi ya\u015fatabilirsek her \u015fey de\u011fi\u015fecek. Bu se\u00e7imde genel ba\u015fkan\u0131m\u0131z, Cumhurba\u015fkan\u0131 aday\u0131m\u0131z Kemal K\u0131l\u0131\u00e7daro\u011flu 25.5 milyon se\u00e7menin oyunu ald\u0131. 30-35 milyon oy olarak AKP&#8217;nin gidi\u015finin \u00f6n\u00fcn\u00fc a\u00e7aca\u011f\u0131z&#8221; \u015feklinde konu\u015ftu.<\/p>\n","protected":false},"excerpt":{"rendered":"<p>\u0130zmir&#8217;de \u00c7e\u015fme il\u00e7e kongresinde konu\u015fan CHP S\u00f6zc\u00fcs\u00fc Faik \u00d6ztrak, yerel se\u00e7imlerde AK Parti&#8217;nin y\u00f6netiminde olan belediyeleri de alacaklar\u0131n\u0131 iddia etti. Daha \u00f6nce yerel se\u00e7imlerde, &#8220;Tarih yazaca\u011f\u0131z&#8221; diyen \u00d6ztrak, &#8220;Kongrelerimizle aya\u011fa kalk\u0131yoruz. Yerel se\u00e7imlerde tarihi ba\u015far\u0131ya imza ataca\u011f\u0131m\u0131za inan\u0131yoruz. Bu sefer Bursa, Bal\u0131kesir ve hatta Konya&#8217;y\u0131 bile alaca\u011f\u0131z. G\u00f6receksiniz&#8221; ifadelerini kulland\u0131.<\/p>\n","protected":false},"author":1,"featured_media":115524,"comment_status":"closed","ping_status":"open","sticky":false,"template":"","format":"standard","meta":{"footnotes":""},"categories":[28],"tags":[1089,1929,320],"class_list":["post-115523","post","type-post","status-publish","format-standard","has-post-thumbnail","hentry","category-politika","tag-chp","tag-oztrak","tag-secim"],"_links":{"self":[{"href":"https:\/\/haberulus.net\/index.php?rest_route=\/wp\/v2\/posts\/115523","targetHints":{"allow":["GET"]}}],"collection":[{"href":"https:\/\/haberulus.net\/index.php?rest_route=\/wp\/v2\/posts"}],"about":[{"href":"https:\/\/haberulus.net\/index.php?rest_route=\/wp\/v2\/types\/post"}],"author":[{"embeddable":true,"href":"https:\/\/haberulus.net\/index.php?rest_route=\/wp\/v2\/users\/1"}],"replies":[{"embeddable":true,"href":"https:\/\/haberulus.net\/index.php?rest_route=%2Fwp%2Fv2%2Fcomments&post=115523"}],"version-history":[{"count":1,"href":"https:\/\/haberulus.net\/index.php?rest_route=\/wp\/v2\/posts\/115523\/revisions"}],"predecessor-version":[{"id":115525,"href":"https:\/\/haberulus.net\/index.php?rest_route=\/wp\/v2\/posts\/115523\/revisions\/115525"}],"wp:featuredmedia":[{"embeddable":true,"href":"https:\/\/haberulus.net\/index.php?rest_route=\/wp\/v2\/media\/115524"}],"wp:attachment":[{"href":"https:\/\/haberulus.net\/index.php?rest_route=%2Fwp%2Fv2%2Fmedia&parent=115523"}],"wp:term":[{"taxonomy":"category","embeddable":true,"href":"https:\/\/haberulus.net\/index.php?rest_route=%2Fwp%2Fv2%2Fcategories&post=115523"},{"taxonomy":"post_tag","embeddable":true,"href":"https:\/\/haberulus.net\/index.php?rest_route=%2Fwp%2Fv2%2Ftags&post=115523"}],"curies":[{"name":"wp","href":"https:\/\/api.w.org\/{rel}","templated":true}]}}