{"id":115597,"date":"2023-08-19T19:51:08","date_gmt":"2023-08-19T19:51:08","guid":{"rendered":"https:\/\/haberulus.net\/?p=115597"},"modified":"2023-08-19T19:51:08","modified_gmt":"2023-08-19T19:51:08","slug":"caykur-rizespor-teknik-direktoru-ilhan-palut-kirmizi-karttan-sonra-uretmekte-zorlandik","status":"publish","type":"post","link":"https:\/\/haberulus.net\/?p=115597","title":{"rendered":"\u00c7aykur Rizespor Teknik Direkt\u00f6r\u00fc \u0130lhan Palut: \u201cK\u0131rm\u0131z\u0131 karttan sonra \u00fcretmekte zorland\u0131k\u201d"},"content":{"rendered":"<p>Trendyol S\u00fcper Lig\u2019in 2. haftas\u0131nda sahas\u0131nda Corendon Alanyaspor ile 0-0 berabere kalan \u00c7aykur Rizespor\u2019un teknik direkt\u00f6r\u00fc \u0130lhan Palut, \u201cK\u0131rm\u0131z\u0131 karttan sonra bir ki\u015fi fazla olmam\u0131za ra\u011fmen \u00fcretmekte, pozisyon bulmakta zorluk \u00e7ektik, \u00fcretmeliydik.\u201d dedi.<\/p>\n<p>\u0130lhan Palut, ma\u00e7\u0131n ard\u0131ndan d\u00fczenlenen bas\u0131n toplant\u0131s\u0131nda ilk i\u00e7 saha ma\u00e7\u0131nda iyi m\u00fccadele etmek, kazanmak i\u00e7in sahada yer ald\u0131klar\u0131n\u0131, ilk b\u00f6l\u00fcm\u00fc iyi oynad\u0131klar\u0131n\u0131 belirtti.<\/p>\n<p>\u0130yi m\u00fccadele ettiklerine de\u011finen Palut, \u201cK\u0131rm\u0131z\u0131 kart olana kadar rakibe hi\u00e7 pozisyon vermedik. Son paslarda karar\u0131m\u0131z iyi de\u011fildi. \u0130kinci yar\u0131 \u00e7ok iyi ba\u015flad\u0131k. K\u0131rm\u0131z\u0131 karta kadar oyunu domino ettik. K\u0131rm\u0131z\u0131 karttan sonra rakibimiz topun arkas\u0131na ge\u00e7erek alanlar\u0131 kapatt\u0131. K\u0131rm\u0131z\u0131 karttan sonra bir ki\u015fi fazla olmam\u0131za ra\u011fmen \u00fcretmekte, pozisyon bulmakta zorluk \u00e7ektik, \u00fcretmeliydik.\u201d diye konu\u015ftu.<\/p>\n<p>Kapal\u0131 defanslar\u0131 a\u00e7mak i\u00e7in oyuncu tiplerinin \u00e7ok \u00f6nemli oldu\u011funun alt\u0131n\u0131 \u00e7izen Palut, \u201cS\u00fcper Lig\u2019de ilk ma\u00e7lar\u0131n\u0131 oynayan bir \u00e7ok oyuncu ile m\u00fccadele ediyoruz. Onlar\u0131n g\u00f6revlerine sadakatinden sonra derece memnunuz. Geli\u015fim iyi gidiyor ama demek ki kazanacak kadar geli\u015ftirememi\u015fiz. Onlardan daha y\u00fcksek performanslar almaya \u00e7al\u0131\u015faca\u011f\u0131z.\u201d ifadelerini kulland\u0131.<\/p>\n<p>Corendon Alanyaspor kar\u015f\u0131s\u0131nda yeni oyuncular\u0131n puan almas\u0131n\u0131n moral a\u00e7\u0131s\u0131ndan \u00f6nemli oldu\u011funu vurgulayan Palut, \u015f\u00f6yle devam etti:<\/p>\n<p>\u201cGen\u00e7 oyunculardan olu\u015fan bir tak\u0131m\u0131n daha \u00f6z g\u00fcvenli oynamas\u0131 ad\u0131na puan \u00f6nemli. En az d\u00f6rt mevkiye daha oyuncu alaca\u011f\u0131z. Mevcut oyuncular\u0131m\u0131z\u0131n m\u00fccadelelerini yok saym\u0131yorum. Onlara b\u00fcy\u00fck sayg\u0131 duyuyoruz. Bu ligin ger\u00e7eklerine uygun bir kadro olu\u015ftural\u0131m, gelen oyunculardan daha iyi olanlara sayg\u0131 duyaca\u011f\u0131z. Gelen oyuncular, eksilen oyuncular olabilir. S\u00fcper Lig\u2019de daha iyi i\u015fler yapmak do\u011fru hamleler yapmak istiyoruz. Camiam\u0131z biraz daha sab\u0131rl\u0131 olsun. G\u00fcn\u00fcn sonunda iyi bir tak\u0131m olaca\u011f\u0131z. M\u00fccadelemizi s\u00fcrd\u00fcrece\u011fiz.\u201d<\/p>\n","protected":false},"excerpt":{"rendered":"<p>\u00c7aykur Rizespor teknik direkt\u00f6r\u00fc \u0130lhan Palut, Trendyol S\u00fcper Lig&#8217;in 2. haftas\u0131nda evinde 0-0 beraberlikle ayr\u0131ld\u0131klar\u0131 Alanyaspor ma\u00e7\u0131n\u0131 de\u011ferlendirdi. Gen\u00e7 oyunculara vurgu yapan Palut, taraftardan sab\u0131r istedi.<\/p>\n","protected":false},"author":1,"featured_media":115598,"comment_status":"closed","ping_status":"open","sticky":false,"template":"","format":"standard","meta":{"footnotes":""},"categories":[31],"tags":[2320,5484,102,197,10405],"class_list":["post-115597","post","type-post","status-publish","format-standard","has-post-thumbnail","hentry","category-spor","tag-kart","tag-kirmizi","tag-mucadele","tag-oyuncu","tag-palut"],"_links":{"self":[{"href":"https:\/\/haberulus.net\/index.php?rest_route=\/wp\/v2\/posts\/115597","targetHints":{"allow":["GET"]}}],"collection":[{"href":"https:\/\/haberulus.net\/index.php?rest_route=\/wp\/v2\/posts"}],"about":[{"href":"https:\/\/haberulus.net\/index.php?rest_route=\/wp\/v2\/types\/post"}],"author":[{"embeddable":true,"href":"https:\/\/haberulus.net\/index.php?rest_route=\/wp\/v2\/users\/1"}],"replies":[{"embeddable":true,"href":"https:\/\/haberulus.net\/index.php?rest_route=%2Fwp%2Fv2%2Fcomments&post=115597"}],"version-history":[{"count":1,"href":"https:\/\/haberulus.net\/index.php?rest_route=\/wp\/v2\/posts\/115597\/revisions"}],"predecessor-version":[{"id":115599,"href":"https:\/\/haberulus.net\/index.php?rest_route=\/wp\/v2\/posts\/115597\/revisions\/115599"}],"wp:featuredmedia":[{"embeddable":true,"href":"https:\/\/haberulus.net\/index.php?rest_route=\/wp\/v2\/media\/115598"}],"wp:attachment":[{"href":"https:\/\/haberulus.net\/index.php?rest_route=%2Fwp%2Fv2%2Fmedia&parent=115597"}],"wp:term":[{"taxonomy":"category","embeddable":true,"href":"https:\/\/haberulus.net\/index.php?rest_route=%2Fwp%2Fv2%2Fcategories&post=115597"},{"taxonomy":"post_tag","embeddable":true,"href":"https:\/\/haberulus.net\/index.php?rest_route=%2Fwp%2Fv2%2Ftags&post=115597"}],"curies":[{"name":"wp","href":"https:\/\/api.w.org\/{rel}","templated":true}]}}