{"id":115691,"date":"2023-08-20T03:05:03","date_gmt":"2023-08-20T03:05:03","guid":{"rendered":"https:\/\/haberulus.net\/?p=115691"},"modified":"2023-08-20T03:05:03","modified_gmt":"2023-08-20T03:05:03","slug":"bekamiz-icin-sinir-mayinlanmali","status":"publish","type":"post","link":"https:\/\/haberulus.net\/?p=115691","title":{"rendered":"Bekam\u0131z i\u00e7in s\u0131n\u0131r may\u0131nlanmal\u0131"},"content":{"rendered":"<p><strong>Orkun <\/strong>\u00d6zeller, \u00d6zel Kuvvetler Komutanl\u0131\u011f\u0131&#8217;ndan albay r\u00fctbesiyle emekliye ayr\u0131ld\u0131. G\u00f6revde bulundu\u011fu d\u00f6nemde s\u0131n\u0131r boylar\u0131n\u0131 g\u00f6zlemliyor, \u00f6nlemlerin en \u00fcst seviyede al\u0131nmas\u0131 i\u00e7in neler yap\u0131lmas\u0131 gerekti\u011fini belirliyorlard\u0131. Orkun Albay bug\u00fcn farkl\u0131 yerde duruyor. Bu kez, k\u00f6yl\u00fcn\u00fcn, \u00e7oban\u0131n yerine, onlar\u0131n askerin hal ve hareketlerinden ne anlamlar \u00e7\u0131kar\u0131ld\u0131\u011f\u0131n\u0131 g\u00f6zlemledi. \u0130Y\u0130 Parti Bursa Milletvekili Sel\u00e7uk T\u00fcrko\u011flu ile birlikte s\u0131n\u0131r k\u00f6ylerine gitti. \u0130zlenimlerini ve \u00e7\u00f6z\u00fcm \u00f6nerilerini S\u00d6ZC\u00dc&#8217;ye \u015f\u00f6yle anlatt\u0131:<\/p>\n<div><img decoding=\"async\" src=\"https:\/\/i01.sozcucdn.com\/wp-content\/uploads\/2023\/08\/20\/09-saygi-2.jpg\" alt=\"\" title=\"\"><\/p>\n<p>\u0130Y\u0130 Partililer, s\u0131n\u0131rda incelemeler yapt\u0131, k\u00f6yl\u00fcleri dinledi.<\/p>\n<\/div>\n<p><strong>DUVARSIZ YERLER OTOBAN!<\/strong><\/p>\n<p>\u201cVan&#8217;\u0131n Ba\u015fkale, Saray ve \u00d6zalp il\u00e7eleri insan ka\u00e7ak\u00e7\u0131l\u0131\u011f\u0131n\u0131n en fazla yap\u0131ld\u0131\u011f\u0131 yer. \u0130ran s\u0131n\u0131r\u0131nda duvar ve fiziki engeller b\u00fcy\u00fck \u00f6l\u00e7\u00fcde tamamlanm\u0131\u015f.\u00a0 Ama may\u0131nl\u0131 alanlar\u0131n temizlenmesi, hudutlar\u0131m\u0131zda \u00f6zellikle duvar\u0131n olmad\u0131\u011f\u0131 yerleri adeta otobana \u00e7evirmi\u015f. Kara may\u0131nlar\u0131n\u0131n temizlenmesini gerektiren Ottowa S\u00f6zle\u015fmesinden derhal \u00e7\u0131k\u0131p tekrar o alanlar may\u0131nlanmal\u0131. \u00dclke g\u00fcvenli\u011fi ve bekas\u0131 i\u00e7in may\u0131nlanman\u0131n gerekti\u011fini net ifade edebilirim. \u00d6n\u00fcm\u00fczdeki y\u0131llarda k\u00fcresel \u0131s\u0131nman\u0131n etkisiyle yahut da Afganistan, Pakistan, Hindistan gibi b\u00f6lgelerde ya\u015fanabilecek \u00e7at\u0131\u015fmalar, kaoslar yine insanlar\u0131 planl\u0131 ya da plans\u0131z bir zorunlu g\u00f6\u00e7e insan ak\u0131n\u0131na tutabilir. O y\u00fczden hudutlar\u0131m\u0131z\u0131n al\u0131nm\u0131\u015f olan tedbirleri artt\u0131r\u0131larak korunmaya devam edilmesi \u015fartt\u0131r.\u201d<\/p>\n<p><strong>DUVARIN Y\u00dcKSEKL\u0130\u011e\u0130 YETERL\u0130 M\u0130?<\/strong><\/p>\n<p>\u201cG\u00f6revdeyken, hep \u2018Yap\u0131lan duvar\u0131n y\u00fcksekli\u011fi yeterli mi?&#8217; diye d\u00fc\u015f\u00fcn\u00fcrd\u00fcm. Tel \u00f6rg\u00fcs\u00fcyle birlikte 4.5 metre olan bu y\u00fcksekli\u011fi r\u00fctbeli askerler yeterli bulmuyordu. S\u0131n\u0131r k\u00f6yl\u00fclerine \u2018Bu duvarlar ka\u00e7ak ge\u00e7i\u015flere engel olur mu?&#8217; diye sordum. K\u00f6yl\u00fcler \u2018Buraya k\u0131\u015f\u0131n \u00f6yle bir kar ya\u011far ki duvar\u0131n \u00fczerinden y\u00fcr\u00fcyerek ge\u00e7eriz. Kar\u0131n y\u00fcksekli\u011fi duvar\u0131 ge\u00e7er. Ba\u015fka mevsimde ge\u00e7i\u015flerde sisli, ya\u011fmurlu havalar se\u00e7ilir ki \u2018\u0130HA ve S\u0130HA&#8217;lar, kameralar g\u00f6rmesin&#8217; dediler. \u015eimdi duvarlar, tel \u00f6rg\u00fclerle yetinilmiyor, teknik imkanlar da s\u0131n\u0131r boylar\u0131nda art\u0131r\u0131l\u0131yor.\u201d<\/p>\n<div><img decoding=\"async\" src=\"https:\/\/i01.sozcucdn.com\/wp-content\/uploads\/2023\/08\/20\/09-saygi-3.jpg\" alt=\"\" title=\"\"><\/p>\n<p>\u00d6zeller s\u0131f\u0131r noktas\u0131nda.<\/p>\n<\/div>\n<p><strong>ASKER \u0130STERSE KU\u015e U\u00c7MAZ<\/strong><\/p>\n<p>\u201cKonu\u015ftu\u011fum herkesin ortak c\u00fcmlesi \u2018Asker isterse buradan ku\u015f u\u00e7urtmaz.&#8217; Bunu asker de s\u00f6yl\u00fcyor, yerel halk da s\u00f6yl\u00fcyor. Peki \u015fimdi diyeceksin \u2018Bir y\u0131l \u00f6nce b\u0131rak\u0131n ku\u015fu, y\u00fczbinlerce insan nas\u0131l s\u0131n\u0131r\u0131 ka\u00e7ak ge\u00e7ti?&#8217; K\u00f6yl\u00fc diyor ki, \u2018\u0130nsanlar adeta ak\u0131yordu. Ge\u00e7en y\u0131llar askere bu tedbirleri ald\u0131rm\u0131yorlard\u0131.&#8217; Burada \u2018B\u0131rak\u0131n ge\u00e7sinler&#8217; mant\u0131\u011f\u0131n\u0131 g\u00f6rebiliyoruz. Bir g\u00fc\u00e7 askeri d\u0131\u015far\u0131 \u00e7\u0131kartmam\u0131\u015f, devriye att\u0131rmam\u0131\u015f. Bunlara g\u00f6z yumulmas\u0131n\u0131 sa\u011flam\u0131\u015f. \u015eimdi \u2018Ka\u00e7ak ge\u00e7i\u015fler olmuyor&#8217; diye iddia eden yetkililere de \u2018T\u00fcrkiye&#8217;nin i\u00e7erisine bak\u0131n. Bunlar nereden geldi?&#8217; diye sorar\u0131m. Milyonlarca ka\u00e7ak insan duvar yokken bile bu kadar ge\u00e7mezmi\u015f. Duvara ra\u011fmen ak\u0131n ak\u0131n ge\u00e7ilmi\u015f.\u201d<\/p>\n<p><strong>\u0130RAN, GE\u00c7\u0130\u015eLERE KARI\u015eMIYOR\u00a0<\/strong><\/p>\n<p>\u0130ran askerleri, yabanc\u0131lar\u0131n s\u0131n\u0131r\u0131m\u0131za ge\u00e7i\u015flerine b\u0131rak\u0131n engel olmay\u0131, ge\u00e7i\u015fleri te\u015fvik ediyor. \u0130ran askerlerinin bilgisi d\u0131\u015f\u0131nda yap\u0131lacak bir ge\u00e7i\u015fte hi\u00e7 ac\u0131madan ate\u015f ediyor, \u00f6ld\u00fcr\u00fcyorlar. T\u00fcrk askeri insan haklar\u0131na duyarl\u0131 olarak hareket ediyor. S\u0131n\u0131rda \u00f6zel yetkili, \u00f6zel donan\u0131ml\u0131 birlikler gerekiyor. Orada \u00e7ok \u015feyler konu\u015ftuk. Askerlerle ilgili de iddialarda bulundular. Onlar\u0131n s\u00f6ylemesi maksatl\u0131 da olur. O y\u00fczden iddialar\u0131n da ara\u015ft\u0131r\u0131lmas\u0131 gerekir. Baz\u0131 art niyetli insanlarda \u00f6zellikle askere zarar verebilmek ad\u0131na ve bu \u015fekilde ithamlarda bulunabiliyorlar.\u201d<\/p>\n<p><strong>ABD&#8217;N\u0130N VERD\u0130\u011e\u0130 \u00d6D\u00dcL\u00dc REDDETT\u0130<\/strong><\/p>\n<p>2021&#8217;de kendi iste\u011fiyle emekliye ayr\u0131lan Albay Orkun \u00d6zeller, ABD taraf\u0131ndan 2017&#8217;de verilen \u00f6d\u00fcl\u00fc \u201cBu madalyay\u0131 verenler benim d\u00fc\u015fman\u0131m olan YPG ile i\u015fbirli\u011fi i\u00e7indedir\u201d diyerek almad\u0131. 2003&#8217;te Kosova&#8217;da Alman erlerin yapt\u0131\u011f\u0131 sayg\u0131s\u0131zl\u0131\u011fa an\u0131nda cevap verip T\u00fcrk subay\u0131n\u0131n itibar\u0131n\u0131 koruyan asker olarak tarihe ge\u00e7ti.<\/p>\n<p><b>T\u00fcrko\u011flu ka\u00e7ak g\u00f6\u00e7\u00fc Meclis&#8217;e ta\u015f\u0131yacak<\/b><\/p>\n<p>Orkun \u00d6zeller ile birlikte \u0130ran s\u0131n\u0131r\u0131nda incelemeler yapan \u0130Y\u0130 Parti Bursa Milletvekili Sel\u00e7uk T\u00fcrko\u011flu konuyu TBMM g\u00fcndemine ta\u015f\u0131yacak. Meclise vermek i\u00e7in bir soru \u00f6nergesi haz\u0131rlayan T\u00fcrko\u011flu, izlenimlerini de yapaca\u011f\u0131 konu\u015fmada anlatarak konuya t\u00fcm vekillerin dikkatini \u00e7ekecek.<\/p>\n<div><img decoding=\"async\" src=\"https:\/\/i01.sozcucdn.com\/wp-content\/uploads\/2023\/08\/20\/09-saygi-4.jpg\" alt=\"\" title=\"\"><\/p>\n<p>T\u00fcrko\u011flu, \u0130ran&#8217;a gitti geldi. Kimse \u2018Dur&#8217; demedi.<\/p>\n<\/div>\n<p><b>\u0130nsan ka\u00e7ak\u00e7\u0131l\u0131\u011f\u0131nda b\u00fcy\u00fck para d\u00f6n\u00fcyor<\/b><\/p>\n<p><strong>ESK\u0130<\/strong> Albay Orkun \u00d6zeller, b\u00f6lgedeki halk\u0131n adeta insan ka\u00e7ak\u00e7\u0131l\u0131\u011f\u0131na mahkum edildi\u011fini vurgulayarak \u015fu tespitleri dile getirdi:<\/p>\n<p>\u201cNeden mahkum edilmi\u015f vaziyette? \u0130ran taraf\u0131na bak\u0131yor. Bir litre mazot bir lira. Elektrik, su neredeyse bedava. Hayat orada o \u015fekilde ak\u0131yorken kendisi olduk\u00e7a zor \u015fartlarda pahal\u0131 bir hayat s\u00fcr\u00fcyor ka\u00e7ak\u00e7\u0131l\u0131k onun i\u00e7in b\u00fcy\u00fck bir i\u015f imkan\u0131, bir meslek haline gelmi\u015f oluyor. \u0130nsan ka\u00e7ak\u00e7\u0131l\u0131\u011f\u0131 yapanlardan \u00f6rne\u011fin baba yakalan\u0131yorsa, i\u015fi bu kez o\u011flu s\u00fcrd\u00fcr\u00fcyor. Bu yap\u0131 hep s\u00fcr\u00fcyor. Bu i\u015fte b\u00fcy\u00fck paralar d\u00f6n\u00fcyor. \u00d6rne\u011fin Afganistan&#8217;dan \u00e7\u0131kan grubun ge\u00e7i\u015f paras\u0131 her teslim noktas\u0131nda ka\u00e7ak\u00e7\u0131ya veriliyor. Ka\u00e7ak ge\u00e7i\u015flerde ki\u015fi ba\u015f\u0131na 8 ile 10 bin dolar \u00f6deniyor.\u201d<\/p>\n<p><strong>SOYLU DOKUNMUYORDU!<\/strong><\/p>\n<p>Orkun \u00d6zeller, eski \u0130\u00e7i\u015fleri Bakan\u0131 S\u00fcleyman Soylu d\u00f6nemine de de\u011finerek \u201cO zaman oralarda ben g\u00f6rev yapt\u0131m. \u0130nsan ka\u00e7ak\u00e7\u0131l\u0131\u011f\u0131 yapan organize su\u00e7 \u015febekeleri oldu\u011funu duyuyorduk. O \u015febekelere y\u00f6nelik etkili operasyon olmazken, S\u00fcleyman Soylu gittikten sonra yeni gelen \u0130\u00e7i\u015fleri Bakan\u0131m\u0131z Ali Yerlikaya bu \u015febekeler \u00fczerine gitti ve pek \u00e7ok operasyonla pek \u00e7ok \u015febeke \u00e7\u00f6kertildi. Ama daha \u00f6nce bunlar yap\u0131lm\u0131yordu\u201d dedi.<\/p>\n<p><b>Vizeli giren 790 bin ki\u015fi bir daha \u00e7\u0131kmad\u0131<\/b><\/p>\n<p><strong>Orkun <\/strong>\u00d6zeller, s\u0131n\u0131r\u0131m\u0131z\u0131 ka\u00e7ak ge\u00e7enlerden \u00e7ok yasal yollarla gelenlerin daha b\u00fcy\u00fck sorun oldu\u011funu s\u00f6yledi ve ekledi: \u201cTurist vizesi\u00a0 alan, T\u00fcrkiye&#8217;de i\u015f yeri a\u00e7aca\u011f\u0131n\u0131 s\u00f6yleyenler T\u00fcrkiye&#8217;ye geliyor. Bir merdiven alt\u0131 yeri a\u00e7\u0131p vergi vermeden ticari hayat\u0131 d\u00f6nd\u00fcren ki\u015filer var. Gelen bir daha gitmiyor. Kanundaki bu bo\u015fluklar\u0131 gidermek gerekiyor. Sadece turist vizesi ile giri\u015f yapanlardan 790 bin ki\u015fi T\u00fcrkiye&#8217;de ka\u00e7ak olarak bulunuyor.\u201d<\/p>\n","protected":false},"excerpt":{"rendered":"<p>Orkun \u00d6zeller ka\u00e7ak ge\u00e7i\u015flerin en fazla k\u0131\u015f\u0131n ya\u015fand\u0131\u011f\u0131n\u0131 s\u00f6yledi. Gerek\u00e7esini de \u201c\u00c7\u00fcnk\u00fc duvar boyunda kar ya\u011f\u0131yor. \u00dczerinden y\u00fcr\u00fcyerek ge\u00e7iliyor\u201d diye a\u00e7\u0131klad\u0131.<\/p>\n","protected":false},"author":1,"featured_media":115692,"comment_status":"closed","ping_status":"open","sticky":false,"template":"","format":"standard","meta":{"footnotes":""},"categories":[26],"tags":[274,5431,500,694,1754],"class_list":["post-115691","post","type-post","status-publish","format-standard","has-post-thumbnail","hentry","category-gundem","tag-asker","tag-duvar","tag-insan","tag-kacak","tag-sinir"],"_links":{"self":[{"href":"https:\/\/haberulus.net\/index.php?rest_route=\/wp\/v2\/posts\/115691","targetHints":{"allow":["GET"]}}],"collection":[{"href":"https:\/\/haberulus.net\/index.php?rest_route=\/wp\/v2\/posts"}],"about":[{"href":"https:\/\/haberulus.net\/index.php?rest_route=\/wp\/v2\/types\/post"}],"author":[{"embeddable":true,"href":"https:\/\/haberulus.net\/index.php?rest_route=\/wp\/v2\/users\/1"}],"replies":[{"embeddable":true,"href":"https:\/\/haberulus.net\/index.php?rest_route=%2Fwp%2Fv2%2Fcomments&post=115691"}],"version-history":[{"count":1,"href":"https:\/\/haberulus.net\/index.php?rest_route=\/wp\/v2\/posts\/115691\/revisions"}],"predecessor-version":[{"id":115693,"href":"https:\/\/haberulus.net\/index.php?rest_route=\/wp\/v2\/posts\/115691\/revisions\/115693"}],"wp:featuredmedia":[{"embeddable":true,"href":"https:\/\/haberulus.net\/index.php?rest_route=\/wp\/v2\/media\/115692"}],"wp:attachment":[{"href":"https:\/\/haberulus.net\/index.php?rest_route=%2Fwp%2Fv2%2Fmedia&parent=115691"}],"wp:term":[{"taxonomy":"category","embeddable":true,"href":"https:\/\/haberulus.net\/index.php?rest_route=%2Fwp%2Fv2%2Fcategories&post=115691"},{"taxonomy":"post_tag","embeddable":true,"href":"https:\/\/haberulus.net\/index.php?rest_route=%2Fwp%2Fv2%2Ftags&post=115691"}],"curies":[{"name":"wp","href":"https:\/\/api.w.org\/{rel}","templated":true}]}}