{"id":115739,"date":"2023-08-20T07:05:03","date_gmt":"2023-08-20T07:05:03","guid":{"rendered":"https:\/\/haberulus.net\/?p=115739"},"modified":"2023-08-20T07:05:03","modified_gmt":"2023-08-20T07:05:03","slug":"cumhurbaskani-erdoganin-bas-donduren-diplomasi-trafigi","status":"publish","type":"post","link":"https:\/\/haberulus.net\/?p=115739","title":{"rendered":"Cumhurba\u015fkan\u0131 Erdo\u011fan&#8217;\u0131n ba\u015f d\u00f6nd\u00fcren diplomasi trafi\u011fi"},"content":{"rendered":"<p>Cumhurba\u015fkan\u0131 Recep Tayyip Erdo\u011fan, \u00f6n\u00fcm\u00fczdeki hafta ve sonras\u0131nda yo\u011fun bir diplomasi trafi\u011fi y\u00fcr\u00fctecek. Erdo\u011fan, bug\u00fcn Macaristan Ba\u015fbakan\u0131 Viktor Orban ile g\u00f6r\u00fc\u015fmek \u00fczere Macaristan&#8217;a gidecek. A\u011fustos ay\u0131 sonunda Rus mevkida\u015f\u0131 Vladimir Putin ile bir araya gelmesi planlan Cumhurba\u015fkan\u0131 Erdo\u011fan, 9-10 Eyl\u00fcl tarihleri aras\u0131nda Hindistan&#8217;da d\u00fczenlenecek G-20 Zirvesi&#8217;ne kat\u0131lacak. G-20&#8217;nin ard\u0131ndan ise BM&#8217;nin 78. Genel Kurulu&#8217;na kat\u0131lmak \u00fczere eyl\u00fcl ay\u0131 ortalar\u0131nda ABD&#8217;yi ziyaret edecek.<\/p>\n<p><b>BUDAPE\u015eTE G\u00dcNDEM\u0130<\/b><\/p>\n<p>Cumhurba\u015fkan\u0131 Erdo\u011fan, bug\u00fcn Macaristan Ba\u015fbakan\u0131 Orban ile ba\u015fkent Budape\u015fte&#8217;de bir araya gelecek. \u0130ki \u00fclke aras\u0131nda stratejik ortak seviyesine y\u00fckseltilen ili\u015fkiler ve Rusya-Ukrayna Sava\u015f\u0131 ba\u015fta olmak \u00fczere kritik b\u00f6lgesel geli\u015fmeler liderlerin ana g\u00fcndem maddesi olacak. Ticaretin geli\u015ftirilmesi, ekonomik ve k\u00fclt\u00fcrel alanlarda i\u015fbirli\u011fi konular\u0131 da g\u00f6r\u00fc\u015f\u00fclecek. Erdo\u011fan&#8217;\u0131n, Macaristan Milli G\u00fcn\u00fc dolay\u0131s\u0131yla Budape\u015fte&#8217;de d\u00fczenlenecek kutlama t\u00f6renine de kat\u0131lmas\u0131 bekleniyor.<\/p>\n<p><b>PUT\u0130N \u0130LE B\u0130R ARAYA GELECEK <\/b><\/p>\n<p>Cumhurba\u015fkan\u0131 Erdo\u011fan&#8217;\u0131n bu ay sonunda Rusya Devlet Ba\u015fkan\u0131 Vladimir Putin ile bir araya gelmesi planlan\u0131yor. Kritik g\u00f6r\u00fc\u015fmenin tarihi ve yeri \u00fczerinde iki \u00fclke heyetlerinin teknik \u00e7al\u0131\u015fmalar\u0131 s\u00fcrerken, g\u00f6r\u00fc\u015fmenin Rusya&#8217;da m\u0131 yoksa T\u00fcrkiye&#8217;de mi yap\u0131laca\u011f\u0131 hen\u00fcz netlik kazanm\u0131\u015f de\u011fil. <\/p>\n<p><b>G-20 TOPLANTISI H\u0130ND\u0130STAN&#8217;DA <\/b><\/p>\n<p>Erdo\u011fan, 9-10 Eyl\u00fcl tarihlerinde bu y\u0131l G-20 Zirvesi&#8217;ne ev sahipli\u011fi yapan Hindistan&#8217;\u0131 ziyaret edecek. G-20 toplant\u0131s\u0131 s\u0131ras\u0131nda Erdo\u011fan&#8217;\u0131n muhataplar\u0131yla ikili temaslarda bulunmas\u0131 da bekleniyor. <\/p>\n<p><b>BM GENEL KURULU&#8217;NDA KONU\u015eMA YAPACAK<\/b><\/p>\n<p>G-20 Zirvesi&#8217;nin ard\u0131ndan Cumhurba\u015fkan\u0131 Erdo\u011fan, Birle\u015fmi\u015f Milletler (BM) 78. Genel Kurulu&#8217;na kat\u0131lmak \u00fczere ABD&#8217;ye gidecek. BM Genel Kurul Salonu&#8217;nda g\u00f6r\u00fc\u015fmelere kat\u0131lacak olan Erdo\u011fan, BM k\u00fcrs\u00fcnden konu\u015fma da yapacak. 17-21 Eyl\u00fcl tarihlerinde planlanan ABD ziyaretinde Erdo\u011fan&#8217;\u0131n \u00e7ok say\u0131da liderle de bir araya gelmesi bekleniyor.<\/p>\n","protected":false},"excerpt":{"rendered":"<p>Cumhurba\u015fkan\u0131 Erdo\u011fan bug\u00fcn Macaristan&#8217;a giderek Ba\u015fbakan Viktor Orban ile g\u00f6r\u00fc\u015fecek. Ay sonunda Putin&#8217;le g\u00f6r\u00fc\u015fmesi beklenirken eyl\u00fclde \u00f6nce Hindistan&#8217;daki G-20 Zirvesi&#8217;ne, ard\u0131ndan ABD&#8217;de BM Genel Kurulu&#8217;na kat\u0131lacak.<\/p>\n","protected":false},"author":1,"featured_media":115740,"comment_status":"closed","ping_status":"open","sticky":false,"template":"","format":"standard","meta":{"footnotes":""},"categories":[28],"tags":[481,259,13555],"class_list":["post-115739","post","type-post","status-publish","format-standard","has-post-thumbnail","hentry","category-politika","tag-cumhurbaskani","tag-erdogan","tag-g-20"],"_links":{"self":[{"href":"https:\/\/haberulus.net\/index.php?rest_route=\/wp\/v2\/posts\/115739","targetHints":{"allow":["GET"]}}],"collection":[{"href":"https:\/\/haberulus.net\/index.php?rest_route=\/wp\/v2\/posts"}],"about":[{"href":"https:\/\/haberulus.net\/index.php?rest_route=\/wp\/v2\/types\/post"}],"author":[{"embeddable":true,"href":"https:\/\/haberulus.net\/index.php?rest_route=\/wp\/v2\/users\/1"}],"replies":[{"embeddable":true,"href":"https:\/\/haberulus.net\/index.php?rest_route=%2Fwp%2Fv2%2Fcomments&post=115739"}],"version-history":[{"count":1,"href":"https:\/\/haberulus.net\/index.php?rest_route=\/wp\/v2\/posts\/115739\/revisions"}],"predecessor-version":[{"id":115741,"href":"https:\/\/haberulus.net\/index.php?rest_route=\/wp\/v2\/posts\/115739\/revisions\/115741"}],"wp:featuredmedia":[{"embeddable":true,"href":"https:\/\/haberulus.net\/index.php?rest_route=\/wp\/v2\/media\/115740"}],"wp:attachment":[{"href":"https:\/\/haberulus.net\/index.php?rest_route=%2Fwp%2Fv2%2Fmedia&parent=115739"}],"wp:term":[{"taxonomy":"category","embeddable":true,"href":"https:\/\/haberulus.net\/index.php?rest_route=%2Fwp%2Fv2%2Fcategories&post=115739"},{"taxonomy":"post_tag","embeddable":true,"href":"https:\/\/haberulus.net\/index.php?rest_route=%2Fwp%2Fv2%2Ftags&post=115739"}],"curies":[{"name":"wp","href":"https:\/\/api.w.org\/{rel}","templated":true}]}}