{"id":115779,"date":"2023-08-20T08:20:04","date_gmt":"2023-08-20T08:20:04","guid":{"rendered":"https:\/\/haberulus.net\/?p=115779"},"modified":"2023-08-20T08:20:04","modified_gmt":"2023-08-20T08:20:04","slug":"ak-parti-imamoglunun-karsisina-kimi-cikaracak-vitrinde-5-isim-var-parti-icerisinde-2-farkli-gorus-hakim","status":"publish","type":"post","link":"https:\/\/haberulus.net\/?p=115779","title":{"rendered":"AK Parti, \u0130mamo\u011flu&#8217;nun kar\u015f\u0131s\u0131na kimi \u00e7\u0131karacak? Vitrinde 5 isim var, parti i\u00e7erisinde 2 farkl\u0131 g\u00f6r\u00fc\u015f hakim"},"content":{"rendered":"<p> <strong>Se\u00e7im<\/strong> sonras\u0131nda CHP&#8217;de de\u011fi\u015fim tart\u0131\u015fmalar\u0131n\u0131 ba\u015flatan ve \u00f6nc\u00fcl\u00fc\u011f\u00fcn\u00fc yapan \u0130stanbul B\u00fcy\u00fck\u015fehir Belediye Ba\u015fkan\u0131 Ekrem \u0130mamo\u011flu a\u00e7\u0131klad\u0131\u011f\u0131 yol haritas\u0131yla tercihini \u0130stanbul&#8217;dan yana kulland\u0131 ve bir kez daha belediye ba\u015fkanl\u0131\u011f\u0131na aday olaca\u011f\u0131n\u0131n sinyalini verdi. CHP&#8217;de \u0130mamo\u011flu&#8217;nun \u0130stanbul adayl\u0131\u011f\u0131na kesin g\u00f6zle bak\u0131l\u0131rken AK Parti&#8217;nin aday\u0131n\u0131n kim olaca\u011f\u0131 ise herkes taraf\u0131ndan merak ediliyor. Kulislerde baz\u0131 isimler \u00f6n plana \u00e7\u0131karken parti i\u00e7erisinde de iki farkl\u0131 g\u00f6r\u00fc\u015f\u00fcn hakim oldu\u011fu \u00f6\u011frenildi. <\/p>\n<p><b>AK PART\u0130&#8217;DE SEFERBERL\u0130K \u0130LAN ED\u0130LD\u0130 <\/b><\/p>\n<p>Cumhurba\u015fkan\u0131 Erdo\u011fan&#8217;\u0131n her f\u0131rsatta &#8220;Mutlaka geri almal\u0131y\u0131z&#8221; dedi\u011fi \u0130stanbul i\u00e7in AK Parti&#8217;de adeta seferberlik ilan edildi. Bu noktada en \u00f6nemli kriter hi\u00e7 ku\u015fkusuz ki belirlenecek aday&#8230; Kulislerde  <strong>Murat Kurum<\/strong>, Fahrettin Koca, \u015eadi Yaz\u0131c\u0131, Tevfik G\u00f6ksu ve Hilmi T\u00fcrkmen isimleri \u00f6n plana \u00e7\u0131k\u0131yor. Bu isimlerle ilgili AK Parti&#8217;nin \u00f6n\u00fcm\u00fczdeki g\u00fcnlerde bir anket \u00e7al\u0131\u015fmas\u0131 yapmas\u0131 bekleniyor. \u00d6zellikle CHP&#8217;nin g\u00fc\u00e7l\u00fc oldu\u011fu il\u00e7elerde bu isimler sorulacak ve vatanda\u015flardan en \u00e7ok tevecc\u00fch alan isim bir ad\u0131m \u00f6ne ge\u00e7ecek. <\/p>\n<p><img decoding=\"async\" src=\"https:\/\/i.hbrcdn.com\/haber\/2023\/08\/20\/ak-parti-imamoglu-nun-karsisina-kimi-cikaracak-16245387_9763_m.jpg\" alt=\"\" title=\"\"><\/p>\n<p><b>\u0130K\u0130 FARKLI G\u00d6R\u00dc\u015e HAK\u0130M <\/b><\/p>\n<p>Belirlenecek adayla ilgili \u00e7al\u0131\u015fmalar devam ederken parti i\u00e7erisinde de iki farkl\u0131 g\u00f6r\u00fc\u015f\u00fcn hakim oldu\u011fu \u00f6\u011frenildi. Bir kesim \u0130mamo\u011flu \u00f6rne\u011findeki gibi ad\u0131 ge\u00e7en il\u00e7e belediye ba\u015fkanlar\u0131ndan birinin aday g\u00f6sterilmesi gerekti\u011fini ifade ederken, bir kesim de &#8220;\u0130\u015fi \u015fansa b\u0131rakamay\u0131z&#8221; diyerek Murat Kurum ve Fahrettin Koca gibi \u0130stanbul halk\u0131 taraf\u0131ndan tan\u0131nan, bilinen isimlerden birinin aday g\u00f6sterilmesi gerekti\u011fini savunuyor. <\/p>\n<p><b>ERDO\u011eAN B\u0130R G\u00d6R\u00dc\u015eME GER\u00c7EKLE\u015eT\u0130RECEK<\/b><\/p>\n<p>AK Parti&#8217;ye yak\u0131n kaynaklardan edinilen bilgiye g\u00f6re; Cumhurba\u015fkan\u0131 Erdo\u011fan&#8217;\u0131n vitrine \u00e7\u0131kan bu isimlerle \u00f6n\u00fcm\u00fczdeki g\u00fcnlerde bir g\u00f6r\u00fc\u015fme ger\u00e7ekle\u015ftirebilir. Yap\u0131lacak g\u00f6r\u00fc\u015fmede bu isimlere \u00f6ncelikle b\u00f6yle bir g\u00f6reve talip olup olmak istemedikleri sorulacak. Adayl\u0131k i\u00e7in ye\u015fil \u0131\u015f\u0131l yakanlardan \u0130stanbul&#8217;un temel sorunlar\u0131n\u0131 kapsayan kapsaml\u0131 bir rapor haz\u0131rlamas\u0131n\u0131 isteyece\u011fi konu\u015fuluyor.<\/p>\n<p><b>\u00d6ZEL B\u0130R LANSMAN \u0130LE A\u00c7IKLANACAK <\/b><\/p>\n<p>AK Parti&#8217;nin 7 Ekim&#8217;de yap\u0131lacak kongresinde yeni parti y\u00f6netimi belirlenecek. Bu y\u00f6netim ayn\u0131 zamanda \u00f6n\u00fcm\u00fczdeki mart ay\u0131nda yap\u0131lacak yerel se\u00e7imlerde yar\u0131\u015facak adaylar\u0131 belirleyecek,  <strong>se\u00e7im<\/strong> s\u00fcrecini y\u00f6netecek. Kongrede yerel se\u00e7im \u00e7al\u0131\u015fmalar\u0131 i\u00e7in resmi start da verilmi\u015f olacak. Kongre sonras\u0131 \u00f6nce b\u00fcy\u00fck\u015fehir belediye ba\u015fkan adaylar\u0131 \u00f6zel bir lansman ile kamuoyuna a\u00e7\u0131klanacak. Daha sonra da il ve il\u00e7e belediye ba\u015fkan adaylar\u0131 belirlenecek. Kas\u0131m ay\u0131na kadar t\u00fcm adaylar\u0131n netle\u015fmesi hedefleniyor.<\/p>\n","protected":false},"excerpt":{"rendered":"<p>\u0130BB Ba\u015fkan\u0131 Ekrem \u0130mamo\u011flu&#8217;nun bir kez daha belediye ba\u015fkanl\u0131\u011f\u0131na aday olaca\u011f\u0131n\u0131n sinyalini vermesi sonras\u0131 g\u00f6zler AK Parti&#8217;nin aday\u0131na \u00e7evrildi. Kulislerde Murat Kurum, Fahrettin Koca, \u015eadi Yaz\u0131c\u0131, Tevfik G\u00f6ksu ve Hilmi T\u00fcrkmen isimleri \u00f6n plana \u00e7\u0131karken parti i\u00e7erisinde 2 farkl\u0131 g\u00f6r\u00fc\u015f hakim. Bir kesim il\u00e7e belediye ba\u015fkanlar\u0131ndan birinin aday g\u00f6sterilmesinin daha isabetli olaca\u011f\u0131n\u0131 savunurken, bir kesim de Kurum ve Koca gibi isimlerin tercih edilmesi gerekti\u011fini ifade ediyor.<\/p>\n","protected":false},"author":1,"featured_media":115780,"comment_status":"closed","ping_status":"open","sticky":false,"template":"","format":"standard","meta":{"footnotes":""},"categories":[28],"tags":[271,823,2276,96,442],"class_list":["post-115779","post","type-post","status-publish","format-standard","has-post-thumbnail","hentry","category-politika","tag-aday","tag-gorus","tag-isimler","tag-istanbul","tag-parti"],"_links":{"self":[{"href":"https:\/\/haberulus.net\/index.php?rest_route=\/wp\/v2\/posts\/115779","targetHints":{"allow":["GET"]}}],"collection":[{"href":"https:\/\/haberulus.net\/index.php?rest_route=\/wp\/v2\/posts"}],"about":[{"href":"https:\/\/haberulus.net\/index.php?rest_route=\/wp\/v2\/types\/post"}],"author":[{"embeddable":true,"href":"https:\/\/haberulus.net\/index.php?rest_route=\/wp\/v2\/users\/1"}],"replies":[{"embeddable":true,"href":"https:\/\/haberulus.net\/index.php?rest_route=%2Fwp%2Fv2%2Fcomments&post=115779"}],"version-history":[{"count":1,"href":"https:\/\/haberulus.net\/index.php?rest_route=\/wp\/v2\/posts\/115779\/revisions"}],"predecessor-version":[{"id":115781,"href":"https:\/\/haberulus.net\/index.php?rest_route=\/wp\/v2\/posts\/115779\/revisions\/115781"}],"wp:featuredmedia":[{"embeddable":true,"href":"https:\/\/haberulus.net\/index.php?rest_route=\/wp\/v2\/media\/115780"}],"wp:attachment":[{"href":"https:\/\/haberulus.net\/index.php?rest_route=%2Fwp%2Fv2%2Fmedia&parent=115779"}],"wp:term":[{"taxonomy":"category","embeddable":true,"href":"https:\/\/haberulus.net\/index.php?rest_route=%2Fwp%2Fv2%2Fcategories&post=115779"},{"taxonomy":"post_tag","embeddable":true,"href":"https:\/\/haberulus.net\/index.php?rest_route=%2Fwp%2Fv2%2Ftags&post=115779"}],"curies":[{"name":"wp","href":"https:\/\/api.w.org\/{rel}","templated":true}]}}