{"id":115782,"date":"2023-08-20T08:20:05","date_gmt":"2023-08-20T08:20:05","guid":{"rendered":"https:\/\/haberulus.net\/?p=115782"},"modified":"2023-08-20T08:20:05","modified_gmt":"2023-08-20T08:20:05","slug":"ogrencilere-vergisiz-telefon-ve-bilgisayar-sartlari-neler","status":"publish","type":"post","link":"https:\/\/haberulus.net\/?p=115782","title":{"rendered":"\u00d6\u011frencilere vergisiz telefon ve bilgisayar \u015fartlar\u0131 neler?"},"content":{"rendered":"<p>Telefonlar ve bilgisayarlardan al\u0131nan vergiler nedeniyle vatanda\u015flar adeta bir \u00fcr\u00fcn kendine, bir \u00fcr\u00fcn de devlete al\u0131yor. Y\u00fcksek vergiler nedeniyle AKP se\u00e7im d\u00f6nemi \u00f6\u011frencilere, bir kere mahsus olmak \u00fczere vergisiz telefon ve bilgisayar vaadinden bulundu. Ge\u00e7ti\u011fimiz haftalarda AKP\u2019li Cumhurba\u015fkan\u0131 Erdo\u011fan, gen\u00e7lere yat\u0131r\u0131m yapmaya devam edeceklerini s\u00f6yleyerek se\u00e7im beyannamelerinde gen\u00e7lere verilen s\u00f6zleri ad\u0131m ad\u0131m hayata ge\u00e7ireceklerini ifade etti.<\/p>\n<p><b>\u00d6\u011eRENC\u0130LERE VERG\u0130S\u0130Z TELEFON VE B\u0130LG\u0130SAYARDA SON DURUM NE?<\/b><\/p>\n<p>Kabine toplant\u0131s\u0131 sonras\u0131nda Cumhurba\u015fkan\u0131 Erdo\u011fan&#8217;\u0131n \u00f6\u011frencilere vergisiz telefon i\u00e7in a\u00e7\u0131klamalarda bulundu.<\/p>\n<p>Gen\u00e7lere yat\u0131r\u0131m yapmaya devam edeceklerini s\u00f6yleyen Erdo\u011fan, se\u00e7im beyannamelerinde gen\u00e7lere verilen s\u00f6zleri ad\u0131m ad\u0131m hayata ge\u00e7ireceklerini ifade etti.<\/p>\n<p><b>\u00d6\u011eRENC\u0130LERE VERG\u0130S\u0130Z TELEFON VE B\u0130LG\u0130SAYARDA \u015eARTI NE?<\/b><\/p>\n<p>Erdo\u011fan konu hakk\u0131nda, \u201cGen\u00e7lerimize bir defaya mahsus olmak \u00fczere cep telefonu ve bilgisayar ediniminde vergi muafiyeti sa\u011flayaca\u011f\u0131z, ayr\u0131ca ayl\u0131k 10 GB \u00fccretsiz internet verece\u011fiz.\u201d s\u00f6zlerini kullanm\u0131\u015ft\u0131.<\/p>\n<p>\u00dcniversitelerin \u00f6nlisans ve lisans b\u00f6l\u00fcmlerinde e\u011fitim alan \u00f6\u011frenciler vergi \u00f6demeden telefon sat\u0131n alabilecek.<br \/>Hen\u00fcz \u00f6\u011frencilere vergisiz telefon ve bilgisayar \u015fartlar\u0131 a\u00e7\u0131klanmad\u0131 ancak sadece T\u00fcrkiye\u2019de \u00fcretilen veya montajlanan telefon veya bilgisayar modellerini kapsamas\u0131 bekleniyor.<\/p>\n<p>Ayr\u0131ca sadece belirli bir fiyat aral\u0131\u011f\u0131ndaki telefon veya bilgisayar modellerini kapsamas\u0131 beklenirken, sadece\u00f6n lisans ve lisans b\u00f6l\u00fcmlerinde e\u011fitim alan \u00f6rg\u00fcn e\u011fitim \u00f6\u011frencileri faydalanacak, a\u00e7\u0131k\u00f6\u011fretim okuyan \u00f6\u011frenciler kapsam d\u0131\u015f\u0131 kalacak.<\/p>\n<p>Ya\u015f san\u0131r\u0131 konusu ise hen\u00fcz belirsizli\u011fini koruyor.<\/p>\n","protected":false},"excerpt":{"rendered":"<p>AKP&#8217;nin se\u00e7im vaatleri aras\u0131nda yer alan bir kereye mahsus \u00f6\u011frencilere vergisiz telefon ve bilgisayar sat\u0131\u015f\u0131 hen\u00fcz y\u00fcr\u00fcrl\u00fc\u011fe girmedi ancak \u015fartlar\u0131 \u015fekillenmeye ba\u015flad\u0131. Vergisiz telefon ve bilgisayar sat\u0131\u015f\u0131ndan sadece \u00fcniversite \u00f6\u011frenci yararlanabilmesi, a\u00e7\u0131k \u00f6\u011fretim \u00f6\u011frencilerinin kapsam d\u0131\u015f\u0131 kalmas\u0131 bekleniyor. Vergisiz telefon sat\u0131\u015f\u0131n\u0131n sadece T\u00fcrkiye&#8217;de \u00fcretilen veya montajlanan modelleri kapsamas\u0131 \u00fczerinde duruluyor.<\/p>\n","protected":false},"author":1,"featured_media":115783,"comment_status":"closed","ping_status":"open","sticky":false,"template":"","format":"standard","meta":{"footnotes":""},"categories":[25],"tags":[1755,222,13557],"class_list":["post-115782","post","type-post","status-publish","format-standard","has-post-thumbnail","hentry","category-ekonomi","tag-ogrenciler","tag-telefon","tag-vergisiz-telefon"],"_links":{"self":[{"href":"https:\/\/haberulus.net\/index.php?rest_route=\/wp\/v2\/posts\/115782","targetHints":{"allow":["GET"]}}],"collection":[{"href":"https:\/\/haberulus.net\/index.php?rest_route=\/wp\/v2\/posts"}],"about":[{"href":"https:\/\/haberulus.net\/index.php?rest_route=\/wp\/v2\/types\/post"}],"author":[{"embeddable":true,"href":"https:\/\/haberulus.net\/index.php?rest_route=\/wp\/v2\/users\/1"}],"replies":[{"embeddable":true,"href":"https:\/\/haberulus.net\/index.php?rest_route=%2Fwp%2Fv2%2Fcomments&post=115782"}],"version-history":[{"count":1,"href":"https:\/\/haberulus.net\/index.php?rest_route=\/wp\/v2\/posts\/115782\/revisions"}],"predecessor-version":[{"id":115784,"href":"https:\/\/haberulus.net\/index.php?rest_route=\/wp\/v2\/posts\/115782\/revisions\/115784"}],"wp:featuredmedia":[{"embeddable":true,"href":"https:\/\/haberulus.net\/index.php?rest_route=\/wp\/v2\/media\/115783"}],"wp:attachment":[{"href":"https:\/\/haberulus.net\/index.php?rest_route=%2Fwp%2Fv2%2Fmedia&parent=115782"}],"wp:term":[{"taxonomy":"category","embeddable":true,"href":"https:\/\/haberulus.net\/index.php?rest_route=%2Fwp%2Fv2%2Fcategories&post=115782"},{"taxonomy":"post_tag","embeddable":true,"href":"https:\/\/haberulus.net\/index.php?rest_route=%2Fwp%2Fv2%2Ftags&post=115782"}],"curies":[{"name":"wp","href":"https:\/\/api.w.org\/{rel}","templated":true}]}}