{"id":115803,"date":"2023-08-20T09:05:02","date_gmt":"2023-08-20T09:05:02","guid":{"rendered":"https:\/\/haberulus.net\/?p=115803"},"modified":"2023-08-20T09:05:02","modified_gmt":"2023-08-20T09:05:02","slug":"memurlarin-toplu-sozlesme-zam-pazarliginda-son-viraj","status":"publish","type":"post","link":"https:\/\/haberulus.net\/?p=115803","title":{"rendered":"Memurlar\u0131n toplu s\u00f6zle\u015fme zam pazarl\u0131\u011f\u0131nda son viraj"},"content":{"rendered":"<p>Memur ve memur emeklilerinin 2024-2025 y\u0131llar\u0131ndaki mali ve sosyal haklar\u0131n\u0131n belirlenece\u011fi 7. D\u00f6nem Kamu Toplu S\u00f6zle\u015fmesi g\u00f6r\u00fc\u015fmelerinde m\u00fczakereler 22 A\u011fustos\u2019ta sona erecek. Bu tarihe kadar taraflar aras\u0131nda uzla\u015fma sa\u011flanamamas\u0131 halinde Kamu G\u00f6revlileri Hakem Kurulu s\u00fcreci ba\u015flayacak.<\/p>\n<p>Yakla\u015f\u0131k 4 milyon memur ve 2,5 milyon memur emeklisini ilgilendiren toplu s\u00f6zle\u015fme g\u00f6r\u00fc\u015fmelerinde 1 A\u011fustos\u2019ta ba\u015flayan s\u00fcre\u00e7 \u00c7al\u0131\u015fma ve Sosyal G\u00fcvenlik Bakanl\u0131\u011f\u0131n\u0131n ev sahipli\u011finde devam ediyor.<\/p>\n<p>G\u00f6r\u00fc\u015fmelerde h\u00fck\u00fcmeti temsil eden Kamu \u0130\u015fveren Heyetinin 14 A\u011fustos\u2019ta ilk zam teklifini sunmas\u0131yla ba\u015flayan pazarl\u0131klar, 17 A\u011fustos\u2019taki ikinci teklifle yo\u011funla\u015ft\u0131.<\/p>\n<p>Kamu \u0130\u015fveren Heyetinin son yapt\u0131\u011f\u0131 2024\u2019\u00fcn ilk alt\u0131 ay\u0131nda y\u00fczde 15, ikinci alt\u0131 ay\u0131nda y\u00fczde 10, 2025\u2019in ilk alt\u0131 ay\u0131nda y\u00fczde 6 ve ikinci alt\u0131 ay\u0131nda 5\u2019ten olu\u015fan zam teklifini yeterli bulmayan sendikalar, yeni teklif beklemeye ba\u015flad\u0131.<\/p>\n<p><b>ANLA\u015eMA OLMAZSA HAKEM HEYET\u0130 DEVREYE G\u0130RECEK<\/b><\/p>\n<p>Belirlenen takvim gere\u011fi m\u00fczakere s\u00fcrecinin 22 A\u011fustos\u2019ta sona erece\u011fi toplu s\u00f6zle\u015fmesi g\u00f6r\u00fc\u015fmelerinde, g\u00f6zler Kamu \u0130\u015fveren Heyetinin yapaca\u011f\u0131 yeni tekliflere \u00e7evrildi.<\/p>\n<p>Bu tarihe kadar taraflar aras\u0131nda uzla\u015fma sa\u011flanamamas\u0131 halinde g\u00f6r\u00fc\u015fmelerde Kamu G\u00f6revlileri Hakem Kurulu s\u00fcreci ba\u015flayacak.<\/p>\n<p>Y\u00fcksek yarg\u0131 mensubu, b\u00fcrokrat, sendikac\u0131 ve akademisyenlerden olu\u015fan 11 ki\u015filik Kurul, toplu s\u00f6zle\u015fmeye dair nihai karar\u0131n\u0131 31 A\u011fustos\u2019a kadar verecek.<\/p>\n<p><b>MEMUR-SEN\u2019\u0130N TALEB\u0130<\/b><\/p>\n<p>Toplu s\u00f6zle\u015fme masas\u0131nda yetkili konfederasyon olarak yer alan Memur-Sen, 2024 i\u00e7in \u00fc\u00e7er ayl\u0131k d\u00f6nemler halinde, refah pay\u0131 dahil birinci 3 ayda y\u00fczde 35, ikinci 3 ayda y\u00fczde 10, \u00fc\u00e7\u00fcnc\u00fc 3 ayda y\u00fczde 15, d\u00f6rd\u00fcnc\u00fc 3 ayda y\u00fczde 10 art\u0131\u015f istemi\u015fti.<\/p>\n<p>Konfederasyon, 2025 i\u00e7in ise 6\u2019\u015far ayl\u0131k d\u00f6nemler halinde, refah pay\u0131 dahil birinci 6 ayda y\u00fczde 25 ve ikinci 6 ayda y\u00fczde 15 zam talep etmi\u015fti. (AA)<\/p>\n","protected":false},"excerpt":{"rendered":"<p>Memur ve memur emeklilerinin 2024-2025 y\u0131llar\u0131ndaki zamlar\u0131n\u0131n belirlenece\u011fi toplu s\u00f6zle\u015fme g\u00f6r\u00fc\u015fmelerinde m\u00fczakereler 22 A\u011fustos&#8217;ta tamamlanacak. Bu tarihe kadar uzla\u015fma olmamas\u0131 halinde Hakem Kurulu s\u00fcreci ba\u015flayacak ve nihai karar 31 A\u011fustos&#8217;a kadar verilecek.<\/p>\n","protected":false},"author":1,"featured_media":115804,"comment_status":"closed","ping_status":"open","sticky":false,"template":"","format":"standard","meta":{"footnotes":""},"categories":[25],"tags":[273,634,654,1377,10126],"class_list":["post-115803","post","type-post","status-publish","format-standard","has-post-thumbnail","hentry","category-ekonomi","tag-ikinci","tag-kamu","tag-memur","tag-teklif","tag-toplu-sozlesme"],"_links":{"self":[{"href":"https:\/\/haberulus.net\/index.php?rest_route=\/wp\/v2\/posts\/115803","targetHints":{"allow":["GET"]}}],"collection":[{"href":"https:\/\/haberulus.net\/index.php?rest_route=\/wp\/v2\/posts"}],"about":[{"href":"https:\/\/haberulus.net\/index.php?rest_route=\/wp\/v2\/types\/post"}],"author":[{"embeddable":true,"href":"https:\/\/haberulus.net\/index.php?rest_route=\/wp\/v2\/users\/1"}],"replies":[{"embeddable":true,"href":"https:\/\/haberulus.net\/index.php?rest_route=%2Fwp%2Fv2%2Fcomments&post=115803"}],"version-history":[{"count":1,"href":"https:\/\/haberulus.net\/index.php?rest_route=\/wp\/v2\/posts\/115803\/revisions"}],"predecessor-version":[{"id":115805,"href":"https:\/\/haberulus.net\/index.php?rest_route=\/wp\/v2\/posts\/115803\/revisions\/115805"}],"wp:featuredmedia":[{"embeddable":true,"href":"https:\/\/haberulus.net\/index.php?rest_route=\/wp\/v2\/media\/115804"}],"wp:attachment":[{"href":"https:\/\/haberulus.net\/index.php?rest_route=%2Fwp%2Fv2%2Fmedia&parent=115803"}],"wp:term":[{"taxonomy":"category","embeddable":true,"href":"https:\/\/haberulus.net\/index.php?rest_route=%2Fwp%2Fv2%2Fcategories&post=115803"},{"taxonomy":"post_tag","embeddable":true,"href":"https:\/\/haberulus.net\/index.php?rest_route=%2Fwp%2Fv2%2Ftags&post=115803"}],"curies":[{"name":"wp","href":"https:\/\/api.w.org\/{rel}","templated":true}]}}