{"id":115818,"date":"2023-08-20T09:21:04","date_gmt":"2023-08-20T09:21:04","guid":{"rendered":"https:\/\/haberulus.net\/?p=115818"},"modified":"2023-08-20T09:21:04","modified_gmt":"2023-08-20T09:21:04","slug":"icinden-agac-gecen-ev","status":"publish","type":"post","link":"https:\/\/haberulus.net\/?p=115818","title":{"rendered":"\u0130\u00e7inden a\u011fa\u00e7 ge\u00e7en ev"},"content":{"rendered":"<p>G\u00f6zeler k\u00f6y\u00fcnde in\u015faat ustas\u0131 olan Osman Nuri Kabal, emeklik sonras\u0131 ya\u015famak istedi\u011fi yayla evinde tadilat yapt\u0131.<\/p>\n<p>Kabal, evi geni\u015fletmek isteyince yan taraftaki baba yadigar\u0131 100 y\u0131ll\u0131k ard\u0131\u00e7 a\u011fac\u0131 duvar\u0131n oldu\u011fu noktada kald\u0131.<br \/><img decoding=\"async\" src=\"https:\/\/i01.sozcucdn.com\/wp-content\/uploads\/2023\/08\/20\/gumushane6.1_23561090.jpg\" alt=\"\" title=\"\"><\/p>\n<p>Bunun \u00fczerine Osman Nuri Kabal, duvar i\u00e7inde a\u011fac\u0131n g\u00f6vdesi i\u00e7in\u00a0 alan b\u0131rakt\u0131, \u00e7at\u0131da da bo\u015fluk a\u00e7t\u0131.<\/p>\n<p><img decoding=\"async\" src=\"https:\/\/i01.sozcucdn.com\/wp-content\/uploads\/2023\/08\/20\/gumushane5.1_23561089.jpg\" alt=\"\" title=\"\"><\/p>\n<p><strong>\u201cBEN YA\u015eADIK\u00c7A A\u011eA\u00c7 DA YER\u0130NDE DURACAK\u201d<\/strong><\/p>\n<p>Ta\u015f duvar\u0131 oyup \u00e7at\u0131y\u0131 delen Kabal, \u201cGurbet hayat\u0131m\u0131 bitirip emekli olarak k\u00f6y\u00fcme d\u00f6nd\u00fcm. Babam\u0131zdan kalan evi tekrar imar ettim. \u0130mar\u0131 yaparken de \u00f6zellikle de bu a\u011faca herhangi bir zarar vermedim, a\u011fac\u0131 korudum. Babam\u0131zdan gelen do\u011fa sevgimizi devam ettirdik. Karde\u015fim 58 y\u0131l \u00f6nce vefat etti, onunla bu a\u011fa\u00e7 alt\u0131nda oynard\u0131k. Bu a\u011fa\u00e7 art\u0131k bir an\u0131, ben ya\u015fad\u0131k\u00e7a a\u011fa\u00e7 da yerinde duracak. A\u011faca her bakt\u0131\u011f\u0131mda karde\u015fimi g\u00f6r\u00fcyor gibi hissediyorum\u201d dedi.<\/p>\n<p><img decoding=\"async\" src=\"https:\/\/i01.sozcucdn.com\/wp-content\/uploads\/2023\/08\/20\/gumushane1.1_23561099.jpg\" alt=\"\" title=\"\"><\/p>\n<p>(DHA)<\/p>\n","protected":false},"excerpt":{"rendered":"<p>G\u00fcm\u00fc\u015fhane&#8217;de ya\u015fayan Osman Nuri Kabal, tadilat\u0131n\u0131 yap\u0131p geni\u015fletti\u011fi evin biti\u015fi\u011findeki as\u0131rl\u0131k a\u011fac\u0131 kesmeye k\u0131yamad\u0131. Kabal, a\u011fac\u0131n g\u00f6vde ve dallar\u0131n\u0131, duvar ve \u00e7at\u0131 i\u00e7erisinden ge\u00e7irerek korumaya ald\u0131.<\/p>\n","protected":false},"author":1,"featured_media":115819,"comment_status":"closed","ping_status":"open","sticky":false,"template":"","format":"standard","meta":{"footnotes":""},"categories":[33],"tags":[],"class_list":["post-115818","post","type-post","status-publish","format-standard","has-post-thumbnail","hentry","category-yasam"],"_links":{"self":[{"href":"https:\/\/haberulus.net\/index.php?rest_route=\/wp\/v2\/posts\/115818","targetHints":{"allow":["GET"]}}],"collection":[{"href":"https:\/\/haberulus.net\/index.php?rest_route=\/wp\/v2\/posts"}],"about":[{"href":"https:\/\/haberulus.net\/index.php?rest_route=\/wp\/v2\/types\/post"}],"author":[{"embeddable":true,"href":"https:\/\/haberulus.net\/index.php?rest_route=\/wp\/v2\/users\/1"}],"replies":[{"embeddable":true,"href":"https:\/\/haberulus.net\/index.php?rest_route=%2Fwp%2Fv2%2Fcomments&post=115818"}],"version-history":[{"count":1,"href":"https:\/\/haberulus.net\/index.php?rest_route=\/wp\/v2\/posts\/115818\/revisions"}],"predecessor-version":[{"id":115820,"href":"https:\/\/haberulus.net\/index.php?rest_route=\/wp\/v2\/posts\/115818\/revisions\/115820"}],"wp:featuredmedia":[{"embeddable":true,"href":"https:\/\/haberulus.net\/index.php?rest_route=\/wp\/v2\/media\/115819"}],"wp:attachment":[{"href":"https:\/\/haberulus.net\/index.php?rest_route=%2Fwp%2Fv2%2Fmedia&parent=115818"}],"wp:term":[{"taxonomy":"category","embeddable":true,"href":"https:\/\/haberulus.net\/index.php?rest_route=%2Fwp%2Fv2%2Fcategories&post=115818"},{"taxonomy":"post_tag","embeddable":true,"href":"https:\/\/haberulus.net\/index.php?rest_route=%2Fwp%2Fv2%2Ftags&post=115818"}],"curies":[{"name":"wp","href":"https:\/\/api.w.org\/{rel}","templated":true}]}}