{"id":115821,"date":"2023-08-20T09:21:04","date_gmt":"2023-08-20T09:21:04","guid":{"rendered":"https:\/\/haberulus.net\/?p=115821"},"modified":"2023-08-20T09:21:04","modified_gmt":"2023-08-20T09:21:04","slug":"fred-cok-transfer-teklifi-vardi-fenerbahceyi-sectim","status":"publish","type":"post","link":"https:\/\/haberulus.net\/?p=115821","title":{"rendered":"Fred: \u00c7ok transfer teklifi vard\u0131 Fenerbah\u00e7e\u2019yi se\u00e7tim"},"content":{"rendered":"<p>Fenerbah\u00e7e\u2019nin, \u0130ngiltere\u2019nin Manchester United tak\u0131m\u0131ndan transfer etti\u011fi Brezilyal\u0131 futbolcu Fred, sar\u0131-lacivertlilerle kupalar kazanmay\u0131 hedefledi\u011fini belirtti.<\/p>\n<p>FB TV\u2019ye a\u00e7\u0131klamada bulunan 30 ya\u015f\u0131ndaki futbolcu, hedeflere ula\u015fabilmek i\u00e7in tak\u0131m arkada\u015flar\u0131yla ellerinden gelen her \u015feyi ortaya koyacaklar\u0131n\u0131 ifade etti.<\/p>\n<p>Fenerbah\u00e7e\u2019de olmaktan b\u00fcy\u00fck mutluluk duydu\u011funu dile getiren Fred, \u201cManchester United gibi b\u00fcy\u00fck bir camiadan Fenerbah\u00e7e gibi b\u00fcy\u00fck bir camiaya geldim. Benim i\u00e7in burada olmak, tak\u0131ma kat\u0131lmak \u00e7ok b\u00fcy\u00fck bir mutluluk. Umuyorum harika bir sezon ge\u00e7iririz ve birlikte zaferler, kupalar elde ederiz.\u201d dedi.<\/p>\n<p><b>\u2018FENERBAH\u00c7E\u2019N\u0130N PROJES\u0130 MUTLU ETT\u0130\u2019<\/b><\/p>\n<p>Bir\u00e7ok transfer teklifi ald\u0131\u011f\u0131n\u0131 ancak Fenerbah\u00e7e\u2019nin, kendisini mutlu eden bir proje sundu\u011funu aktaran tecr\u00fcbeli orta saha, \u015f\u00f6yle devam etti: \u201c\u0130stanbul ya\u015famak i\u00e7in \u00e7ok g\u00fczel bir \u015fehir ve ayn\u0131 zamanda Fenerbah\u00e7e, T\u00fcrkiye\u2019nin en b\u00fcy\u00fck kul\u00fcb\u00fc. Her zaman b\u00fcy\u00fck ba\u015far\u0131lar elde etmek isteyen bir kul\u00fcp ve bunun i\u00e7in sava\u015fan bir camia. Ayn\u0131 zamanda \u00e7ok tutkulu taraftara sahip. Daha \u00f6nce bu \u015fehirde ya\u015fayan, buradaki insanlarla da konu\u015ftum. Fenerbah\u00e7e ve \u015fehirle ilgili bilgiler edindim. Fenerbah\u00e7e\u2019nin projesi de beni fazlas\u0131yla mutlu etti. Sportif Direkt\u00f6r\u00fcm\u00fcz Mario Branco ile de bir g\u00f6r\u00fc\u015fmemiz olmu\u015ftu. O g\u00f6r\u00fc\u015fmede de ne kadar b\u00fcy\u00fck bir projeyle gelinmi\u015f oldu\u011funu g\u00f6rm\u00fc\u015f oldum. Sonras\u0131nda da karar\u0131m\u0131 verdim. Alm\u0131\u015f oldu\u011fum bu karardan dolay\u0131 da mutluyum.\u201d<\/p>\n<p><b>\u2018ADAPTASYON S\u00dcREC\u0130 VAR\u2019<\/b><\/p>\n<p>Brezilya milli tak\u0131m\u0131yla ilk ma\u00e7\u0131n\u0131 Kad\u0131k\u00f6y\u2019de oynad\u0131\u011f\u0131n\u0131 hat\u0131rlatan Fred, fiziksel anlamda iyi bir durumda oldu\u011funu vurgulayarak \u015funlar\u0131 kaydetti:<\/p>\n<p>\u201cSezon \u00f6ncesi Manchester United ile her g\u00fcn antrenmanlara kat\u0131ld\u0131m. Her ne kadar \u00e7ok fazla ma\u00e7 oynamam\u0131\u015f olsam da sadece Lyon\u2019a kar\u015f\u0131 bir dostluk ma\u00e7\u0131na \u00e7\u0131km\u0131\u015ft\u0131m. O noktada \u00e7ok fazla ma\u00e7 oynayamad\u0131m ama bu bir adaptasyon s\u00fcreci. Elbette, al\u0131\u015fmam gerekiyor. \u00d6zellikle iklim anlam\u0131nda al\u0131\u015fmam gereken noktalar\u0131n oldu\u011funu d\u00fc\u015f\u00fcn\u00fcyorum. So\u011fuk bir yerden geldim ve buras\u0131 birazc\u0131k daha s\u0131cak bir yer. Bu anlamda adapte olaca\u011f\u0131m\u0131 d\u00fc\u015f\u00fcn\u00fcyorum. Tak\u0131ma ve arkada\u015flar\u0131ma zaman i\u00e7erisinde al\u0131\u015faca\u011f\u0131ma ve \u00e7ok daha iyi noktaya gelebilece\u011fimizi d\u00fc\u015f\u00fcn\u00fcyorum. Tak\u0131m\u0131m i\u00e7in y\u00fczde 100\u2019\u00fcm\u00fc vermek i\u00e7in sahada olaca\u011f\u0131m.\u201d<\/p>\n<p><b>\u2018YARDIMCI OLMAYA \u00c7ALI\u015eIYORUM\u2019<\/b><\/p>\n<p>Kendisini \u00e7ok \u00e7al\u0131\u015fkan bir oyuncu olarak tan\u0131mlayan Fred, \u201cHer zamanda saha i\u00e7erisinde ve saha d\u0131\u015f\u0131nda tak\u0131m arkada\u015flar\u0131ma yard\u0131mc\u0131 olmak isteyen birisiyim. Topa sahipken nas\u0131l oynamas\u0131 gerekti\u011fine dikkat eden ayn\u0131 \u015fekilde de top kazanma noktas\u0131nda reaksiyon g\u00f6stermeye \u00e7al\u0131\u015fan bir oyuncuyum. Atak noktas\u0131nda da tak\u0131m arkada\u015flar\u0131ma her zaman yard\u0131mc\u0131 olmaya \u00e7al\u0131\u015f\u0131yorum. Bu noktada en \u00f6nemli \u015fey tak\u0131m olarak galibiyet elde edebilmek, kupalar kazanabilmek ve oynad\u0131\u011f\u0131m\u0131z t\u00fcm turnuvalarda ba\u015far\u0131l\u0131 olabilmek\u201d de\u011ferlendirmesinde bulundu. (AA)<\/p>\n","protected":false},"excerpt":{"rendered":"<p>Fenerbah\u00e7e&#8217;nin yeni transferi Fred, kul\u00fcp televizyonuna a\u00e7\u0131klamalarda bulundu.<\/p>\n","protected":false},"author":1,"featured_media":115822,"comment_status":"closed","ping_status":"open","sticky":false,"template":"","format":"standard","meta":{"footnotes":""},"categories":[31],"tags":[346,1735,192,289],"class_list":["post-115821","post","type-post","status-publish","format-standard","has-post-thumbnail","hentry","category-spor","tag-fenerbahce","tag-mutlu","tag-takim","tag-zaman"],"_links":{"self":[{"href":"https:\/\/haberulus.net\/index.php?rest_route=\/wp\/v2\/posts\/115821","targetHints":{"allow":["GET"]}}],"collection":[{"href":"https:\/\/haberulus.net\/index.php?rest_route=\/wp\/v2\/posts"}],"about":[{"href":"https:\/\/haberulus.net\/index.php?rest_route=\/wp\/v2\/types\/post"}],"author":[{"embeddable":true,"href":"https:\/\/haberulus.net\/index.php?rest_route=\/wp\/v2\/users\/1"}],"replies":[{"embeddable":true,"href":"https:\/\/haberulus.net\/index.php?rest_route=%2Fwp%2Fv2%2Fcomments&post=115821"}],"version-history":[{"count":1,"href":"https:\/\/haberulus.net\/index.php?rest_route=\/wp\/v2\/posts\/115821\/revisions"}],"predecessor-version":[{"id":115823,"href":"https:\/\/haberulus.net\/index.php?rest_route=\/wp\/v2\/posts\/115821\/revisions\/115823"}],"wp:featuredmedia":[{"embeddable":true,"href":"https:\/\/haberulus.net\/index.php?rest_route=\/wp\/v2\/media\/115822"}],"wp:attachment":[{"href":"https:\/\/haberulus.net\/index.php?rest_route=%2Fwp%2Fv2%2Fmedia&parent=115821"}],"wp:term":[{"taxonomy":"category","embeddable":true,"href":"https:\/\/haberulus.net\/index.php?rest_route=%2Fwp%2Fv2%2Fcategories&post=115821"},{"taxonomy":"post_tag","embeddable":true,"href":"https:\/\/haberulus.net\/index.php?rest_route=%2Fwp%2Fv2%2Ftags&post=115821"}],"curies":[{"name":"wp","href":"https:\/\/api.w.org\/{rel}","templated":true}]}}