{"id":115839,"date":"2023-08-20T10:05:03","date_gmt":"2023-08-20T10:05:03","guid":{"rendered":"https:\/\/haberulus.net\/?p=115839"},"modified":"2023-08-20T10:05:03","modified_gmt":"2023-08-20T10:05:03","slug":"binlerce-donum-araziyi-sulayan-altinyazi-barajinda-doluluk-yuzde-15e-dustu","status":"publish","type":"post","link":"https:\/\/haberulus.net\/?p=115839","title":{"rendered":"Binlerce d\u00f6n\u00fcm araziyi sulayan Alt\u0131nyaz\u0131 Baraj\u0131\u2019nda doluluk y\u00fczde 15\u2019e d\u00fc\u015ft\u00fc"},"content":{"rendered":"<p>Uzunk\u00f6pr\u00fc il\u00e7esinde bulunan ve k\u0131\u015f ya\u011f\u0131\u015flar\u0131n\u0131n yetersiz olmas\u0131 nedeniyle Meri\u00e7 Nehri\u2019nden su takviyesiyle tar\u0131m sezonu \u00f6ncesi doluluk oran\u0131 y\u00fczde 40\u2019lara kadar ula\u015fan barajda son g\u00fcnlerde su seviyesi \u00e7ok d\u00fc\u015ft\u00fc.<\/p>\n<p>Terfi istasyonlar\u0131 arac\u0131l\u0131\u011f\u0131yla su takviyesi yap\u0131lan nehrin debisinin yaz aylar\u0131nda kritik seviyelere d\u00fc\u015fmesinin ard\u0131ndan barajda 6 milyon metrek\u00fcp su bulunuyor.<\/p>\n<p>Geni\u015f \u00e7eltik \u00fcretim alanlar\u0131n\u0131n yer ald\u0131\u011f\u0131 b\u00f6lgede bulunan baraj, bu y\u0131l 43 bin d\u00f6n\u00fcml\u00fck \u00e7eltik arazisini suluyor. Geli\u015fim d\u00f6nemindeki \u00e7elti\u011fin sa\u011fl\u0131kl\u0131 b\u00fcy\u00fcmesi i\u00e7in 20 g\u00fcn daha suya ihtiyac\u0131 bulunuyor.<\/p>\n<p><strong>\u201cBARAJI \u00c7OK KULLANDIK\u201d<\/strong><\/p>\n<p>Alt\u0131nyaz\u0131 Karasaz Sulama Kooperatifi Ba\u015fkan\u0131 Alaattin Kaya, b\u00f6lgede ciddi bir kurakl\u0131\u011f\u0131n ya\u015fand\u0131\u011f\u0131n\u0131 s\u00f6yledi.<\/p>\n<p>A\u015f\u0131r\u0131 s\u0131caklar ve beklenen ya\u011f\u0131\u015flar\u0131n gelmemesi nedeniyle barajdan \u00f6nemli miktarda su kullan\u0131ld\u0131\u011f\u0131n\u0131 belirten Kaya, \u201cY\u0131l\u0131n kurak ge\u00e7mesinden dolay\u0131 baraj\u0131 \u00e7ok kulland\u0131k. Bug\u00fcnlerde su seviyemiz 6 milyon metrek\u00fcp civar\u0131na d\u00fc\u015ft\u00fc\u201d dedi.<\/p>\n<p>Kaya, Meri\u00e7\u2019in debisinin d\u00fc\u015f\u00fck olmas\u0131 sebebiyle baraja son d\u00f6nemde su takviyesi yapamad\u0131klar\u0131n\u0131 dile getirdi.<\/p>\n<p>Baraj\u0131n ana su kayna\u011f\u0131n\u0131n nehirden gelen su oldu\u011funu vurgulayan Kaya, \u201cBizim ana kayna\u011f\u0131m\u0131z Meri\u00e7 Nehri, nehirde su olmay\u0131nca \u00fcretici ma\u011fdur oluyor. Bulgaristan barajlar\u0131nda da \u00e7ok su olmad\u0131\u011f\u0131 i\u00e7in oradan da \u00e7ok su sal\u0131nm\u0131yor\u201d ifadelerini kulland\u0131.<\/p>\n<p>Kaya, barajdan faydalanan \u00fcreticilerin ma\u011fdur olmamas\u0131 i\u00e7in \u00e7aba sarf ettiklerini belirtti.<\/p>\n<p><strong>\u201c\u00c7\u0130FT\u00c7\u0130LER\u0130M\u0130Z KORKUYOR\u201d<\/strong><\/p>\n<p>Kaya, bu y\u0131l kurakl\u0131k nedeniyle ekim alanlar\u0131n\u0131 daraltt\u0131klar\u0131n\u0131 s\u00f6yledi. Normalde 67 bin dekarl\u0131k alana ekim yap\u0131l\u0131rken bu y\u0131l 43 bin dekar \u00e7eltik ekimi ger\u00e7ekle\u015ftiklerini anlatan Kaya, \u201cKurakl\u0131k nedeniyle \u00e7ift\u00e7ilerimiz biraz korkuyor, bundan dolay\u0131 ekili\u015fimiz 43 bin dekarda kald\u0131. Baraj\u0131n mevcut durumuyla ilgili biraz korkulu bir s\u00fcre\u00e7 ge\u00e7iriyoruz. 6 milyon metrek\u00fcp su var. 3 milyon metrek\u00fcp\u00fc bal\u0131klar\u0131n, 1 milyon metrek\u00fcp su buharla\u015farak heba oluyor. 2 milyon metrek\u00fcp su ucu ucuna yeter gibi. Tam ba\u015fak d\u00f6neminde suyun \u00e7ok ihtiya\u00e7 duydu\u011fu d\u00f6nemdeyiz. \u0130n\u015fallah \u00fcreticimiz ma\u011fdur olmadan \u00f6n\u00fcm\u00fczdeki s\u00fcre\u00e7te hasada ba\u015flayaca\u011f\u0131z\u201d dedi.<\/p>\n<p>Kaya, gelecek y\u0131llarda su s\u0131k\u0131nt\u0131s\u0131 ya\u015fanmamas\u0131 i\u00e7in baraj\u0131n k\u0131\u015f aylar\u0131nda doldurulmas\u0131 gerekti\u011fine dikkati \u00e7ekti, \u00e7ift\u00e7ilere sa\u011flanan sulama desteklerinin art\u0131r\u0131lmas\u0131 talebinde bulundu.\u00a0(AA)<\/p>\n","protected":false},"excerpt":{"rendered":"<p>T\u00fcrkiye&#8217;de \u00e7eltik \u00fcretiminin yar\u0131s\u0131na yak\u0131n\u0131n\u0131n ger\u00e7ekle\u015ftirildi\u011fi Edirne&#8217;de binlerce d\u00f6n\u00fcm araziyi sulayan Alt\u0131nyaz\u0131 Baraj\u0131&#8217;nda kurakl\u0131k ve tar\u0131msal sulama nedeniyle doluluk oran\u0131 y\u00fczde 15&#8217;e geriledi.<\/p>\n","protected":false},"author":1,"featured_media":115840,"comment_status":"closed","ping_status":"open","sticky":false,"template":"","format":"standard","meta":{"footnotes":""},"categories":[33],"tags":[6150,436],"class_list":["post-115839","post","type-post","status-publish","format-standard","has-post-thumbnail","hentry","category-yasam","tag-baraji","tag-kaya"],"_links":{"self":[{"href":"https:\/\/haberulus.net\/index.php?rest_route=\/wp\/v2\/posts\/115839","targetHints":{"allow":["GET"]}}],"collection":[{"href":"https:\/\/haberulus.net\/index.php?rest_route=\/wp\/v2\/posts"}],"about":[{"href":"https:\/\/haberulus.net\/index.php?rest_route=\/wp\/v2\/types\/post"}],"author":[{"embeddable":true,"href":"https:\/\/haberulus.net\/index.php?rest_route=\/wp\/v2\/users\/1"}],"replies":[{"embeddable":true,"href":"https:\/\/haberulus.net\/index.php?rest_route=%2Fwp%2Fv2%2Fcomments&post=115839"}],"version-history":[{"count":1,"href":"https:\/\/haberulus.net\/index.php?rest_route=\/wp\/v2\/posts\/115839\/revisions"}],"predecessor-version":[{"id":115841,"href":"https:\/\/haberulus.net\/index.php?rest_route=\/wp\/v2\/posts\/115839\/revisions\/115841"}],"wp:featuredmedia":[{"embeddable":true,"href":"https:\/\/haberulus.net\/index.php?rest_route=\/wp\/v2\/media\/115840"}],"wp:attachment":[{"href":"https:\/\/haberulus.net\/index.php?rest_route=%2Fwp%2Fv2%2Fmedia&parent=115839"}],"wp:term":[{"taxonomy":"category","embeddable":true,"href":"https:\/\/haberulus.net\/index.php?rest_route=%2Fwp%2Fv2%2Fcategories&post=115839"},{"taxonomy":"post_tag","embeddable":true,"href":"https:\/\/haberulus.net\/index.php?rest_route=%2Fwp%2Fv2%2Ftags&post=115839"}],"curies":[{"name":"wp","href":"https:\/\/api.w.org\/{rel}","templated":true}]}}