{"id":115908,"date":"2023-08-20T13:05:04","date_gmt":"2023-08-20T13:05:04","guid":{"rendered":"https:\/\/haberulus.net\/?p=115908"},"modified":"2023-08-20T13:05:04","modified_gmt":"2023-08-20T13:05:04","slug":"bogazici-kitalararasi-yuzme-yarisi-gerceklestirildi","status":"publish","type":"post","link":"https:\/\/haberulus.net\/?p=115908","title":{"rendered":"Bo\u011fazi\u00e7i K\u0131talararas\u0131 Y\u00fczme Yar\u0131\u015f\u0131 ger\u00e7ekle\u015ftirildi"},"content":{"rendered":"<p>T\u00fcrkiye Milli Olimpiyat Komitesi (TMOK) taraf\u0131ndan d\u00fczenlenen Samsung Bo\u011fazi\u00e7i K\u0131talararas\u0131 Y\u00fczme Yar\u0131\u015f\u0131\u2019n\u0131n 35\u2019incisi ger\u00e7ekle\u015ftirildi. 77 \u00fclkeden 2 bin 600 y\u00fcz\u00fcc\u00fcn\u00fcn kat\u0131ld\u0131\u011f\u0131 yar\u0131\u015f, Kanl\u0131ca\u2019dan ba\u015flay\u0131p Kuru\u00e7e\u015fme Cemil Topuzlu Park\u0131\u2019nda son buldu. Gen\u00e7lik ve Spor Bakan\u0131 Osman A\u015fk\u0131n Bak, \u0130stanbul Valisi Davut G\u00fcl, T\u00fcrkiye Milli Olimpiyat Komitesi (TMOK) Ba\u015fkan\u0131 Prof. Dr. U\u011fur Erdener, TMOK Ba\u015fkan Vekili ve Bo\u011fazi\u00e7i Organizasyon Komitesi Ba\u015fkan\u0131 Nihat Usta, Gen\u00e7lik ve Spor \u0130l M\u00fcd\u00fcr\u00fc Burhanettin Hac\u0131cafero\u011flu ve Samsung Electronics T\u00fcrkiye Ba\u015fkan\u0131 ve CEO\u2019su Philip Choi\u2019nin start\u0131n\u0131 verdi\u011fi yar\u0131\u015fta y\u00fcz\u00fcc\u00fcler, 6,5 kilometrelik parkuru en h\u0131zl\u0131 y\u00fczen olabilmek ve K\u0131talararas\u0131 Y\u00fcz\u00fcc\u00fc unvan\u0131n\u0131n sahibi olmak i\u00e7in birbirleriyle yar\u0131\u015ft\u0131.<\/p>\n<p><img decoding=\"async\" src=\"https:\/\/i01.sozcucdn.com\/wp-content\/uploads\/2023\/08\/20\/boo1_23561138-660x440.jpg\" alt=\"\" title=\"\"><\/p>\n<p>Organizasyonda genel klasmanda erkekler kategorisinde Do\u011fukan Ula\u00e7 00:41:22\u2019lik derecesiyle birincili\u011fi elde ederken, Kerem Ho\u015fg\u00f6r 00:43:31\u2019lik derecesiyle 2\u2019nci, Halil \u015eensoy 00:43:44\u2019l\u00fck derecesiyle 3\u2019\u00fcnc\u00fc oldu. Genel klasman kad\u0131nlarda Burcunaz Narin 00:42:54\u2019l\u00fck derece elde ederek 1\u2019inci, Hilal Zeyneb Sara\u00e7 00:43:59\u2019luk derecesiyle 2\u2019nci, Ada Liza \u00c7elik 00:44:17\u2019lik derecesiyle 3\u2019\u00fcnc\u00fc oldu.<\/p>\n<p><b>U\u011eUR ERDENER: G\u00dcZEL BIR HAVADA G\u00dcZEL BIR YARI\u015eMA OLDU<\/b><\/p>\n<p>TMOK Ba\u015fkan\u0131 Prof. Dr. U\u011fur Erdener, kat\u0131l\u0131mdan \u00e7ok memnun olduklar\u0131n\u0131 s\u00f6yleyerek, \u015funlar\u0131 kaydetti: \u201c35\u2019inci d\u00fczenlenen 77 \u00fclkeden 2 bin 600\u2019\u00fc a\u015fk\u0131n y\u00fcz\u00fcc\u00fc ile birlikteyiz. \u0130ki k\u0131ta aras\u0131nda kula\u00e7 at\u0131yorlar. G\u00fczel bir havada g\u00fczel bir yar\u0131\u015fma oldu. Yar\u0131\u015f\u0131 Samsung ile organize etmekten, \u0130stanbul\u2019un tan\u0131t\u0131m\u0131na bir kez daha hizmet etmekten mutluluk duyuyoruz. Bu e\u015fsiz deneyimi d\u00fcnyan\u0131n b\u00fct\u00fcn k\u0131talar\u0131ndan y\u00fcz\u00fcc\u00fclerinin kat\u0131l\u0131yor olmas\u0131 i\u015fin g\u00fczel yan\u0131. T\u00fcm sporcular\u0131 kutluyorum. Ba\u015far\u0131 dileklerimi iletiyorum. \u0130stanbul ve \u00fclkemiz i\u00e7in g\u00fczel bir yar\u0131\u015f ve kazan\u0131m. Kat\u0131l\u0131mdan \u00e7ok memnunuz. Biliyorsunuz k\u0131s\u0131tlamalar\u0131m\u0131z var. Belli say\u0131y\u0131 a\u015fm\u0131yoruz. Yabanc\u0131 kat\u0131l\u0131mc\u0131lara y\u0131lba\u015f\u0131nda online kat\u0131l\u0131m\u0131 a\u00e7\u0131p bir saatte kapat\u0131yoruz. Yo\u011fun bir talep var. Bu e\u015fsiz deneyimi ya\u015famak istiyorlar. Kat\u0131lan t\u00fcm sporcular\u0131 tebrik ediyorum.\u201d<\/p>\n<p><b>PHILIP CHOI: SPORCULAR \u0130STANBUL\u2019DAN G\u00dcZEL HATIRALARLA D\u00d6N\u00dcYORLAR<\/b><\/p>\n<p>Samsung Electronics T\u00fcrkiye Ba\u015fkan\u0131 ve CEO\u2019su Philip Choi ise \u015f\u00f6yle konu\u015ftu: \u201cTMOK ile 20 y\u0131l\u0131m\u0131zda i\u015fbirli\u011fi yapmaktan mutluluk duyuyoruz. 70\u2019i a\u015fk\u0131n y\u00fcz\u00fcc\u00fc \u00fclkemizi gelip ziyaret ediyor. Bu mutlu ve de\u011ferli an\u0131 bizimle payla\u015f\u0131p \u00fclkelerine \u0130stanbul\u2019dan g\u00fczel hat\u0131ralarla d\u00f6n\u00fcyorlar. \u0130stanbul\u2019un ve T\u00fcrkiye\u2019nin birer el\u00e7isi olarak d\u00f6n\u00fcyorlar. Herkesi burada a\u011f\u0131rlamaktan dolay\u0131 mutluluk ve gurur duyuyoruz.\u201d<\/p>\n<p><img decoding=\"async\" src=\"https:\/\/i01.sozcucdn.com\/wp-content\/uploads\/2023\/08\/20\/boz-660x439.jpg\" alt=\"\" title=\"\"><\/p>\n<p><b>DO\u011eUKAN ULA\u00c7: BO\u011eAZ\u2019DA YARI\u015eMAK \u00c7OK KEY\u0130F VER\u0130YOR<\/b><\/p>\n<p>Erkekler kategorisinde 00:41:22\u2019lik derecesiyle birinli\u011fi elde eden Do\u011fukan Ula\u00e7, \u201cBu sene ak\u0131nt\u0131 daha g\u00fc\u00e7l\u00fcyd\u00fc, derecelerden de belli. Ge\u00e7en senekinden daha kolayd\u0131 ak\u0131nt\u0131dan dolay\u0131. Bo\u011faz\u2019da yar\u0131\u015fmak \u00e7ok keyif veriyor\u201d dedi.<\/p>\n<p><b>BURCUNAZ NAR\u0130N: B\u0130R\u0130NC\u0130 OLDU\u011eUM \u0130\u00c7\u0130N MUTLUYUM<\/b><\/p>\n<p>Genel klasman kad\u0131nlarda 00:42:54\u2019l\u00fck derece elderek birinci olan Burcunaz Narin, \u201cBu sene baya\u011f\u0131 dalgal\u0131yd\u0131 zorland\u0131m biraz. G\u00fczel ge\u00e7ti. Birinci oldu\u011fum i\u00e7in mutluyum\u201d diye konu\u015ftu. (DHA)<\/p>\n","protected":false},"excerpt":{"rendered":"<p>Her sene binlerce y\u00fcz\u00fcc\u00fcn\u00fcn iki k\u0131tay\u0131 birle\u015ftirdi\u011fi, d\u00fcnyan\u0131n Asya&#8217;dan Avrupa&#8217;ya yap\u0131lan tek y\u00fczme yar\u0131\u015f\u0131 Samsung Bo\u011fazi\u00e7i K\u0131talararas\u0131 Y\u00fczme Yar\u0131\u015f\u0131&#8217;nda 77 \u00fclkeden 2 bin 600&#8217;\u00fc a\u015fk\u0131n y\u00fcz\u00fcc\u00fc, \u0130stanbul Bo\u011faz\u0131&#8217;nda kula\u00e7 att\u0131. Yar\u0131\u015fta kad\u0131nlar genel klasmanda Burcunaz Narin 00:42:54&#8217;l\u00fck derecesiyle birinci oldu. Erkekler genel klasmanda ise Do\u011fukan Ula\u00e7 00:41:22&#8217;lik derecesiyle ilk s\u0131rada yer ald\u0131.<\/p>\n","protected":false},"author":1,"featured_media":115909,"comment_status":"closed","ping_status":"open","sticky":false,"template":"","format":"standard","meta":{"footnotes":""},"categories":[31],"tags":[241,96,1735,411,2884],"class_list":["post-115908","post","type-post","status-publish","format-standard","has-post-thumbnail","hentry","category-spor","tag-guzel","tag-istanbul","tag-mutlu","tag-yaris","tag-yuzucu"],"_links":{"self":[{"href":"https:\/\/haberulus.net\/index.php?rest_route=\/wp\/v2\/posts\/115908","targetHints":{"allow":["GET"]}}],"collection":[{"href":"https:\/\/haberulus.net\/index.php?rest_route=\/wp\/v2\/posts"}],"about":[{"href":"https:\/\/haberulus.net\/index.php?rest_route=\/wp\/v2\/types\/post"}],"author":[{"embeddable":true,"href":"https:\/\/haberulus.net\/index.php?rest_route=\/wp\/v2\/users\/1"}],"replies":[{"embeddable":true,"href":"https:\/\/haberulus.net\/index.php?rest_route=%2Fwp%2Fv2%2Fcomments&post=115908"}],"version-history":[{"count":1,"href":"https:\/\/haberulus.net\/index.php?rest_route=\/wp\/v2\/posts\/115908\/revisions"}],"predecessor-version":[{"id":115910,"href":"https:\/\/haberulus.net\/index.php?rest_route=\/wp\/v2\/posts\/115908\/revisions\/115910"}],"wp:featuredmedia":[{"embeddable":true,"href":"https:\/\/haberulus.net\/index.php?rest_route=\/wp\/v2\/media\/115909"}],"wp:attachment":[{"href":"https:\/\/haberulus.net\/index.php?rest_route=%2Fwp%2Fv2%2Fmedia&parent=115908"}],"wp:term":[{"taxonomy":"category","embeddable":true,"href":"https:\/\/haberulus.net\/index.php?rest_route=%2Fwp%2Fv2%2Fcategories&post=115908"},{"taxonomy":"post_tag","embeddable":true,"href":"https:\/\/haberulus.net\/index.php?rest_route=%2Fwp%2Fv2%2Ftags&post=115908"}],"curies":[{"name":"wp","href":"https:\/\/api.w.org\/{rel}","templated":true}]}}