{"id":115920,"date":"2023-08-20T13:35:03","date_gmt":"2023-08-20T13:35:03","guid":{"rendered":"https:\/\/haberulus.net\/?p=115920"},"modified":"2023-08-20T13:35:03","modified_gmt":"2023-08-20T13:35:03","slug":"uc-buyuksehir-icin-sicaklik-uyarisi","status":"publish","type":"post","link":"https:\/\/haberulus.net\/?p=115920","title":{"rendered":"\u00dc\u00e7 b\u00fcy\u00fck\u015fehir i\u00e7in s\u0131cakl\u0131k uyar\u0131s\u0131"},"content":{"rendered":"<p>Meteoroloji Hava Tahmin Uzman\u0131 Cengiz \u00c7elik, s\u0131cakl\u0131klar\u0131n yar\u0131ndan itibaren yurt genelinde d\u00fc\u015fmesinin beklendi\u011fini, yine de yurdun bat\u0131, i\u00e7 ve g\u00fcney kesimlerinde mevsim normallerinin 2-4 derece \u00fczerinde seyredece\u011fini bildirdi.<\/p>\n<p>\u00c7elik, Meteoroloji Genel M\u00fcd\u00fcrl\u00fc\u011f\u00fcnde AA muhabirine, yurt genelinde g\u00f6r\u00fclecek hava s\u0131cakl\u0131klar\u0131na ili\u015fkin de\u011ferlendirmelerde bulundu.<\/p>\n<p>S\u0131cakl\u0131klar\u0131n yurt genelinde d\u00fc\u015fmesini beklediklerini aktaran \u00c7elik, yine de yurdun bat\u0131, i\u00e7 ve g\u00fcney kesimlerinde mevsim normallerinin 2-4 derece \u00fczerinde seyredece\u011finin tahmin edildi\u011fini belirtti.<\/p>\n<p><strong>4-5 DERECE D\u00dc\u015eECEK<\/strong><\/p>\n<p>Yar\u0131ndan itibaren s\u0131cakl\u0131klar\u0131n \u0130\u00e7 Anadolu ve Do\u011fu Anadolu\u2019nun g\u00fcneyinde 4-5 derece azalaca\u011f\u0131n\u0131 bildiren \u00c7elik, Do\u011fu Karadeniz, Kars ve Ardahan \u00e7evreleri d\u0131\u015f\u0131nda yurt genelinde ya\u011f\u0131\u015f beklenmedi\u011fini, havan\u0131n \u00e7o\u011funlukla az bulutlu ve g\u00fcne\u015fli olaca\u011f\u0131n\u0131 kaydetti.<\/p>\n<p>\u00c7elik, Marmara B\u00f6lgesi\u2019nde kuzeydo\u011fudan esen kuvvetli r\u00fczgarlar\u0131n 3 g\u00fcn daha etkisini devam ettirmesinin beklendi\u011fini, hafta ortas\u0131ndan itibaren r\u00fczgar\u0131n etkisini kaybedece\u011fini belirtti.<\/p>\n<p>\u00dc\u00e7 b\u00fcy\u00fck \u015fehir i\u00e7in ya\u011f\u0131\u015f beklentisi olmad\u0131\u011f\u0131n\u0131 dile getiren \u00c7elik, \u015funlar\u0131 s\u00f6yledi:<br \/>\u201cS\u0131cakl\u0131klar biraz mevsim normallerine yakla\u015ft\u0131 diyebiliriz. Ankara\u2019da \u00f6n\u00fcm\u00fczdeki 3-4 g\u00fcn boyunca bekledi\u011fimiz s\u0131cakl\u0131klar 33-35 derece aras\u0131nda, \u0130stanbul\u2019da \u00f6nemli bir s\u0131cakl\u0131k de\u011fi\u015fimi g\u00f6r\u00fcnm\u00fcyor, \u00f6n\u00fcm\u00fczdeki g\u00fcnlerde 32-33 derecelik hava s\u0131cakl\u0131klar\u0131 devam edecek. \u0130zmir\u2019e bakt\u0131\u011f\u0131m\u0131zdaysa s\u0131cakl\u0131klar mevsim normallerinin 1-2 derece \u00fczerinde seyredecek. Hafta i\u00e7inde \u0130zmir i\u00e7in en y\u00fcksek s\u0131cakl\u0131k tahminimiz 35-36 derece.\u201d<\/p>\n<p>Hava Tahmin Uzman\u0131 \u00c7elik, d\u00fc\u015f\u00fc\u015fe kar\u015f\u0131n mevsim normallerinin \u00fczerinde seyredecek s\u0131caklara kar\u015f\u0131 dikkatli ve tedbirli olunmas\u0131 uyar\u0131s\u0131nda bulundu. <strong>(AA)<\/strong><\/p>\n","protected":false},"excerpt":{"rendered":"<p>\u0130stanbul, \u0130zmir ve Ankara i\u00e7in s\u0131cakl\u0131k uyar\u0131s\u0131 yap\u0131ld\u0131&#8230; S\u0131cakl\u0131klar mevsim normallerine yakla\u015ft\u0131 ancak ya\u011fmur beklenmiyor.<\/p>\n","protected":false},"author":1,"featured_media":115921,"comment_status":"closed","ping_status":"open","sticky":false,"template":"","format":"standard","meta":{"footnotes":""},"categories":[26],"tags":[73,2576,82,12591,2559],"class_list":["post-115920","post","type-post","status-publish","format-standard","has-post-thumbnail","hentry","category-gundem","tag-celik","tag-derece","tag-gun","tag-mevsim","tag-sicakliklar"],"_links":{"self":[{"href":"https:\/\/haberulus.net\/index.php?rest_route=\/wp\/v2\/posts\/115920","targetHints":{"allow":["GET"]}}],"collection":[{"href":"https:\/\/haberulus.net\/index.php?rest_route=\/wp\/v2\/posts"}],"about":[{"href":"https:\/\/haberulus.net\/index.php?rest_route=\/wp\/v2\/types\/post"}],"author":[{"embeddable":true,"href":"https:\/\/haberulus.net\/index.php?rest_route=\/wp\/v2\/users\/1"}],"replies":[{"embeddable":true,"href":"https:\/\/haberulus.net\/index.php?rest_route=%2Fwp%2Fv2%2Fcomments&post=115920"}],"version-history":[{"count":1,"href":"https:\/\/haberulus.net\/index.php?rest_route=\/wp\/v2\/posts\/115920\/revisions"}],"predecessor-version":[{"id":115922,"href":"https:\/\/haberulus.net\/index.php?rest_route=\/wp\/v2\/posts\/115920\/revisions\/115922"}],"wp:featuredmedia":[{"embeddable":true,"href":"https:\/\/haberulus.net\/index.php?rest_route=\/wp\/v2\/media\/115921"}],"wp:attachment":[{"href":"https:\/\/haberulus.net\/index.php?rest_route=%2Fwp%2Fv2%2Fmedia&parent=115920"}],"wp:term":[{"taxonomy":"category","embeddable":true,"href":"https:\/\/haberulus.net\/index.php?rest_route=%2Fwp%2Fv2%2Fcategories&post=115920"},{"taxonomy":"post_tag","embeddable":true,"href":"https:\/\/haberulus.net\/index.php?rest_route=%2Fwp%2Fv2%2Ftags&post=115920"}],"curies":[{"name":"wp","href":"https:\/\/api.w.org\/{rel}","templated":true}]}}