{"id":115938,"date":"2023-08-20T13:51:04","date_gmt":"2023-08-20T13:51:04","guid":{"rendered":"https:\/\/haberulus.net\/?p=115938"},"modified":"2023-08-20T13:51:04","modified_gmt":"2023-08-20T13:51:04","slug":"fenerbahcenin-yilport-samsunspor-maci-kamp-kadrosu-aciklandi","status":"publish","type":"post","link":"https:\/\/haberulus.net\/?p=115938","title":{"rendered":"Fenerbah\u00e7e\u2019nin Y\u0131lport Samsunspor ma\u00e7\u0131 kamp kadrosu a\u00e7\u0131kland\u0131"},"content":{"rendered":"<p>Trendyol S\u00fcper Lig\u2019in 2. haftas\u0131nda Y\u0131lport Samsunspor\u2019a konuk olacak Fenerbah\u00e7e\u2019nin kamp kadrosu belli oldu. Sar\u0131-lacivertli ekipte Rodrigo Becao, Samet Akayd\u0131n, Emre Mor, Bright Osayi-Samuel, Luan Peres, Miguel Crespo, Miha Zajc, Serdar Dursun ve Burak Kapacak kadroda yer almad\u0131.<\/p>\n<p>Kul\u00fcpten yap\u0131lan a\u00e7\u0131klamaya g\u00f6re, kamp kadrosunda bulunan oyuncular \u015f\u00f6yle:<br \/>Altay Bay\u0131nd\u0131r, \u0130rfan Can E\u011fribayat, Furkan Onur Aky\u00fcz, Alexander Djiku, Emir Ortakaya, Serdar Aziz, Ferdi Kad\u0131o\u011flu, Mert M\u00fcld\u00fcr, Yusuf Kocat\u00fcrk, Jayden Oosterwolde, \u0130smail Y\u00fcksek, Bartu\u011f Elmaz, Sebastian Szymanski, Mert Hakan Yanda\u015f, Fred, Cengiz \u00dcnder, Joshua King, \u0130rfan Can Kahveci, Ryan Kent, Dusan Tadic, Edin Dzeko, Michy Batshuayi, Umut Nayir. (AA)<\/p>\n","protected":false},"excerpt":{"rendered":"<p>Ligin ikinci haftas\u0131nda Y\u0131lport Samsunspor&#8217;a konuk olacak Fenerbah\u00e7e&#8217;nin kamp kadrosunda Fred ve Cengiz \u00dcnder de yer ald\u0131.<\/p>\n","protected":false},"author":1,"featured_media":115939,"comment_status":"closed","ping_status":"open","sticky":false,"template":"","format":"standard","meta":{"footnotes":""},"categories":[31],"tags":[],"class_list":["post-115938","post","type-post","status-publish","format-standard","has-post-thumbnail","hentry","category-spor"],"_links":{"self":[{"href":"https:\/\/haberulus.net\/index.php?rest_route=\/wp\/v2\/posts\/115938","targetHints":{"allow":["GET"]}}],"collection":[{"href":"https:\/\/haberulus.net\/index.php?rest_route=\/wp\/v2\/posts"}],"about":[{"href":"https:\/\/haberulus.net\/index.php?rest_route=\/wp\/v2\/types\/post"}],"author":[{"embeddable":true,"href":"https:\/\/haberulus.net\/index.php?rest_route=\/wp\/v2\/users\/1"}],"replies":[{"embeddable":true,"href":"https:\/\/haberulus.net\/index.php?rest_route=%2Fwp%2Fv2%2Fcomments&post=115938"}],"version-history":[{"count":1,"href":"https:\/\/haberulus.net\/index.php?rest_route=\/wp\/v2\/posts\/115938\/revisions"}],"predecessor-version":[{"id":115940,"href":"https:\/\/haberulus.net\/index.php?rest_route=\/wp\/v2\/posts\/115938\/revisions\/115940"}],"wp:featuredmedia":[{"embeddable":true,"href":"https:\/\/haberulus.net\/index.php?rest_route=\/wp\/v2\/media\/115939"}],"wp:attachment":[{"href":"https:\/\/haberulus.net\/index.php?rest_route=%2Fwp%2Fv2%2Fmedia&parent=115938"}],"wp:term":[{"taxonomy":"category","embeddable":true,"href":"https:\/\/haberulus.net\/index.php?rest_route=%2Fwp%2Fv2%2Fcategories&post=115938"},{"taxonomy":"post_tag","embeddable":true,"href":"https:\/\/haberulus.net\/index.php?rest_route=%2Fwp%2Fv2%2Ftags&post=115938"}],"curies":[{"name":"wp","href":"https:\/\/api.w.org\/{rel}","templated":true}]}}