{"id":115965,"date":"2023-08-20T15:05:05","date_gmt":"2023-08-20T15:05:05","guid":{"rendered":"https:\/\/haberulus.net\/?p=115965"},"modified":"2023-08-20T15:05:05","modified_gmt":"2023-08-20T15:05:05","slug":"trabzonspordan-dursun-ozbekin-sozlerine-cevap","status":"publish","type":"post","link":"https:\/\/haberulus.net\/?p=115965","title":{"rendered":"Trabzonspor\u2019dan Dursun \u00d6zbek\u2019in s\u00f6zlerine cevap"},"content":{"rendered":"<p>Trabzonspor Kul\u00fcb\u00fc, Trendyol S\u00fcper Lig\u2019in 2. haftas\u0131nda d\u00fcn oynanan ve 2-0 yenilgi ile sona eren Galatasaray-Trabzonspor kar\u015f\u0131la\u015fmas\u0131na ili\u015fkin a\u00e7\u0131klama yapt\u0131.<\/p>\n<p>Kul\u00fcb\u00fcn resmi internet sitesinden yap\u0131lan a\u00e7\u0131klamada, d\u00fcn ak\u015fam oynanan ve ev sahibi tak\u0131m\u0131n \u00f6rnek konukseverli\u011fiyle a\u011f\u0131rland\u0131klar\u0131 Galatasaray-Trabzonspor ma\u00e7\u0131 sonras\u0131 iki \u00f6nemli sebepten \u00f6t\u00fcr\u00fc a\u00e7\u0131klama mecburiyeti do\u011fdu\u011fu belirtildi.<\/p>\n<p>Ma\u00e7\u0131n skorunu ba\u015fta VAR hakemleri olmak \u00fczere hakemlerin belirleme c\u00fcreti g\u00f6sterdi\u011fi \u00f6ne s\u00fcr\u00fclen a\u00e7\u0131klamada, \u201cBu kabul edilemez bir al\u0131\u015fkanl\u0131kt\u0131r ve art\u0131k asla tekrarlanmamal\u0131d\u0131r. \u0130kincisi, Galatasaray Kul\u00fcb\u00fc Ba\u015fkan\u0131 Say\u0131n Dursun \u00d6zbek, ge\u00e7en sezondan beri hakemleri ve federasyonu, \u015fartlar ne olursa olsun bask\u0131 alt\u0131nda tutmay\u0131 bir strateji haline getirdi\u011fi i\u00e7in, bask\u0131yla ald\u0131\u011f\u0131 puanlara ra\u011fmen gelecek ma\u00e7lara ma\u011fdur rol\u00fcnde ipotek koymaya devam etmektedir.\u201d ifadelerine yer verildi.<\/p>\n<p>A\u00e7\u0131klamada, \u015funlar kaydedildi:<\/p>\n<p>\u201cBa\u015fkan\u0131m\u0131z Say\u0131n Ertu\u011frul Do\u011fan\u2019\u0131n ge\u00e7ti\u011fimiz hafta ger\u00e7ekle\u015ftirdi\u011fi Riva ziyaretinde Say\u0131n Mehmet B\u00fcy\u00fckek\u015fi\u2019ye samimiyetle ve alt\u0131n\u0131 \u00e7izerek vurgulamas\u0131na ra\u011fmen, T\u00fcrkiye Futbol Federasyonuna ve Merkez Hakem Kuruluna, kendilerini bekleyen ve ge\u00e7en sezondan beri \u00e7oktan \u00f6nlemi al\u0131nm\u0131\u015f olmas\u0131 gereken riskler hakk\u0131nda bir kez daha tekrarlamay\u0131 g\u00f6rev edinir, ilk haftalarda sahaya yans\u0131yan adalet d\u00fczeyinin, verdikleri s\u00f6zlerden \u00e7ok uzak durdu\u011funu hat\u0131rlat\u0131r\u0131z. Kaybetti\u011fimiz puanlar\u0131n geri gelmeyece\u011fini ve kaburgas\u0131 k\u0131r\u0131lan oyuncumuzun hakk\u0131n\u0131n \u00f6denemeyece\u011fini bilmemize ra\u011fmen VAR odas\u0131nda onlarca kamera kayd\u0131nda net ve a\u015fikar olan\u0131 g\u00f6rmezden gelerek Trabzonspor\u2019umuzun puanlar\u0131n\u0131 \u00e7alanlar hakk\u0131nda verilecek karar\u0131 b\u00fcy\u00fck bir dikkatle bekliyoruz. Trabzonspor\u2019un slogan\u0131 haline gelen inad\u0131 gere\u011fi, bundan b\u00f6yle en k\u00fc\u00e7\u00fck adaletsizli\u011fin bile pe\u015finden ko\u015fmaktan yorulmayaca\u011f\u0131m\u0131z\u0131, yap\u0131lanlar\u0131 ve yapanlar\u0131 unutmayaca\u011f\u0131m\u0131z\u0131 nezaketle hat\u0131rlat\u0131r\u0131z.\u201d<\/p>\n<p><b>DURSUN \u00d6ZBEK NE DEM\u0130\u015eT\u0130?<\/b><\/p>\n<p>Galatasaray Kul\u00fcb\u00fc Ba\u015fkan\u0131 Dursun \u00d6zbek, Trabzonspor kar\u015f\u0131la\u015fmas\u0131n\u0131n hemen ard\u0131ndan bas\u0131n mensuplar\u0131n\u0131n kar\u015f\u0131s\u0131na ge\u00e7mi\u015fti.<\/p>\n<p>\u00d6zbek 2-0\u2019l\u0131k galibiyete ra\u011fmen \u201chakem facias\u0131\u201d yorumu yapm\u0131\u015ft\u0131.<\/p>\n<p><strong>Dursun \u00d6zbek\u2019in s\u00f6zleri \u015f\u00f6yle;<\/strong><\/p>\n<p>\u201c50 senedir b\u00fct\u00fcn ma\u00e7lara gidiyorum. B\u00f6yle bir hakem facias\u0131n\u0131n ya\u015fand\u0131\u011f\u0131n hi\u00e7 g\u00f6rmedim. T\u00fcrk futbolunun selameti ve gelece\u011fi i\u00e7in bu ma\u00e7\u0131 dikkatle izleyin. Ba\u015fka t\u00fcrl\u00fc bu i\u015fle ba\u015fa \u00e7\u0131kmak m\u00fcmk\u00fcn de\u011fil. Trezeguet, Boey\u2019e dirsek at\u0131yor, ne hakem fark\u0131nda ne VAR fark\u0131nda. Denswil, Mertens\u2019e tekme att\u0131, \u00e7orab\u0131 y\u0131rt\u0131ld\u0131, \u00e7ok net g\u00f6z\u00fck\u00fcyor. Atak yap\u0131yoruz, ata\u011f\u0131 kesip lehimize faul veriyor. 21 tane faul yapm\u0131\u015f\u0131z, 7 tane Trabzonspor\u2019a \u00e7alm\u0131\u015f. Muslera ceza sahas\u0131 i\u00e7inde hakeme geliyor, sar\u0131 kart veriyor. Belli ki daha sezonun ba\u015f\u0131nda birileri i\u015fi s\u0131k\u0131 tutuyor.\u201d(AA)<\/p>\n","protected":false},"excerpt":{"rendered":"<p>Trabzonspor Kul\u00fcb\u00fc, deplasmanda 2-0 ma\u011flup olduklar\u0131 Galatasaray kar\u015f\u0131la\u015fmas\u0131n\u0131n ard\u0131ndan sar\u0131-k\u0131rm\u0131z\u0131l\u0131 kul\u00fcb\u00fcn ba\u015fkan\u0131 Dursun \u00d6zbek&#8217;in s\u00f6zlerine cevap verdi.<\/p>\n","protected":false},"author":1,"featured_media":115966,"comment_status":"closed","ping_status":"open","sticky":false,"template":"","format":"standard","meta":{"footnotes":""},"categories":[31],"tags":[208,713,402],"class_list":["post-115965","post","type-post","status-publish","format-standard","has-post-thumbnail","hentry","category-spor","tag-hakem","tag-ozbek","tag-trabzonspor"],"_links":{"self":[{"href":"https:\/\/haberulus.net\/index.php?rest_route=\/wp\/v2\/posts\/115965","targetHints":{"allow":["GET"]}}],"collection":[{"href":"https:\/\/haberulus.net\/index.php?rest_route=\/wp\/v2\/posts"}],"about":[{"href":"https:\/\/haberulus.net\/index.php?rest_route=\/wp\/v2\/types\/post"}],"author":[{"embeddable":true,"href":"https:\/\/haberulus.net\/index.php?rest_route=\/wp\/v2\/users\/1"}],"replies":[{"embeddable":true,"href":"https:\/\/haberulus.net\/index.php?rest_route=%2Fwp%2Fv2%2Fcomments&post=115965"}],"version-history":[{"count":1,"href":"https:\/\/haberulus.net\/index.php?rest_route=\/wp\/v2\/posts\/115965\/revisions"}],"predecessor-version":[{"id":115967,"href":"https:\/\/haberulus.net\/index.php?rest_route=\/wp\/v2\/posts\/115965\/revisions\/115967"}],"wp:featuredmedia":[{"embeddable":true,"href":"https:\/\/haberulus.net\/index.php?rest_route=\/wp\/v2\/media\/115966"}],"wp:attachment":[{"href":"https:\/\/haberulus.net\/index.php?rest_route=%2Fwp%2Fv2%2Fmedia&parent=115965"}],"wp:term":[{"taxonomy":"category","embeddable":true,"href":"https:\/\/haberulus.net\/index.php?rest_route=%2Fwp%2Fv2%2Fcategories&post=115965"},{"taxonomy":"post_tag","embeddable":true,"href":"https:\/\/haberulus.net\/index.php?rest_route=%2Fwp%2Fv2%2Ftags&post=115965"}],"curies":[{"name":"wp","href":"https:\/\/api.w.org\/{rel}","templated":true}]}}