{"id":115995,"date":"2023-08-20T16:35:03","date_gmt":"2023-08-20T16:35:03","guid":{"rendered":"https:\/\/haberulus.net\/?p=115995"},"modified":"2023-08-20T16:35:03","modified_gmt":"2023-08-20T16:35:03","slug":"cinin-yenilenebilir-enerji-kapasitesi-artti","status":"publish","type":"post","link":"https:\/\/haberulus.net\/?p=115995","title":{"rendered":"\u00c7in\u2019in yenilenebilir enerji kapasitesi artt\u0131"},"content":{"rendered":"<p>Ulusal Enerji \u0130daresi verilerine g\u00f6re, ocak-temmuz d\u00f6neminde yeni kurulan g\u00fcne\u015f enerjisi kapasitesi y\u0131ll\u0131k bazda y\u00fczde 42,9 artarak 490 milyon kilovata, yeni kurulan r\u00fczgar enerjisi kapasitesi ise y\u00fczde 14,3 art\u0131\u015fla 390 milyon kilovata ula\u015ft\u0131.<\/p>\n<p><strong> Y\u00dcZDE 11,5 ARTTI<\/strong><\/p>\n<p>S\u00f6z konusu d\u00f6nemde toplam kurulu kapasite ise y\u00fczde 11,5 art\u0131\u015fla 2,74 milyar kilovata \u00e7\u0131kt\u0131.<\/p>\n<p>\u00c7in\u2019in son y\u0131llarda yenilenebilir enerji alan\u0131ndaki yat\u0131r\u0131mlar\u0131na h\u0131z verdi\u011fi g\u00f6zleniyor. \u00dclke, iklim hedefleri kapsam\u0131nda karbon emisyonlar\u0131n\u0131 2030\u2019dan itibaren azaltmay\u0131 ve 2060\u2019ta \u201ckarbon n\u00f6tr\u201d olmay\u0131 hedefliyor. (AA)<\/p>\n","protected":false},"excerpt":{"rendered":"<p>\u00c7in&#8217;de yenilenebilir enerji kapasitesi, ilk 7 ayda ge\u00e7en y\u0131l\u0131n ayn\u0131 d\u00f6nemine g\u00f6re y\u00fczde 11,5 art\u0131\u015f g\u00f6sterdi.<\/p>\n","protected":false},"author":1,"featured_media":115996,"comment_status":"closed","ping_status":"open","sticky":false,"template":"","format":"standard","meta":{"footnotes":""},"categories":[25],"tags":[],"class_list":["post-115995","post","type-post","status-publish","format-standard","has-post-thumbnail","hentry","category-ekonomi"],"_links":{"self":[{"href":"https:\/\/haberulus.net\/index.php?rest_route=\/wp\/v2\/posts\/115995","targetHints":{"allow":["GET"]}}],"collection":[{"href":"https:\/\/haberulus.net\/index.php?rest_route=\/wp\/v2\/posts"}],"about":[{"href":"https:\/\/haberulus.net\/index.php?rest_route=\/wp\/v2\/types\/post"}],"author":[{"embeddable":true,"href":"https:\/\/haberulus.net\/index.php?rest_route=\/wp\/v2\/users\/1"}],"replies":[{"embeddable":true,"href":"https:\/\/haberulus.net\/index.php?rest_route=%2Fwp%2Fv2%2Fcomments&post=115995"}],"version-history":[{"count":1,"href":"https:\/\/haberulus.net\/index.php?rest_route=\/wp\/v2\/posts\/115995\/revisions"}],"predecessor-version":[{"id":115997,"href":"https:\/\/haberulus.net\/index.php?rest_route=\/wp\/v2\/posts\/115995\/revisions\/115997"}],"wp:featuredmedia":[{"embeddable":true,"href":"https:\/\/haberulus.net\/index.php?rest_route=\/wp\/v2\/media\/115996"}],"wp:attachment":[{"href":"https:\/\/haberulus.net\/index.php?rest_route=%2Fwp%2Fv2%2Fmedia&parent=115995"}],"wp:term":[{"taxonomy":"category","embeddable":true,"href":"https:\/\/haberulus.net\/index.php?rest_route=%2Fwp%2Fv2%2Fcategories&post=115995"},{"taxonomy":"post_tag","embeddable":true,"href":"https:\/\/haberulus.net\/index.php?rest_route=%2Fwp%2Fv2%2Ftags&post=115995"}],"curies":[{"name":"wp","href":"https:\/\/api.w.org\/{rel}","templated":true}]}}