{"id":116049,"date":"2023-08-20T19:51:02","date_gmt":"2023-08-20T19:51:02","guid":{"rendered":"https:\/\/haberulus.net\/?p=116049"},"modified":"2023-08-20T19:51:02","modified_gmt":"2023-08-20T19:51:02","slug":"chpli-nazliakadan-yeniden-refah-partili-ali-yuksele-tepki","status":"publish","type":"post","link":"https:\/\/haberulus.net\/?p=116049","title":{"rendered":"CHP\u2019li Nazl\u0131aka\u2019dan Yeniden Refah Partili Ali Y\u00fcksel\u2019e tepki"},"content":{"rendered":"<p>CHP Kad\u0131n Kollar\u0131 Genel Ba\u015fkan\u0131 Aylin Nazl\u0131aka, bug\u00fcn CHP Akyurt \u0130l\u00e7e Kongresi\u2019nde; Yeniden Refah Partisi (YRP) Konya Milletvekili Ali Y\u00fcksel\u2019in kad\u0131nlar\u0131n \u00e7al\u0131\u015fmas\u0131 hakk\u0131nda \u201cKocas\u0131n\u0131n d\u0131\u015f\u0131ndaki insanlara hizmet etmiyor mu\u201d ve tek e\u015flilikle ilgili ise \u201cTek e\u015flilik ve kad\u0131n \u00f6zg\u00fcrl\u00fc\u011f\u00fc erkeklerin bir oyunu\u201d \u015feklindeki s\u00f6zlerine tepki g\u00f6sterdi.<\/p>\n<p><strong>\u201cAL\u0130 Y\u00dcKSEL, BU CESARET\u0130 NEREDEN BULUYOR?\u201d<\/strong><\/p>\n<p>Nazl\u0131aka, \u015funlar\u0131 s\u00f6yledi:<\/p>\n<p>* \u201cBak\u0131n daha d\u00fcn Cumhur \u0130ttifak\u0131\u2019n\u0131n bir orta\u011f\u0131 olan Yeniden Refah Partisi\u2019nin Milletvekili Ali Y\u00fcksel, bir a\u00e7\u0131klama yapt\u0131. Asl\u0131nda o a\u00e7\u0131klamay\u0131 daha \u00f6nce de yapm\u0131\u015ft\u0131. Hatta ben o a\u00e7\u0131klaman\u0131n yer ald\u0131\u011f\u0131, r\u00f6portaj\u0131n yer ald\u0131\u011f\u0131 kitab\u0131 da almak durumunda kald\u0131m. Orada a\u00e7\u0131k\u00e7a \u00e7ok e\u015flili\u011fi savunuyordu ve kendisinin de \u00fc\u00e7 e\u015fli oldu\u011funu s\u00f6yl\u00fcyordu. O d\u00f6nemde hemen Cumhuriyet Savc\u0131l\u0131\u011f\u0131\u2019n\u0131 g\u00f6reve davet ettik. A\u00e7\u0131klamalar yapt\u0131k ve bir cevap niteli\u011finde durumu do\u011frulamayan bir ifade ile ayn\u0131 anda \u00fc\u00e7 ki\u015fiyle evli olmad\u0131\u011f\u0131n\u0131 s\u00f6ylemeye \u00e7al\u0131\u015ft\u0131 ama d\u00fcn kendisi a\u00e7\u0131k\u00e7a \u00fc\u00e7 e\u015fli oldu\u011funu s\u00f6yledi. Yetmedi, \u015feriat \u00e7a\u011fr\u0131s\u0131 yapt\u0131.<\/p>\n<p>* Ali Y\u00fcksel, bu cesareti nereden buluyor? Ali Y\u00fcksel, bu cesareti \u2018Bizim Taliban ile ters d\u00fc\u015fen bir yan\u0131m\u0131z yok\u2019 diyen Erdo\u011fan\u2019dan al\u0131yor. Ali Y\u00fcksel bu cesareti nereden al\u0131yor? Her ge\u00e7en g\u00fcn laiklik suikast\u0131 konusunda vites y\u00fckselten Cumhur \u0130ttifak\u0131\u2019n\u0131n b\u00fct\u00fcn payda\u015flar\u0131ndan al\u0131yor. Ali Y\u00fcksel, bu cesareti nereden al\u0131yor? T\u00fcrkiye Cumhuriyeti\u2019nin bir hukuk devleti oldu\u011funu reddetmekten al\u0131yor. Yetmemi\u015f \u015f\u00f6yle bir \u015fey de s\u00f6ylemi\u015f, \u2018Bizim k\u00f6y\u00fc k\u00f6peksiz zannedip, de\u011fneksiz gezmesinler\u2019\u2026 Ali Y\u00fcksel\u2019e s\u00f6zlerini aynen iade ediyoruz. Bu \u00fclkenin bir de\u011fne\u011fi var, o de\u011fnek de Anayasa\u2019d\u0131r. O de\u011fnek, hukuktur.<\/p>\n<p><strong>\u201cKE\u015eKE ONLARIN SAH\u0130P OLDU\u011eU ONURUN M\u0130LYONDA B\u0130R\u0130 KEND\u0130S\u0130NDE OLSAYMI\u015e\u201d<\/strong><\/p>\n<p>* \u0130\u015fte bu nedenle, kendisine buradan bir kez daha sesleniyoruz; b\u00f6yle tehditlerle falan kimseyi korkutamaz. Ondan korkan onun gibi olsun. Bir de kad\u0131n hostesleri, kad\u0131n garsonlar\u0131 a\u015fa\u011f\u0131lam\u0131\u015f. Ke\u015fke onlar\u0131n sahip oldu\u011fu onurun milyonda biri kendisinde olsaym\u0131\u015f. Ama buradan bir \u00e7a\u011fr\u0131da bulunal\u0131m, bir milletvekilinin g\u00f6revi ba\u015fta Anayasa olmak \u00fczere t\u00fcm kanunlara sahip \u00e7\u0131kmak olmal\u0131d\u0131r. Dolay\u0131s\u0131yla T\u00fcrkiye Cumhuriyeti\u2019nin hukuk devleti oldu\u011funu reddeden bir ki\u015fi, milletvekili olmaz. Milletvekilli\u011fi derhal d\u00fc\u015f\u00fcr\u00fclmelidir.\u201d (ANKA)<\/p>\n","protected":false},"excerpt":{"rendered":"<p>CHP Kad\u0131n Kollar\u0131 Genel Ba\u015fkan\u0131 Aylin Nazl\u0131aka, CHP Akyurt \u0130l\u00e7e Kongresi&#8217;nde; Yeniden Refah Partisi (YRP) Konya Milletvekili Ali Y\u00fcksel&#8217;in kad\u0131nlar\u0131n \u00e7al\u0131\u015fmas\u0131 hakk\u0131nda \u201cKocas\u0131n\u0131n d\u0131\u015f\u0131ndaki insanlara hizmet etmiyor mu\u201d s\u00f6zlerine \u201cKe\u015fke onlar\u0131n sahip oldu\u011fu onurun milyonda biri kendisinde olsaym\u0131\u015f. T\u00fcrkiye Cumhuriyeti&#8217;nin hukuk devleti oldu\u011funu reddeden bir ki\u015fi, milletvekili olmaz. Milletvekilli\u011fi derhal d\u00fc\u015f\u00fcr\u00fclmelidir&#8221; diye tepki g\u00f6sterdi.<\/p>\n","protected":false},"author":1,"featured_media":116050,"comment_status":"closed","ping_status":"open","sticky":false,"template":"","format":"standard","meta":{"footnotes":""},"categories":[26],"tags":[13573,1122,13572,209],"class_list":["post-116049","post","type-post","status-publish","format-standard","has-post-thumbnail","hentry","category-gundem","tag-ali-yuksel","tag-cumhur","tag-esli","tag-kadin"],"_links":{"self":[{"href":"https:\/\/haberulus.net\/index.php?rest_route=\/wp\/v2\/posts\/116049","targetHints":{"allow":["GET"]}}],"collection":[{"href":"https:\/\/haberulus.net\/index.php?rest_route=\/wp\/v2\/posts"}],"about":[{"href":"https:\/\/haberulus.net\/index.php?rest_route=\/wp\/v2\/types\/post"}],"author":[{"embeddable":true,"href":"https:\/\/haberulus.net\/index.php?rest_route=\/wp\/v2\/users\/1"}],"replies":[{"embeddable":true,"href":"https:\/\/haberulus.net\/index.php?rest_route=%2Fwp%2Fv2%2Fcomments&post=116049"}],"version-history":[{"count":1,"href":"https:\/\/haberulus.net\/index.php?rest_route=\/wp\/v2\/posts\/116049\/revisions"}],"predecessor-version":[{"id":116051,"href":"https:\/\/haberulus.net\/index.php?rest_route=\/wp\/v2\/posts\/116049\/revisions\/116051"}],"wp:featuredmedia":[{"embeddable":true,"href":"https:\/\/haberulus.net\/index.php?rest_route=\/wp\/v2\/media\/116050"}],"wp:attachment":[{"href":"https:\/\/haberulus.net\/index.php?rest_route=%2Fwp%2Fv2%2Fmedia&parent=116049"}],"wp:term":[{"taxonomy":"category","embeddable":true,"href":"https:\/\/haberulus.net\/index.php?rest_route=%2Fwp%2Fv2%2Fcategories&post=116049"},{"taxonomy":"post_tag","embeddable":true,"href":"https:\/\/haberulus.net\/index.php?rest_route=%2Fwp%2Fv2%2Ftags&post=116049"}],"curies":[{"name":"wp","href":"https:\/\/api.w.org\/{rel}","templated":true}]}}