{"id":116140,"date":"2023-08-21T06:21:03","date_gmt":"2023-08-21T06:21:03","guid":{"rendered":"https:\/\/haberulus.net\/?p=116140"},"modified":"2023-08-21T06:21:03","modified_gmt":"2023-08-21T06:21:03","slug":"engin-baltaci-iceride-bir-suru-firildaklarin-dondugunu-biliyoruz","status":"publish","type":"post","link":"https:\/\/haberulus.net\/?p=116140","title":{"rendered":"Engin Baltac\u0131: \u0130\u00e7eride bir s\u00fcr\u00fc f\u0131r\u0131ldaklar\u0131n d\u00f6nd\u00fc\u011f\u00fcn\u00fc biliyoruz"},"content":{"rendered":"<p>Be\u015fikta\u015f Kul\u00fcb\u00fc \u0130kinci Ba\u015fkan\u0131 Engin Baltac\u0131, Pendikspor ma\u00e7\u0131ndaki hakem y\u00f6netimine tepki g\u00f6sterdi.<\/p>\n<p>Be\u015fikta\u015f Park\u2019ta oynanan ve 1-1\u2019lik e\u015fitlikle sona eren m\u00fcsabakan\u0131n ard\u0131ndan bas\u0131n mensuplar\u0131na konu\u015fan Baltac\u0131, sonu\u00e7 i\u00e7in taraftarlar\u0131ndan \u00f6z\u00fcr diledi.<\/p>\n<p>Sahadaki oyunu kendi i\u00e7lerinde halledeceklerine inand\u0131klar\u0131n\u0131 vurgulayan Baltac\u0131, \u201cBu bizim i\u00e7in herhangi bir umutsuzluk nedeni, \u015fampiyon olaca\u011f\u0131m\u0131za olan inanc\u0131m\u0131z\u0131 en k\u00fc\u00e7\u00fck \u015fekilde zedelemeyecek bir \u015fey ama hepiniz g\u00f6rd\u00fcn\u00fcz, ben bu ak\u015fam ne diyeyim? Duygular\u0131m\u0131 size, Be\u015fikta\u015f camias\u0131na nas\u0131l anlatay\u0131m? Ge\u00e7en seneden beri hep ayn\u0131 \u015feyi anlat\u0131yoruz. Kalbi, vicdan\u0131 olanlar bu ak\u015fam\u0131 bir d\u00fc\u015f\u00fcns\u00fcnler. Futbolu y\u00f6netme iddias\u0131nda oldu\u011funu s\u00f6yleyenler, trib\u00fcnlerde \u00e7irkin tezah\u00fcrat olmas\u0131n, biz \u015feffaf\u0131z, bir adiliz, herkese ayn\u0131 mesafedeyiz, biz g\u00fcveniliriz diyenler Allah a\u015fk\u0131na bu ak\u015fam ya\u015fanan faciay\u0131 g\u00f6rs\u00fcnler.\u201d ifadelerini kulland\u0131.<\/p>\n<p><b>\u201cM\u0130NAREYE KILIF ARAMAYA \u00c7ALI\u015eTIKLARINI B\u0130L\u0130YORUZ\u201d<\/b><\/p>\n<p>Att\u0131klar\u0131 gol\u00fcn g\u00f6z g\u00f6re g\u00f6re yendi\u011fini belirten Baltac\u0131, \u015f\u00f6yle devam etti:<\/p>\n<p>\u201cBiri \u00e7\u0131k\u0131p yar\u0131n bize bunun aksini g\u00f6stersin. Desin ki \u2018arkada\u015flar golm\u00fc\u015f, penalt\u0131 de\u011filmi\u015f, \u00f6z\u00fcr diliyoruz\u2019 desinler. \u00d6p\u00fcp ba\u015f\u0131ma koyaca\u011f\u0131m, gidip kap\u0131s\u0131nda \u00f6z\u00fcr dileyece\u011fim bu ak\u015famki sert konu\u015fmam y\u00fcz\u00fcnden. D\u00fcn ak\u015fam bir kul\u00fcp ba\u015fkan\u0131 galip geldi\u011fi bir ma\u00e7tan sonra \u00e7\u0131k\u0131yor, hakemlere sall\u0131yor, o hakemlere sallam\u0131\u015f oluyor, bir \u015fey olmuyor. Bizim g\u00f6z g\u00f6re g\u00f6re gol\u00fcm\u00fcz yeniyor. \u0130\u00e7eride bir s\u00fcr\u00fc f\u0131r\u0131ldaklar\u0131n d\u00f6nd\u00fc\u011f\u00fcn\u00fc biliyoruz \u015fu anda. Raporu faul m\u00fc yazsak diye minareye k\u0131l\u0131f aramaya \u00e7al\u0131\u015ft\u0131klar\u0131n\u0131 biliyoruz. Ay\u0131p de\u011fil midir, g\u00fcnah de\u011fil midir? \u0130yi oynam\u0131\u015f\u0131z, k\u00f6t\u00fc oynam\u0131\u015f\u0131z bu ba\u015fka bir konu. Futboldan birazc\u0131k anlayan biri diyebilir mi, \u2018Be\u015fikta\u015f\u2019\u0131n att\u0131\u011f\u0131 gol, gol de\u011fildi\u2019 diye. Nereye kadar gidecek bu? Koca Be\u015fikta\u015f camias\u0131yla kavga etmeye mi devam edecekler? B\u00f6yle mi \u00f6nleyece\u011fiz trib\u00fcnlerdeki k\u00f6t\u00fc tezah\u00fcrat\u0131? \u00d6n\u00fcm\u00fczdeki ilk Be\u015fikta\u015f i\u00e7 saha ma\u00e7\u0131nda Be\u015fikta\u015f seyircisi bir tepki verirse bunun sorumlusu o tepkiyi veren \u00e7ocuklar m\u0131 olacaklar, biz mi olaca\u011f\u0131z tahrik\u00e7i, yoksa tahrik\u00e7i en ba\u015fta federasyondan itibaren Merkez Hakem Kurulundan, tetik\u00e7i hakemine onlar m\u0131 oluyorlar?\u201d<\/p>\n<p><b>\u201cVAR KAYITLARI YARIN A\u00c7IKLANSI\u201d<\/b><\/p>\n<p>Engin Baltac\u0131, VAR kay\u0131tlar\u0131n\u0131n hemen a\u00e7\u0131klanmas\u0131 gerekti\u011fini s\u00f6yledi.<\/p>\n<p>Be\u015fikta\u015f camias\u0131na \u00f6n yarg\u0131l\u0131 davran\u0131ld\u0131\u011f\u0131n\u0131 dile getiren Baltac\u0131, \u201cYar\u0131n benim taraftar\u0131m federasyonun kap\u0131s\u0131na dayanmaya kalksa, ben onlar\u0131 durdurabilir miyim? \u015eimdi beni Profesyonel Disiplin Kuruluna sevk edecek b\u00fcy\u00fck bir ihtimalle federasyon. Seyirciyi tahrik ediyorum, hakemleri, federasyonu itibars\u0131zla\u015ft\u0131r\u0131yorum diye. Ge\u00e7en sene federasyon bana; \u2018mant\u0131k d\u0131\u015f\u0131, ak\u0131l d\u0131\u015f\u0131\u2019 dedi\u011finde hakaret etmi\u015f olmuyor muydu? Biz yolumuzu biliyoruz. Biz sonunda hakemini de MHK\u2019sini de federasyonunu da kurullar\u0131n\u0131 da hep birlikte gol \u00e7izgisinden i\u00e7eri ge\u00e7irip \u015fampiyon olaca\u011f\u0131z, hi\u00e7 ku\u015fkumuz yok ama bu ortam\u0131 bu kadar germenin anlam\u0131 var m\u0131?\u201d ifadelerini kulland\u0131.<\/p>\n<p><b>\u201cHAKEM KARARI BU, KURAL \u0130HLAL\u0130 DE\u011e\u0130L\u201d<\/b><\/p>\n<p>Baltac\u0131, ge\u00e7erli say\u0131lmayan gol\u00fcn topun d\u0131\u015fardan oyun alan\u0131na d\u00f6nmesi gerek\u00e7esiyle iptal edildi\u011fini belirterek, \u201cYar\u0131n VAR kay\u0131tlar\u0131n\u0131 a\u00e7\u0131klas\u0131nlar. Bu ak\u015fam VAR \u00e7izgisi \u00e7izebildiler mi iptal edilen gole? Korner at\u0131ld\u0131\u011f\u0131 anda yan hakemin bayra\u011f\u0131 havada. Hakem de \u00e7izgiyi g\u00f6steriyor. D\u00f6rd\u00fcnc\u00fc hakem de bizim kul\u00fcbeye d\u00f6n\u00fcp \u2018d\u0131\u015far\u0131dan geldi top\u2019 diyor. S\u00f6yleyebiliyorlarsa aksini s\u00f6ylesinler. \u015eimdi haberi al\u0131yoruz ki pozisyon faulm\u00fc\u015f gibi bir rapor d\u00fczenlenmeye \u00e7al\u0131\u015f\u0131l\u0131yormu\u015f. \u0130nceleyece\u011fiz ama hakem karar\u0131 bu, kurar ihlali de\u011fil.\u201d de\u011ferlendirmesinde bulundu.<\/p>\n<p>Adaleti aramak i\u00e7in Riva\u2019ya gitmeyeceklerini, b\u00f6yle bir y\u00f6ntemlerinin bulunmad\u0131\u011f\u0131n\u0131 aktaran Baltac\u0131, \u015funlar\u0131 kaydetti:<\/p>\n<p>\u201cBiz d\u00fc\u015f\u00fcnd\u00fc\u011f\u00fcm\u00fcz\u00fc insanlar\u0131n y\u00fcz\u00fcne s\u00f6yledik. Biz ba\u015ftan elimizde \u015fu var, bu var diye efelenenlerden de\u011filiz. Biz g\u00f6rd\u00fc\u011f\u00fcm\u00fcz\u00fc an\u0131nda s\u00f6yl\u00fcyoruz o y\u00fczden de k\u00f6t\u00fc oluyoruz. Yanl\u0131\u015fs\u0131n\u0131z diyoruz, yanl\u0131\u015flar\u0131n\u0131 d\u00fczeteceklerine bizi d\u00fczeltmeye \u00e7al\u0131\u015f\u0131yorlar. Yar\u0131n \u00e7\u0131ks\u0131n bu pozisyonun gol olmad\u0131\u011f\u0131n\u0131 biri kan\u0131tlas\u0131n, hepinizin \u00f6n\u00fcnde \u00f6z\u00fcr dileyece\u011fim. 20 tane \u00e7ekim g\u00f6rd\u00fcm, hi\u00e7birinde top \u00e7izgiyi ge\u00e7miyor. Niye VAR \u00e7izgisini \u00e7ekemediler? Penalt\u0131 pozisyonunda rakibin aya\u011f\u0131n\u0131 takaca\u011f\u0131 belli. Bu penalt\u0131y\u0131 her tak\u0131ma \u00e7alabilir misiniz? D\u00fc\u015fman oldu\u011funuz tak\u0131ma \u00e7alars\u0131n\u0131z.\u201d<\/p>\n<p>Engin Baltac\u0131, Pendikspor Teknik Direkt\u00f6r\u00fc Osman \u00d6zk\u00f6yl\u00fc\u2019n\u00fcn a\u00e7\u0131klamalar\u0131na ili\u015fkin ise \u201cBe\u015fikta\u015f\u2019a ayar vermeye kalkm\u0131\u015flar, ay\u0131p eder diye. Haddi de\u011fil. Teknik adam\u0131n, bir y\u00f6netime, bir kul\u00fcbe ayar vermeye kalk\u0131\u015fmas\u0131 haddi de\u011fildir. Herkes haddini bilecek.\u201d ifadesini kulland\u0131.<\/p>\n","protected":false},"excerpt":{"rendered":"<p>Be\u015fikta\u015f Kul\u00fcb\u00fc \u0130kinci Ba\u015fkan\u0131 Engin Baltac\u0131, Pendikspor ile 1-1 berabere kald\u0131klar\u0131 ma\u00e7\u0131n ard\u0131ndan Colley&#8217;in say\u0131lmayan gol\u00fc i\u00e7in tepki g\u00f6sterdi.<\/p>\n","protected":false},"author":1,"featured_media":116141,"comment_status":"closed","ping_status":"open","sticky":false,"template":"","format":"standard","meta":{"footnotes":""},"categories":[31],"tags":[13576,324,5831,323,208],"class_list":["post-116140","post","type-post","status-publish","format-standard","has-post-thumbnail","hentry","category-spor","tag-baltaci","tag-besiktas","tag-federasyon","tag-gol","tag-hakem"],"_links":{"self":[{"href":"https:\/\/haberulus.net\/index.php?rest_route=\/wp\/v2\/posts\/116140","targetHints":{"allow":["GET"]}}],"collection":[{"href":"https:\/\/haberulus.net\/index.php?rest_route=\/wp\/v2\/posts"}],"about":[{"href":"https:\/\/haberulus.net\/index.php?rest_route=\/wp\/v2\/types\/post"}],"author":[{"embeddable":true,"href":"https:\/\/haberulus.net\/index.php?rest_route=\/wp\/v2\/users\/1"}],"replies":[{"embeddable":true,"href":"https:\/\/haberulus.net\/index.php?rest_route=%2Fwp%2Fv2%2Fcomments&post=116140"}],"version-history":[{"count":1,"href":"https:\/\/haberulus.net\/index.php?rest_route=\/wp\/v2\/posts\/116140\/revisions"}],"predecessor-version":[{"id":116142,"href":"https:\/\/haberulus.net\/index.php?rest_route=\/wp\/v2\/posts\/116140\/revisions\/116142"}],"wp:featuredmedia":[{"embeddable":true,"href":"https:\/\/haberulus.net\/index.php?rest_route=\/wp\/v2\/media\/116141"}],"wp:attachment":[{"href":"https:\/\/haberulus.net\/index.php?rest_route=%2Fwp%2Fv2%2Fmedia&parent=116140"}],"wp:term":[{"taxonomy":"category","embeddable":true,"href":"https:\/\/haberulus.net\/index.php?rest_route=%2Fwp%2Fv2%2Fcategories&post=116140"},{"taxonomy":"post_tag","embeddable":true,"href":"https:\/\/haberulus.net\/index.php?rest_route=%2Fwp%2Fv2%2Ftags&post=116140"}],"curies":[{"name":"wp","href":"https:\/\/api.w.org\/{rel}","templated":true}]}}