{"id":116158,"date":"2023-08-21T06:51:04","date_gmt":"2023-08-21T06:51:04","guid":{"rendered":"https:\/\/haberulus.net\/?p=116158"},"modified":"2023-08-21T06:51:04","modified_gmt":"2023-08-21T06:51:04","slug":"senol-gunesten-yayinci-kurulus-ve-guntekin-onaya-tepki","status":"publish","type":"post","link":"https:\/\/haberulus.net\/?p=116158","title":{"rendered":"\u015eenol G\u00fcne\u015f\u2019ten yay\u0131nc\u0131 kurulu\u015f ve G\u00fcntekin Onay\u2019a tepki!"},"content":{"rendered":"<p>Trendyol S\u00fcper Lig\u2019in 2. haftas\u0131nda Pendikspor\u2019la 1-1 berabere kalan Be\u015fikta\u015f\u2019ta teknik direkt\u00f6r \u015eenol G\u00fcne\u015f, ikinci yar\u0131da yapt\u0131\u011f\u0131 hamlelerin kar\u015f\u0131l\u0131\u011f\u0131n\u0131 alamad\u0131klar\u0131n\u0131 s\u00f6yledi.<\/p>\n<p>Ma\u00e7\u0131n ard\u0131ndan d\u00fczenlenen bas\u0131n toplant\u0131s\u0131nda konu\u015fan G\u00fcne\u015f, \u201cBug\u00fcn maalesef 2 puan kaybettik. Ma\u00e7\u0131n tamam\u0131na bak\u0131nca kazanmak i\u00e7in pozisyonlar\u0131m\u0131z oldu\u011funu d\u00fc\u015f\u00fcn\u00fcyorum. \u0130lk yar\u0131da oyunu rakip sahada oynad\u0131k. Duran toptan gol att\u0131k ama final paslar\u0131n\u0131 do\u011fru kullanamad\u0131\u011f\u0131m\u0131z i\u00e7in goller bulamad\u0131k. \u0130kinci yar\u0131da rakip gelmeye ba\u015flay\u0131nca \u00f6nde top tutmaya \u00e7al\u0131\u015ft\u0131k ama ba\u015faramad\u0131k. Ma\u00e7taki olumsuz d\u00f6nemde de 2 net pozisyonumuz vard\u0131. Gol\u00fc bulup ma\u00e7\u0131 bitirebilirdik. Futbolda bazen s\u00fcrprizler olabilir, bug\u00fcn bizim ba\u015f\u0131m\u0131za geldi. Ma\u00e7lar oynanmadan kazan\u0131lm\u0131yor. \u0130kinci yar\u0131da yorulanlar\u0131n yerine girenlerin tekni\u011fine g\u00fcvenerek top tutmaya \u00e7al\u0131\u015ft\u0131k. Chamberlain\u2019le pozisyonda bulduk. Aboubakar\u2019\u0131n da pozisyonu vard\u0131. Ba\u015far\u0131l\u0131 olamad\u0131k. Oyun \u00fcst\u00fcnl\u00fc\u011f\u00fc skora yans\u0131mad\u0131.\u201d ifadelerini kulland\u0131.<\/p>\n<p><b>YAYINCI KURULU\u015e BEINSPORTS\u2019A TEPK\u0130: FUTBOLU S\u0130Z KARALIYORSUNUZ!<\/b><\/p>\n<p>;Yay\u0131nc\u0131 kurulu\u015fun s\u00f6ylemedi\u011fi ifadeleri s\u00f6ylemi\u015f gibi kamuoyuna aktard\u0131\u011f\u0131n\u0131 s\u00f6yleyen G\u00fcne\u015f, \u015f\u00f6yle devam etti:<\/p>\n<p>\u201cColley\u2019in pozisyonunu g\u00f6rmedim. Yay\u0131nc\u0131 kurulu\u015fta G\u00fcntekin Onay a\u00e7t\u0131 konuyu. Benim konu\u015fmam \u00fczerine sanki hakemi su\u00e7lam\u0131\u015f\u0131m gibi konu\u015ftular. Terbiyesizlik yap\u0131yorlar. Ben hakemle ilgili bir \u015fey konu\u015fmad\u0131m. Yorum yapabilirsin ama sayg\u0131s\u0131zl\u0131k yap\u0131yorsun. \u0130fade etmedi\u011fim \u015feyi ifade etmi\u015f gibi kamuoyuna s\u00f6yl\u00fcyorsun. Ben hakemle ilgili bir \u015fey s\u00f6ylemedim. Bana soru soran da yay\u0131nc\u0131 kurulu\u015fun muhabiri. Hakem ne g\u00f6rm\u00fc\u015fse onu vermi\u015ftir. Bu hakem su\u00e7lamas\u0131 m\u0131d\u0131r? Demedi\u011fim \u015feyden bir \u015fey konu\u015fuluyorsa bir organizasyon var diye d\u00fc\u015f\u00fcn\u00fcr\u00fcm. Ki\u015fisel sayg\u0131s\u0131zl\u0131\u011f\u0131 kabul edemem. Kendi muhabirleri bana soruyor. Hakemi de su\u00e7lamad\u0131m. Ben hi\u00e7bir \u015feye kar\u0131\u015fmad\u0131m. Bir \u015fey demedim. G\u00f6rm\u00fc\u015fse vermi\u015fse mesele kapanm\u0131\u015ft\u0131r. Sayg\u0131s\u0131zl\u0131k yap\u0131yorlar haddini bilsinler. Bu \u00e7ok terbiyesizce bir ifadeydi. Yay\u0131nc\u0131 kurulu\u015fu uyar\u0131yorum. Futbolu siz karal\u0131yorsunuz. Sizin marka de\u011feriniz de yok, sayg\u0131n\u0131z da yok.\u201d<\/p>\n<p><b>\u015eENOL G\u00dcNE\u015e CANLI YAYINDA NE DEM\u0130\u015eT\u0130?<\/b><\/p>\n<p><em>\u201cHakemlerle ilgili konu\u015fmaya gerek yok. Hakem nedir, VAR nedir? Konu\u015fursak a\u011f\u0131r oluyor, gerek yok. Yerimizde oturuyoruz zaten, \u00e7ok konu\u015fmuyoruz. Autsa, gol de\u011fil. Aut de\u011filse, o zaman bilmiyorum. Penalt\u0131ysa penalt\u0131d\u0131r bilmiyorum. Hakem bir karar verdi\u011fine g\u00f6re, herhalde g\u00f6rm\u00fc\u015f de vermi\u015ftir\u201d<\/em><\/p>\n<p>Bu \u015fekilde bir kay\u0131p beklemediklerini belirten G\u00fcne\u015f, \u201cTak\u0131m\u0131n bir \u00f6zg\u00fcveni vard\u0131. Saham\u0131zda olmam\u0131za ra\u011fmen savunma yaparken dikine at\u0131lan topla penalt\u0131 yapmam\u0131z ve gol yememizin ac\u0131s\u0131 b\u00fcy\u00fck oldu. 60. dakikada \u00f6nde top tutabilecek d\u00fc\u015f\u00fcnd\u00fc\u011f\u00fcm\u00fcz Chamberlain ve Rashica\u2019y\u0131 koyduk. Zaman zaman parlad\u0131lar. Son b\u00f6l\u00fcmde Aboubakar da yorulmu\u015ftu. Amir, Salih Gedson da yoruldu. Oyuncular\u0131m\u0131n niyetinden \u015f\u00fcphem yok. \u00dc\u00e7\u00fcnc\u00fc b\u00f6lgede final paslar\u0131n\u0131 daha iyi yap\u0131p pozisyonlar\u0131 de\u011ferlendirmek laz\u0131m. \u00d6nde bask\u0131m\u0131z\u0131 bug\u00fcn az yapt\u0131k. Bask\u0131 yapmay\u0131nca rakip de uzun top at\u0131yordu. \u0130kinci yar\u0131da daha fazla oldu. Oyundan d\u00fc\u015fme ba\u015flay\u0131nca top tutamad\u0131k. Futbol hatalar oyunudur. Kaybedilecek ma\u00e7 de\u011fildi. 1-0\u2019\u0131 2-0 yapmam\u0131z gerekirdi, onu yapamad\u0131k.\u201d de\u011ferlendirmesinde bulundu.<\/p>\n<p>G\u00fcne\u015f, UEFA Avrupa Konferans Ligi play-off turundaki rakipleri Dinamo Kiev\u2019i elemek istediklerini de dile getirerek, \u201cBuradaki yaray\u0131 unutaca\u011f\u0131z. D\u00fc\u015ft\u00fc\u011f\u00fcm\u00fcz yerde kalmay\u0131z, tekrar aya\u011fa kalkar\u0131z. Elimizden gelen gayreti g\u00f6sterece\u011fiz. Onlar\u0131 da elemek ve ligde de \u015fampiyon olmak istiyoruz.\u201d dedi.<\/p>\n","protected":false},"excerpt":{"rendered":"<p>Be\u015fikta\u015f Teknik Direkt\u00f6r\u00fc \u015eenol G\u00fcne\u015f, Pendikspor ile 1-1 berabere kald\u0131klar\u0131 kar\u015f\u0131la\u015fman\u0131n ard\u0131ndan bas\u0131n mensuplar\u0131n\u0131n kar\u015f\u0131s\u0131na ge\u00e7ti. G\u00fcne\u015f, yay\u0131nc\u0131 kurulu\u015fta yapt\u0131\u011f\u0131 a\u00e7\u0131klamalar\u0131n yine ayn\u0131 kanaldaki yorumcular taraf\u0131ndan ba\u015fka bir yere \u00e7ekildi\u011fini belirterek tepki g\u00f6sterdi<\/p>\n","protected":false},"author":1,"featured_media":116159,"comment_status":"closed","ping_status":"open","sticky":false,"template":"","format":"standard","meta":{"footnotes":""},"categories":[31],"tags":[208,265,5523,290,207],"class_list":["post-116158","post","type-post","status-publish","format-standard","has-post-thumbnail","hentry","category-spor","tag-hakem","tag-ifade","tag-kurulus","tag-mac","tag-top"],"_links":{"self":[{"href":"https:\/\/haberulus.net\/index.php?rest_route=\/wp\/v2\/posts\/116158","targetHints":{"allow":["GET"]}}],"collection":[{"href":"https:\/\/haberulus.net\/index.php?rest_route=\/wp\/v2\/posts"}],"about":[{"href":"https:\/\/haberulus.net\/index.php?rest_route=\/wp\/v2\/types\/post"}],"author":[{"embeddable":true,"href":"https:\/\/haberulus.net\/index.php?rest_route=\/wp\/v2\/users\/1"}],"replies":[{"embeddable":true,"href":"https:\/\/haberulus.net\/index.php?rest_route=%2Fwp%2Fv2%2Fcomments&post=116158"}],"version-history":[{"count":1,"href":"https:\/\/haberulus.net\/index.php?rest_route=\/wp\/v2\/posts\/116158\/revisions"}],"predecessor-version":[{"id":116160,"href":"https:\/\/haberulus.net\/index.php?rest_route=\/wp\/v2\/posts\/116158\/revisions\/116160"}],"wp:featuredmedia":[{"embeddable":true,"href":"https:\/\/haberulus.net\/index.php?rest_route=\/wp\/v2\/media\/116159"}],"wp:attachment":[{"href":"https:\/\/haberulus.net\/index.php?rest_route=%2Fwp%2Fv2%2Fmedia&parent=116158"}],"wp:term":[{"taxonomy":"category","embeddable":true,"href":"https:\/\/haberulus.net\/index.php?rest_route=%2Fwp%2Fv2%2Fcategories&post=116158"},{"taxonomy":"post_tag","embeddable":true,"href":"https:\/\/haberulus.net\/index.php?rest_route=%2Fwp%2Fv2%2Ftags&post=116158"}],"curies":[{"name":"wp","href":"https:\/\/api.w.org\/{rel}","templated":true}]}}