{"id":116230,"date":"2023-08-21T08:51:04","date_gmt":"2023-08-21T08:51:04","guid":{"rendered":"https:\/\/haberulus.net\/?p=116230"},"modified":"2023-08-21T08:51:04","modified_gmt":"2023-08-21T08:51:04","slug":"memur-sen-genel-baskani-yalcindan-zam-aciklamasi","status":"publish","type":"post","link":"https:\/\/haberulus.net\/?p=116230","title":{"rendered":"Memur-Sen Genel Ba\u015fkan\u0131 Yal\u00e7\u0131n\u2019dan \u2018zam\u2019 a\u00e7\u0131klamas\u0131"},"content":{"rendered":"<p>Memur ve memur emeklilerinin 2024-2025 y\u0131llar\u0131ndaki mali ve sosyal haklar\u0131n\u0131n belirlenece\u011fi 7. D\u00f6nem Kamu Toplu S\u00f6zle\u015fmesi g\u00f6r\u00fc\u015fmelerinde h\u00fck\u00fcmetin iki teklifini de kabul etmeyen Memur-Sen Genel Ba\u015fkan\u0131 Ali Yal\u00e7\u0131n toplu s\u00f6zle\u015fmeye ili\u015fkin a\u00e7\u0131klamalarda bulundu.<\/p>\n<p>Yal\u00e7\u0131n a\u00e7\u0131klamalar\u0131nda \u015fu ifadelere yer verdi:<\/p>\n<p>* Toplu s\u00f6zle\u015fme g\u00f6r\u00fc\u015fmelerinde 21. g\u00fcn\u00fc geride b\u0131rak\u0131yoruz. Son 36 saatine girdi\u011fimiz g\u00f6r\u00fc\u015fmelerin kritik kav\u015fa\u011f\u0131nda sizleri bilgilendirmek, ya\u015fanan s\u00fcreci \u00f6zetlemek ve geldi\u011fimiz a\u015famay\u0131 payla\u015fmak i\u00e7in bir araday\u0131z.<\/p>\n<p>* Her ne kadar oransal zamda uzla\u015f\u0131lacak noktaya gelemediysek de; hem hizmet kolu tekliflerinde hem de genele ili\u015fkin b\u00f6l\u00fcmde baz\u0131 kritik ba\u015fl\u0131klarda \u00f6nemli ilerlemeler sa\u011flam\u0131\u015f g\u00f6r\u00fcn\u00fcyoruz.<\/p>\n<p>* Refah pay\u0131 iste\u011fimiz, enflasyonist ortamda konformist bir beklenti de\u011fil, al\u0131m g\u00fcc\u00fcm\u00fcz\u00fc koruyacak g\u00fc\u00e7l\u00fc bir enstr\u00fcmand\u0131r.<\/p>\n<p>* Kamu \u0130\u015fvereni ve h\u00fck\u00fcmetten yar\u0131n, aileleriyle birlikte 25 milyon kamu g\u00f6revlisi ve emeklisini mutlu edecek ve Memur-Sen&#8217;e imza att\u0131racak teklifi bekliyoruz. (DHA)<\/p>\n<p>AYRINTILAR GEL\u0130YOR\u2026<\/p>\n","protected":false},"excerpt":{"rendered":"<p>Memur-Sen Genel Ba\u015fkan\u0131 Ali Yal\u00e7\u0131n toplu s\u00f6zle\u015fmeye ili\u015fkin yapt\u0131\u011f\u0131 a\u00e7\u0131klamada &#8220;Her ne kadar oransal zamda uzla\u015f\u0131lacak noktaya gelemediysek de; hem hizmet kolu tekliflerinde hem de genele ili\u015fkin b\u00f6l\u00fcmde baz\u0131 kritik ba\u015fl\u0131klarda \u00f6nemli ilerlemeler sa\u011flam\u0131\u015f g\u00f6r\u00fcn\u00fcyoruz&#8221; dedi.<\/p>\n","protected":false},"author":1,"featured_media":116231,"comment_status":"closed","ping_status":"open","sticky":false,"template":"","format":"standard","meta":{"footnotes":""},"categories":[25],"tags":[],"class_list":["post-116230","post","type-post","status-publish","format-standard","has-post-thumbnail","hentry","category-ekonomi"],"_links":{"self":[{"href":"https:\/\/haberulus.net\/index.php?rest_route=\/wp\/v2\/posts\/116230","targetHints":{"allow":["GET"]}}],"collection":[{"href":"https:\/\/haberulus.net\/index.php?rest_route=\/wp\/v2\/posts"}],"about":[{"href":"https:\/\/haberulus.net\/index.php?rest_route=\/wp\/v2\/types\/post"}],"author":[{"embeddable":true,"href":"https:\/\/haberulus.net\/index.php?rest_route=\/wp\/v2\/users\/1"}],"replies":[{"embeddable":true,"href":"https:\/\/haberulus.net\/index.php?rest_route=%2Fwp%2Fv2%2Fcomments&post=116230"}],"version-history":[{"count":1,"href":"https:\/\/haberulus.net\/index.php?rest_route=\/wp\/v2\/posts\/116230\/revisions"}],"predecessor-version":[{"id":116232,"href":"https:\/\/haberulus.net\/index.php?rest_route=\/wp\/v2\/posts\/116230\/revisions\/116232"}],"wp:featuredmedia":[{"embeddable":true,"href":"https:\/\/haberulus.net\/index.php?rest_route=\/wp\/v2\/media\/116231"}],"wp:attachment":[{"href":"https:\/\/haberulus.net\/index.php?rest_route=%2Fwp%2Fv2%2Fmedia&parent=116230"}],"wp:term":[{"taxonomy":"category","embeddable":true,"href":"https:\/\/haberulus.net\/index.php?rest_route=%2Fwp%2Fv2%2Fcategories&post=116230"},{"taxonomy":"post_tag","embeddable":true,"href":"https:\/\/haberulus.net\/index.php?rest_route=%2Fwp%2Fv2%2Ftags&post=116230"}],"curies":[{"name":"wp","href":"https:\/\/api.w.org\/{rel}","templated":true}]}}