{"id":116257,"date":"2023-08-21T09:35:03","date_gmt":"2023-08-21T09:35:03","guid":{"rendered":"https:\/\/haberulus.net\/?p=116257"},"modified":"2023-08-21T09:35:03","modified_gmt":"2023-08-21T09:35:03","slug":"memur-senden-hukumete-enflasyon-farki-resti-bu-zam-falan-degil-gecmise-donuk-alacagimizdir","status":"publish","type":"post","link":"https:\/\/haberulus.net\/?p=116257","title":{"rendered":"Memur-Sen&#8217;den h\u00fck\u00fcmete enflasyon fark\u0131 resti: Bu zam falan de\u011fil, ge\u00e7mi\u015fe d\u00f6n\u00fck alaca\u011f\u0131m\u0131zd\u0131r"},"content":{"rendered":"<p>Yakla\u015f\u0131k 4 milyon memur ve 2,5 milyon memur emeklisini ilgilendiren toplu s\u00f6zle\u015fme pazarl\u0131\u011f\u0131na hen\u00fcz anla\u015fma sa\u011flanamad\u0131. H\u00fck\u00fcmetin son teklifi de memurlar\u0131 memnun etmezken, taraflar yar\u0131n bir kez daha bir araya gelecek. H\u00fck\u00fcmetin son teklifini yapaca\u011f\u0131 toplant\u0131 \u00f6ncesi a\u00e7\u0131klamalarda bulunan Memur-Sen Genel Ba\u015fkan\u0131 Ali Yal\u00e7\u0131n, h\u00fck\u00fcmetin enflasyon fark\u0131n\u0131 zam olarak sunmas\u0131n\u0131 ele\u015ftirdi. Yal\u00e7\u0131n, &#8220;A\u00e7\u0131k\u00e7a s\u00f6yl\u00fcyorum, enflasyon fark\u0131 kamu i\u015fvereninin jesti falan de\u011fil toplu s\u00f6zle\u015fme kazan\u0131m\u0131m\u0131z ve ge\u00e7mi\u015fe d\u00f6n\u00fck alaca\u011f\u0131m\u0131zd\u0131r.&#8221; dedi.<\/p>\n<p><strong>Yal\u00e7\u0131n toplu s\u00f6zle\u015fme pazarl\u0131\u011f\u0131na ili\u015fkin \u015funlar\u0131 s\u00f6yledi: <\/strong> <\/p>\n<p>&#8220;Toplu s\u00f6zle\u015fme g\u00f6r\u00fc\u015fmelerinde 21. g\u00fcn\u00fc geride b\u0131rak\u0131yoruz. Son 36 saatine girdi\u011fimiz g\u00f6r\u00fc\u015fmelerin kritik kav\u015fa\u011f\u0131nda sizleri bilgilendirmek, ya\u015fanan s\u00fcreci \u00f6zetlemek ve geldi\u011fimiz a\u015famay\u0131 payla\u015fmak i\u00e7in bir araday\u0131z. Ya\u015fanan fiyat istikrars\u0131zl\u0131\u011f\u0131n\u0131 ve ekonomik ko\u015fullar\u0131 g\u00f6z \u00f6n\u00fcne alarak zam tekliflerimizi de bunun \u00fczerinden 3&#8217;er ayl\u0131k sunmu\u015ftuk. Merkez Bankas\u0131&#8217;n\u0131n \u00f6ng\u00f6rd\u00fc\u011f\u00fc enflasyon beklentileri bizim yakla\u015f\u0131m\u0131m\u0131z\u0131 do\u011frulam\u0131\u015f, teyit etmi\u015ftir.<\/p>\n<p><b>&#8220;TEKL\u0130F BEKLENT\u0130LER\u0130 KAR\u015eILAMIYOR&#8221;<\/b><\/p>\n<p>Kamu i\u015fverenin birinci ve ikinci teklifinde getirdi\u011fi rakamlar ne ifade etti\u011fimiz ger\u00e7ekli\u011fe uygun ne de beklentileri kar\u015f\u0131layacak niteliktedir. Y\u00fczdelik teklif toplu s\u00f6zle\u015fmenin esas\u0131, enflasyon fark\u0131 kay\u0131plar\u0131n telafisi, refah pay\u0131 ise al\u0131m g\u00fcc\u00fcn\u00fcn koruman\u0131n g\u00fcvencesidir.<\/p>\n<p><b>&#8220;ENFLASYON FARKI H\u00dcK\u00dcMET\u0130N JEST\u0130 DE\u011e\u0130L&#8221; <\/b><\/p>\n<p>Bug\u00fcn g\u00f6r\u00fcyoruz ki 6 ay boyunca ya\u015fayaca\u011f\u0131m\u0131z s\u0131k\u0131nt\u0131lar sonucu alaca\u011f\u0131m\u0131z enflasyon fark\u0131 zam gibi sunuluyor. A\u00e7\u0131k\u00e7a s\u00f6yl\u00fcyorum, enflasyon fark\u0131 kamu i\u015fvereninin jesti falan de\u011fil toplu s\u00f6zle\u015fme kazan\u0131m\u0131m\u0131z ve ge\u00e7mi\u015fe d\u00f6n\u00fck alaca\u011f\u0131m\u0131zd\u0131r. Her ne kadar oransal zamda uzla\u015f\u0131lacak noktaya gelemediysek de; hem hizmet kolu tekliflerinde hem de genele ili\u015fkin b\u00f6l\u00fcmde baz\u0131 kritik ba\u015fl\u0131klarda \u00f6nemli ilerlemeler sa\u011flam\u0131\u015f g\u00f6r\u00fcn\u00fcyoruz.<\/p>\n<p><b>&#8220;BEKLENT\u0130M\u0130Z A\u00c7IK VE NETT\u0130R&#8221; <\/b><\/p>\n<p>Kamu \u0130\u015fvereni ve h\u00fck\u00fcmetten yar\u0131n, aileleriyle birlikte 25 milyon kamu g\u00f6revlisi ve emeklisini mutlu edecek ve Memur-Sen&#8217;e imza att\u0131racak teklifi bekliyoruz. \u00d6nemli olan masada beklentinin kar\u015f\u0131lanmas\u0131d\u0131r. Beklentimiz ise a\u00e7\u0131k ve nettir. Ger\u00e7ek\u00e7i, piyasa ko\u015fullar\u0131n\u0131 dikkate alan, \u00f6ng\u00f6r\u00fclen enflasyonu ihmal etmeyen, refah pay\u0131 i\u00e7eren, kamu g\u00f6revlilerinin reel al\u0131m g\u00fcc\u00fcn\u00fc y\u00fckseltecek yeni bir teklifle gelinmesidir. Bu sebeple y\u00fczdelik zamda iyile\u015ftirici bir irade, refah pay\u0131nda ise olumlu bir ad\u0131m bekliyoruz. Refah pay\u0131 iste\u011fimiz, enflasyonist ortamda konformist bir beklenti de\u011fil, al\u0131m g\u00fcc\u00fcm\u00fcz\u00fc koruyacak g\u00fc\u00e7l\u00fc bir enstr\u00fcmand\u0131r.&#8221;<\/p>\n","protected":false},"excerpt":{"rendered":"<p>H\u00fck\u00fcmet, memur ve memur emeklisinin toplu s\u00f6zle\u015fme zamm\u0131 pazarl\u0131\u011f\u0131nda yar\u0131n son teklifini sunacak. Kritik toplant\u0131 \u00f6ncesi h\u00fck\u00fcmetin tekliflerinden memnun olmad\u0131klar\u0131n\u0131 belirten Memur-Sen Genel Ba\u015fkan\u0131 Ali Yal\u00e7\u0131n, &#8220;6 ay boyunca ya\u015fayaca\u011f\u0131m\u0131z s\u0131k\u0131nt\u0131lar sonucu alaca\u011f\u0131m\u0131z enflasyon fark\u0131 zam gibi sunuluyor. Enflasyon fark\u0131 kamu i\u015fvereninin jesti falan de\u011fil toplu s\u00f6zle\u015fme kazan\u0131m\u0131m\u0131z ve ge\u00e7mi\u015fe d\u00f6n\u00fck alaca\u011f\u0131m\u0131zd\u0131r. H\u00fck\u00fcmetten yar\u0131n kamu g\u00f6revlilerini mutlu edecek bir teklif bekliyoruz&#8221; dedi.<\/p>\n","protected":false},"author":1,"featured_media":116258,"comment_status":"closed","ping_status":"open","sticky":false,"template":"","format":"standard","meta":{"footnotes":""},"categories":[28],"tags":[2260,659,634,1377,10126],"class_list":["post-116257","post","type-post","status-publish","format-standard","has-post-thumbnail","hentry","category-politika","tag-beklenti","tag-enflasyon-farki","tag-kamu","tag-teklif","tag-toplu-sozlesme"],"_links":{"self":[{"href":"https:\/\/haberulus.net\/index.php?rest_route=\/wp\/v2\/posts\/116257","targetHints":{"allow":["GET"]}}],"collection":[{"href":"https:\/\/haberulus.net\/index.php?rest_route=\/wp\/v2\/posts"}],"about":[{"href":"https:\/\/haberulus.net\/index.php?rest_route=\/wp\/v2\/types\/post"}],"author":[{"embeddable":true,"href":"https:\/\/haberulus.net\/index.php?rest_route=\/wp\/v2\/users\/1"}],"replies":[{"embeddable":true,"href":"https:\/\/haberulus.net\/index.php?rest_route=%2Fwp%2Fv2%2Fcomments&post=116257"}],"version-history":[{"count":1,"href":"https:\/\/haberulus.net\/index.php?rest_route=\/wp\/v2\/posts\/116257\/revisions"}],"predecessor-version":[{"id":116259,"href":"https:\/\/haberulus.net\/index.php?rest_route=\/wp\/v2\/posts\/116257\/revisions\/116259"}],"wp:featuredmedia":[{"embeddable":true,"href":"https:\/\/haberulus.net\/index.php?rest_route=\/wp\/v2\/media\/116258"}],"wp:attachment":[{"href":"https:\/\/haberulus.net\/index.php?rest_route=%2Fwp%2Fv2%2Fmedia&parent=116257"}],"wp:term":[{"taxonomy":"category","embeddable":true,"href":"https:\/\/haberulus.net\/index.php?rest_route=%2Fwp%2Fv2%2Fcategories&post=116257"},{"taxonomy":"post_tag","embeddable":true,"href":"https:\/\/haberulus.net\/index.php?rest_route=%2Fwp%2Fv2%2Ftags&post=116257"}],"curies":[{"name":"wp","href":"https:\/\/api.w.org\/{rel}","templated":true}]}}