{"id":116293,"date":"2023-08-21T10:21:03","date_gmt":"2023-08-21T10:21:03","guid":{"rendered":"https:\/\/haberulus.net\/?p=116293"},"modified":"2023-08-21T10:21:03","modified_gmt":"2023-08-21T10:21:03","slug":"arkeolog-ciftin-7-yasindaki-kizlari-kazi-ekibinin-mesai-arkadasi-oldu","status":"publish","type":"post","link":"https:\/\/haberulus.net\/?p=116293","title":{"rendered":"Arkeolog \u00e7iftin 7 ya\u015f\u0131ndaki k\u0131zlar\u0131 kaz\u0131 ekibinin \u2018mesai arkada\u015f\u0131\u2019 oldu"},"content":{"rendered":"<p>Tu\u015fba il\u00e7esinde yakla\u015f\u0131k 2 bin 700 y\u0131l \u00f6ncesinden bug\u00fcne ula\u015fan s\u00fcslemeleri, kerpi\u00e7 duvarlar\u0131, ta\u015f i\u015flemeleriyle Urartu Krall\u0131\u011f\u0131\u2019n\u0131n en g\u00f6rkemli yap\u0131lar\u0131ndan biri olan Ayanis Kalesi\u2019nde, K\u00fclt\u00fcr ve Turizm Bakanl\u0131\u011f\u0131\u2019n\u0131n izniyle 36 y\u0131ld\u0131r kaz\u0131 ve restorasyon \u00e7al\u0131\u015fmalar\u0131 y\u00fcr\u00fct\u00fcl\u00fcyor.<\/p>\n<p>Atat\u00fcrk \u00dcniversitesi Arkeoloji B\u00f6l\u00fcm\u00fc \u00d6\u011fretim \u00dcyesi Prof. Dr. Mehmet I\u015f\u0131kl\u0131 ba\u015fkanl\u0131\u011f\u0131nda s\u00fcrd\u00fcr\u00fclen \u00e7al\u0131\u015fmalarda, Ardahan \u00dcniversitesi Edebiyat Fak\u00fcltesi Arkeoloji B\u00f6l\u00fcm\u00fc\u2019nden ara\u015ft\u0131rma g\u00f6revlisi Doktor O\u011fuz Aras ve e\u015fi Doktor \u00d6\u011fretim \u00dcyesi Ay\u015feg\u00fcl Ak\u0131n Aras da g\u00f6rev yap\u0131yor.<\/p>\n<p>13 y\u0131ld\u0131r kaz\u0131 \u00e7al\u0131\u015fmalar\u0131nda yer alan arkeolog \u00e7ift, 7 y\u0131l \u00f6nce do\u011fan k\u0131zlar\u0131 Mercan\u2019\u0131 da 4 y\u0131ldan bu yana kaz\u0131 alan\u0131na getiriyor.<\/p>\n<p><img decoding=\"async\" src=\"https:\/\/i01.sozcucdn.com\/wp-content\/uploads\/2023\/08\/21\/resim7_23568651.jpg\" alt=\"\" title=\"\"><\/p>\n<p>Bir yandan k\u0131zlar\u0131n\u0131n ihtiya\u00e7lar\u0131 ve bak\u0131m\u0131yla ilgilenen \u00e7ift, di\u011fer yandan da kaledeki kaz\u0131 ve restorasyonu y\u00fcr\u00fct\u00fcyor.<\/p>\n<p>Kaz\u0131 ekibinin de yak\u0131n ilgi g\u00f6sterdi\u011fi Mercan, kalede yeni buluntular\u0131 ortaya \u00e7\u0131karan ekibin ya\u015fad\u0131\u011f\u0131 mutlulu\u011fa ortak oluyor.<\/p>\n<p>Ne\u015feli hareketleriyle ekibin maskotu haline gelen Mercan, zaman zaman hem anne babas\u0131na hem de ekipteki b\u00fcy\u00fcklerine yard\u0131m ediyor.<\/p>\n<p><img decoding=\"async\" src=\"https:\/\/i01.sozcucdn.com\/wp-content\/uploads\/2023\/08\/21\/resim6_23568649.jpg\" alt=\"\" title=\"\"><\/p>\n<p><strong>\u201cBurada hem anne hem de \u00e7al\u0131\u015fan olmak zor\u201d<\/strong><\/p>\n<p>Anne Aras, 4 y\u0131ld\u0131r kaz\u0131lara k\u0131z\u0131 Mercan\u2019\u0131 da getirdi\u011fini s\u00f6yledi.<\/p>\n<p>Zor bir i\u015f y\u00fcr\u00fctmenin yan\u0131nda k\u0131z\u0131na da bakmak zorunda oldu\u011funu anlatan Aras, \u201cArazide \u00e7al\u0131\u015fmay\u0131 gerektiren bir i\u015fimiz var. Burada hem anne hem de \u00e7al\u0131\u015fan olmak zor. Bu g\u00fcc\u00fc, i\u015fimi sevmemden al\u0131yorum.<\/p>\n<p>Ayn\u0131 zamanda b\u00fct\u00fcn ekip bana yard\u0131m ediyor. Herkes Mercan ile ilgilendi\u011fi i\u00e7in i\u015fim kolay oluyor. Mercan da bu ekibin bir par\u00e7as\u0131 oldu\u011funu hissedebiliyor\u201d diye konu\u015ftu.<\/p>\n<p><img decoding=\"async\" src=\"https:\/\/i01.sozcucdn.com\/wp-content\/uploads\/2023\/08\/21\/resim1_23568655.jpg\" alt=\"\" title=\"\"><\/p>\n<p>K\u0131zlar\u0131n\u0131 yaln\u0131z b\u0131rakmak istemediklerini belirten Aras, \u015funlar\u0131 kaydetti:<\/p>\n<p>\u201cAnne ve baba \u00e7al\u0131\u015f\u0131yoruz. Onu yaln\u0131z b\u0131rakam\u0131yoruz. Do\u011fdu\u011fu zaman iki y\u0131l boyunca aral\u0131klarla getirdik. \u015eimdi kaz\u0131 boyunca yan\u0131m\u0131zda. Hem bizden kopmam\u0131\u015f oluyor hem de durumu daha iyi anl\u0131yor. Bazen yapt\u0131\u011f\u0131m\u0131z i\u015fi anlamland\u0131ram\u0131yor ama art\u0131k i\u015fleyi\u015fi biliyor.<\/p>\n<p>Hepsine hakim. Geli\u015fimi a\u00e7\u0131s\u0131ndan da iyi oluyor. Kaz\u0131 evinde herkes onunla ilgileniyor. Ekipten herkesi tan\u0131yor. Hem i\u015fi \u00f6\u011freniyor hem bize yard\u0131mc\u0131 oluyor. Bazen s\u0131k\u0131ld\u0131\u011f\u0131 zamanlar oluyor. En \u00e7ok zorland\u0131\u011f\u0131m \u015fey ona aktivite bulmak.\u201d<\/p>\n<p><img decoding=\"async\" src=\"https:\/\/i01.sozcucdn.com\/wp-content\/uploads\/2023\/08\/21\/resim9_23568647.jpg\" alt=\"\" title=\"\"><\/p>\n<p><strong>\u201cKaz\u0131 ekibinin en k\u00fc\u00e7\u00fck \u00fcyesi\u201d <\/strong><\/p>\n<p>Baba O\u011fuz Aras ise, \u201cE\u015fim de arkeolog ve ayn\u0131 kaz\u0131da \u00e7al\u0131\u015f\u0131yoruz. Mecburen \u00e7ocu\u011fumuzu da getirmek durumunday\u0131z. Mercan da her yaz bizimle. Burada arkeoloji hayat\u0131n\u0131 ya\u015f\u0131yor. Eve b\u0131rakmay\u0131 denedik ama olmad\u0131. O da buraya al\u0131\u015ft\u0131, kaz\u0131 ekibinin en k\u00fc\u00e7\u00fck \u00fcyesi\u201d dedi.<\/p>\n<p>Anne ve babas\u0131yla kaz\u0131lara kat\u0131lan Mercan da, \u201cBuralar\u0131 merak ediyorum. Onlar kaz\u0131 yap\u0131nca izliyorum. Eserleri, seramikleri seviyorum. Annemler kaz\u0131 yap\u0131nca bazen ben de yerde bir \u015feyler buluyorum\u201d ifadelerini kulland\u0131. <strong>(AA)<\/strong><\/p>\n","protected":false},"excerpt":{"rendered":"<p>Urartu Kral\u0131 2. Rusa taraf\u0131ndan Van G\u00f6l\u00fc&#8217;ne hakim tepeye yapt\u0131r\u0131lan Ayanis Kalesi&#8217;nde y\u00fcr\u00fct\u00fclen kaz\u0131 \u00e7al\u0131\u015fmalar\u0131nda g\u00f6revli arkeolog Ay\u015feg\u00fcl ve O\u011fuz Aras \u00e7iftinin 7 ya\u015f\u0131ndaki k\u0131z\u0131 Mercan, kaz\u0131 ekibinin par\u00e7as\u0131 haline geldi.<\/p>\n","protected":false},"author":1,"featured_media":116294,"comment_status":"closed","ping_status":"open","sticky":false,"template":"","format":"standard","meta":{"footnotes":""},"categories":[33],"tags":[1077,13582,83,698,1673],"class_list":["post-116293","post","type-post","status-publish","format-standard","has-post-thumbnail","hentry","category-yasam","tag-anne","tag-ekibin","tag-is","tag-kazi","tag-mercan"],"_links":{"self":[{"href":"https:\/\/haberulus.net\/index.php?rest_route=\/wp\/v2\/posts\/116293","targetHints":{"allow":["GET"]}}],"collection":[{"href":"https:\/\/haberulus.net\/index.php?rest_route=\/wp\/v2\/posts"}],"about":[{"href":"https:\/\/haberulus.net\/index.php?rest_route=\/wp\/v2\/types\/post"}],"author":[{"embeddable":true,"href":"https:\/\/haberulus.net\/index.php?rest_route=\/wp\/v2\/users\/1"}],"replies":[{"embeddable":true,"href":"https:\/\/haberulus.net\/index.php?rest_route=%2Fwp%2Fv2%2Fcomments&post=116293"}],"version-history":[{"count":1,"href":"https:\/\/haberulus.net\/index.php?rest_route=\/wp\/v2\/posts\/116293\/revisions"}],"predecessor-version":[{"id":116295,"href":"https:\/\/haberulus.net\/index.php?rest_route=\/wp\/v2\/posts\/116293\/revisions\/116295"}],"wp:featuredmedia":[{"embeddable":true,"href":"https:\/\/haberulus.net\/index.php?rest_route=\/wp\/v2\/media\/116294"}],"wp:attachment":[{"href":"https:\/\/haberulus.net\/index.php?rest_route=%2Fwp%2Fv2%2Fmedia&parent=116293"}],"wp:term":[{"taxonomy":"category","embeddable":true,"href":"https:\/\/haberulus.net\/index.php?rest_route=%2Fwp%2Fv2%2Fcategories&post=116293"},{"taxonomy":"post_tag","embeddable":true,"href":"https:\/\/haberulus.net\/index.php?rest_route=%2Fwp%2Fv2%2Ftags&post=116293"}],"curies":[{"name":"wp","href":"https:\/\/api.w.org\/{rel}","templated":true}]}}