{"id":116347,"date":"2023-08-21T11:35:03","date_gmt":"2023-08-21T11:35:03","guid":{"rendered":"https:\/\/haberulus.net\/?p=116347"},"modified":"2023-08-21T11:35:03","modified_gmt":"2023-08-21T11:35:03","slug":"ttb-hekim-gocu-kontenjan-artislari-ile-telafi-edilmeye-calisiliyor","status":"publish","type":"post","link":"https:\/\/haberulus.net\/?p=116347","title":{"rendered":"TTB: Hekim g\u00f6\u00e7\u00fc kontenjan art\u0131\u015flar\u0131 ile telafi edilmeye \u00e7al\u0131\u015f\u0131l\u0131yor"},"content":{"rendered":"<p>TTB Merkez Konseyi ile TTB E\u011fitim Kolu&#8217;nun artan t\u0131p fak\u00fcltesi kontenjanlar\u0131yla ilgili haz\u0131rlad\u0131\u011f\u0131 rapor ile \u00f6neriler kamuoyu ile payla\u015f\u0131ld\u0131. Sa\u011fl\u0131k Bakanl\u0131\u011f\u0131&#8217;n\u0131n kendi insan g\u00fcc\u00fc planlama raporunda 2017&#8217;den itibaren toplam t\u0131p fak\u00fcltesi kontenjan\u0131n\u0131n y\u0131ll\u0131k 5 bin 250&#8217;ye d\u00fc\u015f\u00fcr\u00fclmesi gerekti\u011finin hat\u0131rlat\u0131ld\u0131\u011f\u0131 raporda, \u201c2023 y\u0131l\u0131na gelindi\u011finde \u00f6ng\u00f6r\u00fclen say\u0131n\u0131n neredeyse 4 kat\u0131 kontenjan art\u0131r\u0131ld\u0131\u011f\u0131 g\u00f6r\u00fclmektedir. T\u0131p fak\u00fcltelerindeki toplam \u00f6\u011frenci say\u0131s\u0131n\u0131n 2022 y\u0131l\u0131 itibar\u0131yla 112 bin 58 oldu\u011fu d\u00fc\u015f\u00fcn\u00fcl\u00fcrse nitelikli hekim yeti\u015ftirme olanaklar\u0131ndan uzak olundu\u011funu s\u00f6ylemek m\u00fcmk\u00fcnd\u00fcr\u201d denildi.<\/p>\n<p><strong>\u201c\u00dcLKEM\u0130Z ADINA \u00c7OK C\u0130DD\u0130 KAYIP OLACAK\u201d<\/strong><\/p>\n<p>T\u00fcrkiye&#8217;nin 91&#8217;i devlet, 37&#8217;si vak\u0131f olmak \u00fczere 128 t\u0131p fak\u00fcltesi ile Avrupa&#8217;da en \u00e7ok t\u0131p fak\u00fcltesi olan \u00fclke oldu\u011funa dikkat \u00e7ekilen raporda \u015f\u00f6yle denildi:<\/p>\n<p>\u201cGiderlerse gitsinler, anlay\u0131\u015f\u0131 ile her ge\u00e7en ay artan hekim g\u00f6\u00e7\u00fcn\u00fcn kontenjan art\u0131\u015flar\u0131 ile telafi edilece\u011fi d\u00fc\u015f\u00fcn\u00fcl\u00fcyor gibi g\u00f6r\u00fcnmektedir. Fakat tam tersi bir tablonun olu\u015faca\u011f\u0131 ve e\u011fitim niteli\u011finin d\u00fc\u015fmesinin daha fazla hekimin yurt d\u0131\u015f\u0131na gitmesine yol a\u00e7aca\u011f\u0131 g\u00f6r\u00fcnmektedir. Yurt d\u0131\u015f\u0131na beyin g\u00f6\u00e7\u00fc bu \u015fekilde devam edecek ve bu durum \u00fclkemiz ad\u0131na gelecek a\u00e7\u0131s\u0131ndan \u00e7ok ciddi bir kay\u0131p olacakt\u0131r.\u201d<\/p>\n<p><img decoding=\"async\" src=\"https:\/\/i01.sozcucdn.com\/wp-content\/uploads\/2023\/08\/21\/ttb.jpg\" alt=\"\" title=\"\"><\/p>\n<p><strong>\u00a0\u201cAZALMASI GEREK\u0130RKEN ARTIRILMASINA SON VER\u0130LMEL\u0130\u201d<\/strong><\/p>\n<p>T\u00fcrkiye\u2019deki t\u0131p fak\u00fcltesi say\u0131s\u0131 ve kontenjanlar\u0131n fazlal\u0131\u011f\u0131 ile nitelikli t\u0131p e\u011fitiminin giderek k\u00f6t\u00fcle\u015fti\u011finin belirtildi\u011fi raporun sonunda \u015fu \u00f6neriler dile getirildi:<\/p>\n<p>*T\u0131p fak\u00fcltelerinin kontenjanlar\u0131n\u0131n her ge\u00e7en y\u0131l azalmas\u0131 gerekirken artt\u0131r\u0131lmas\u0131na son verilmelidir. Bu durum nitelikli e\u011fitimin \u00f6n\u00fcndeki en b\u00fcy\u00fck engel olarak durmaktad\u0131r.<\/p>\n<p>*Gecekondu t\u0131p fak\u00fcltesi a\u00e7\u0131lmas\u0131na son verilmelidir. Yeni a\u00e7\u0131lan t\u0131p fak\u00fclteleri birle\u015ftirilerek hem fiziki ko\u015fullar hem de insan g\u00fcc\u00fc birle\u015ftirilerek daha nitelikli duruma d\u00f6n\u00fc\u015ft\u00fcr\u00fclmelidir.<\/p>\n<p>*Devlet t\u0131p fak\u00fcltelerine ekonomik destekle birlikte ara\u015ft\u0131rman\u0131n ve e\u011fitimin niteli\u011fi art\u0131r\u0131lmal\u0131d\u0131r. Devlet ve vak\u0131f ad\u0131 alt\u0131nda \u00f6zel t\u0131p fak\u00fclteleri aras\u0131ndaki her t\u00fcrl\u00fc ayr\u0131ma son verilmelidir. E\u011fitim \u00fccretsiz, ula\u015f\u0131labilir, e\u015fit ve adil olmal\u0131d\u0131r.<\/p>\n<p>*\u0130leti\u015fim becerilerinden toplumcu ve b\u00fct\u00fcnc\u00fcl yakla\u015f\u0131ma, sa\u011fl\u0131\u011f\u0131n t\u00fcm belirleyicilerini de g\u00f6zeten ve etik de\u011ferlerin kazand\u0131r\u0131ld\u0131\u011f\u0131 nitelikli bir t\u0131p e\u011fitimi olmal\u0131d\u0131r.<\/p>\n","protected":false},"excerpt":{"rendered":"<p>T\u0131p fak\u00fcltelerinin kontenjanlar\u0131n\u0131n her ge\u00e7en y\u0131l azalmas\u0131 gerekirken art\u0131r\u0131lmas\u0131n\u0131 ele\u015ftiren T\u00fcrk Tabipleri Birli\u011fi (TTB), t\u0131p fak\u00fcltesi kontenjanlar\u0131yla ilgili haz\u0131rlad\u0131\u011f\u0131 raporda \u201cGiderlerse gitsinler anlay\u0131\u015f\u0131 ile her ge\u00e7en ay artan hekim g\u00f6\u00e7\u00fcn\u00fcn, kontenjan art\u0131\u015flar\u0131 ile telafi edilece\u011fi d\u00fc\u015f\u00fcn\u00fcl\u00fcyor gibi g\u00f6r\u00fcnmektedir\u201d g\u00f6r\u00fc\u015f\u00fcn\u00fc payla\u015ft\u0131.\u00a0<\/p>\n","protected":false},"author":1,"featured_media":116348,"comment_status":"closed","ping_status":"open","sticky":false,"template":"","format":"standard","meta":{"footnotes":""},"categories":[26],"tags":[1831,9479,11979,1207,13588],"class_list":["post-116347","post","type-post","status-publish","format-standard","has-post-thumbnail","hentry","category-gundem","tag-egitim","tag-kontenjan","tag-nitelikli","tag-rapor","tag-tip-fakultesi"],"_links":{"self":[{"href":"https:\/\/haberulus.net\/index.php?rest_route=\/wp\/v2\/posts\/116347","targetHints":{"allow":["GET"]}}],"collection":[{"href":"https:\/\/haberulus.net\/index.php?rest_route=\/wp\/v2\/posts"}],"about":[{"href":"https:\/\/haberulus.net\/index.php?rest_route=\/wp\/v2\/types\/post"}],"author":[{"embeddable":true,"href":"https:\/\/haberulus.net\/index.php?rest_route=\/wp\/v2\/users\/1"}],"replies":[{"embeddable":true,"href":"https:\/\/haberulus.net\/index.php?rest_route=%2Fwp%2Fv2%2Fcomments&post=116347"}],"version-history":[{"count":1,"href":"https:\/\/haberulus.net\/index.php?rest_route=\/wp\/v2\/posts\/116347\/revisions"}],"predecessor-version":[{"id":116349,"href":"https:\/\/haberulus.net\/index.php?rest_route=\/wp\/v2\/posts\/116347\/revisions\/116349"}],"wp:featuredmedia":[{"embeddable":true,"href":"https:\/\/haberulus.net\/index.php?rest_route=\/wp\/v2\/media\/116348"}],"wp:attachment":[{"href":"https:\/\/haberulus.net\/index.php?rest_route=%2Fwp%2Fv2%2Fmedia&parent=116347"}],"wp:term":[{"taxonomy":"category","embeddable":true,"href":"https:\/\/haberulus.net\/index.php?rest_route=%2Fwp%2Fv2%2Fcategories&post=116347"},{"taxonomy":"post_tag","embeddable":true,"href":"https:\/\/haberulus.net\/index.php?rest_route=%2Fwp%2Fv2%2Ftags&post=116347"}],"curies":[{"name":"wp","href":"https:\/\/api.w.org\/{rel}","templated":true}]}}