{"id":116467,"date":"2023-08-21T14:35:06","date_gmt":"2023-08-21T14:35:06","guid":{"rendered":"https:\/\/haberulus.net\/?p=116467"},"modified":"2023-08-21T14:35:06","modified_gmt":"2023-08-21T14:35:06","slug":"toplu-sozlesme-memur-zammi-ne-kadar-ne-zaman-belli-olacak","status":"publish","type":"post","link":"https:\/\/haberulus.net\/?p=116467","title":{"rendered":"Toplu s\u00f6zle\u015fme memur zamm\u0131 ne kadar, ne zaman belli olacak?"},"content":{"rendered":"<p>Toplu s\u00f6zle\u015fme g\u00f6r\u00fc\u015fmeleri devam ederken ge\u00e7ti\u011fimiz g\u00fcnlerde ilk teklifini 2024 y\u0131l\u0131 i\u00e7in y\u00fczde 24,2\u2019lik, 2025 y\u0131l\u0131 i\u00e7in y\u00fczde 11 olarak sunan h\u00fck\u00fcmet, memur zamm\u0131 i\u00e7in ikinci teklifini 024 i\u00e7in y\u00fczde 15+10, 2025 i\u00e7in 6+5 y\u00fczde olarak verdi. Memurlar, refah pay\u0131 talebine ra\u011fmen, h\u00fck\u00fcmet d\u00fc\u015f\u00fck zam teklifleri ile \u00e7\u00f6z\u00fcm\u00fc hakem heyetine b\u0131rak\u0131yor.<\/p>\n<p><b>TOPLU S\u00d6ZLE\u015eME G\u00d6R\u00dc\u015eMES\u0130 ZAM TEKL\u0130F\u0130 NE KADAR?<\/b><\/p>\n<p>\u0130lk teklifini 2024 y\u0131l\u0131 i\u00e7in y\u00fczde 24,2&#8217;lik, 2025 y\u0131l\u0131 i\u00e7in y\u00fczde 11 olarak sunan h\u00fck\u00fcmet, memur zamm\u0131 i\u00e7in ikinci teklifini 2024 i\u00e7in y\u00fczde 15+10, 2025 i\u00e7in 6+5 y\u00fczde olarak verdi.<\/p>\n<p>Teklif, 2024 i\u00e7in y\u00fczde 33 olan Merkez Bankas\u0131 tahmininin de olduk\u00e7a alt\u0131nda kald\u0131\u011f\u0131 i\u00e7in sendikalar\u0131n tepkisini \u00e7ekti.<\/p>\n<p><b>TOPLU S\u00d6ZLE\u015eME MEMUR ZAMMI NE ZAMAN BELL\u0130 OLACAK?<\/b><\/p>\n<p>Kamu i\u015fveren heyetinin ilk teklifi 14 A\u011fustos\u2019ta sundu.<\/p>\n<p>H\u00fck\u00fcmetin ikinci teklifi ise 17 A\u011fustos ve 22 A\u011fustos&#8217;ta sunmas\u0131 bekleniyor.<\/p>\n<p>Taraflar\u0131n yine anla\u015famamas\u0131 durumunda ise 23 A\u011fustos&#8217;tan itibaren Kamu G\u00f6revlileri Hakem Kuruluna ba\u015fvurulacak.<\/p>\n<p>22 A\u011fustos\u2019ta h\u00fck\u00fcmetten son teklif gelecek. \u00dc\u00e7\u00fcnc\u00fc teklifle ya taraflar aras\u0131nda imzalar at\u0131l\u0131p s\u00fcre\u00e7 tamamlanacak ya da masadan kalk\u0131l\u0131p i\u015f Kamu G\u00f6revlileri Hakem Kurulu\u2019na havale edilecek. Hakem heyetinin h\u00fck\u00fcmetin teklifine paralel zam a\u00e7\u0131klamas\u0131 ise s\u00fcrpriz olmayacak.<\/p>\n<p>Bu a\u015famada Kurul, en ge\u00e7 ay sonuna kadar memur zamm\u0131 i\u00e7in toplu s\u00f6zle\u015fme karar\u0131n\u0131 a\u00e7\u0131klayacak.<\/p>\n<p><img decoding=\"async\" src=\"https:\/\/i01.sozcucdn.com\/wp-content\/uploads\/2023\/08\/21\/memur-zammi-shu-1.jpg\" alt=\"\" title=\"\"><\/p>\n<p><b>MEMUR-SEN\u2019DEN TEKL\u0130FE TEPK\u0130<\/b><\/p>\n<p>Memur-Sen Genel Ba\u015fkan\u0131 Ali Yal\u00e7\u0131n toplant\u0131 sonras\u0131 yapt\u0131\u011f\u0131 a\u00e7\u0131klamada teklif edilen rakamlara tepki g\u00f6sterdi.<\/p>\n<p>Yal\u00e7\u0131n\u2019\u0131n s\u00f6zleri \u015f\u00f6yle oldu:<\/p>\n<p>* \u00d6ncelikle hayretlerimi ifade ediyorum. Merkez Bankas\u0131\u2019n\u0131n 2024 enflasyon hedefi y\u00fczde 33 olarak ortada dururken tekliflerin 23\u2019l\u00fc, 25\u2019li rakamlarda geziyor olmas\u0131 anla\u015f\u0131labilir de\u011fil.<\/p>\n<p>* Masan\u0131n iyimser olan tek taraf\u0131 sosyal haklara ili\u015fkin de c\u00fcmle kurulmu\u015f olmas\u0131.<\/p>\n<p>* Bu masada refah pay\u0131 g\u00fcndemi g\u00f6rmezden gelinmemeli.<\/p>\n<p>* Refah pay\u0131 ile ilgili konu\u015fma yok. 1650 TL talebimizle ilgili c\u00fcmle kurulmad\u0131. Kira katk\u0131s\u0131 talebimiz konu\u015fulmad\u0131.<\/p>\n<p>* Bu tekliflerin g\u00f6zden ge\u00e7irilmesi, bize do\u011fru d\u00fczg\u00fcn bir teklifle gelinmesi gerekti\u011fini ifade ediyoruz.<\/p>\n<p><strong>\u00dcZER\u0130NDE UZLA\u015eILAN TALEPLER<\/strong><\/p>\n<p>\u00d6te yandan bug\u00fcnk\u00fc toplant\u0131da konu\u015fan \u00c7al\u0131\u015fma ve Sosyal G\u00fcvenlik Bakan\u0131 Vedat I\u015f\u0131khan, \u00fczerinde uzla\u015f\u0131lan baz\u0131 maddeleri s\u0131ralad\u0131.<\/p>\n<p>Buna g\u00f6re, Memurlara hac izni, TOK\u0130 konutlar\u0131nda \u00f6ncelik, engelli memurlara kamu lojmanlar\u0131nda kolayl\u0131k sa\u011flanmas\u0131 isti\u015fare edilecek.<\/p>\n<p>Ayr\u0131ca 1. dereceye ula\u015fan t\u00fcm memurlara 3600 ek g\u00f6sterge verilmesi konusunda \u00e7al\u0131\u015fma yap\u0131lacak. Disiplin cezalar\u0131 i\u00e7in belirli \u015fartlarda af i\u00e7in d\u00fczenleme yap\u0131lacak.<\/p>\n<p><strong>MEMUR-SEN&#8217;\u0130N TALEPLER\u0130<\/strong><\/p>\n<p>Toplu s\u00f6zle\u015fme masas\u0131nda yetkili konfederasyon olarak yer alan Memur-Sen, 2024 i\u00e7in \u00fc\u00e7er ayl\u0131k d\u00f6nemler itibar\u0131yla refah pay\u0131 dahil birinci 3 ayda y\u00fczde 35, ikinci 3 ayda y\u00fczde 10, \u00fc\u00e7\u00fcnc\u00fc 3 ayda y\u00fczde 15, d\u00f6rd\u00fcnc\u00fc 3 ayda y\u00fczde 10 art\u0131\u015f istemi\u015fti.<\/p>\n<p>Konfederasyon, 2025 i\u00e7in ise alt\u0131\u015far ayl\u0131k d\u00f6nemler itibar\u0131yla refah pay\u0131 dahil birinci 6 ayda y\u00fczde 25 ve ikinci 6 ayda y\u00fczde 15 zam talep etmi\u015fti.<\/p>\n<p><strong>REFAHLI FORM\u00dcL<\/strong><\/p>\n<p>Pazarl\u0131k masas\u0131nda h\u00fck\u00fcmetin kar\u015f\u0131s\u0131nda iktidara yak\u0131nl\u0131\u011f\u0131yla bilinen Memur-Sen oturuyor. S\u00d6ZC\u00dc\u2019n\u00fcn edindi\u011fi bilgilere g\u00f6re Memur-Sen, kendi \u00fcyelerine bile anlatamayaca\u011f\u0131 i\u00e7in y\u00fczde 33\u2019\u00fcn alt\u0131ndaki hi\u00e7 bir zam teklifini kabul etmeyecek. Bununla birlikte Memur-Sen\u2019in, \u2018refah pay\u0131\u2019 ilaveli bir zam form\u00fcl\u00fc olmas\u0131 durumunda masada uzla\u015fma sa\u011flanabilece\u011fi ifade ediliyor. Buna g\u00f6re, \u00f6rne\u011fin; 2024 i\u00e7in y\u00fczde 15+11 zam teklifi \u00f6nerilse dahi ilave olarak 5 puanl\u0131k \u2018refah pay\u0131\u2019 verilmesi halinde y\u0131ll\u0131k k\u00fcm\u00fclatif zam y\u00fczde 34\u2019e \u00e7\u0131k\u0131yor. Bu da Memur-Sen \u00fczerindeki bask\u0131y\u0131 hafifletip imzay\u0131 kolayla\u015ft\u0131r\u0131yor.<\/p>\n<p><strong>\u2018Teklif g\u00f6stermelik\u2019 iddias\u0131<\/strong><\/p>\n<p>H\u00fck\u00fcmetin pazarl\u0131k masas\u0131na enflasyon tahmininin \u00e7ok alt\u0131nda teklif getirmesinin arka plan\u0131nda marttaki yerel se\u00e7imlerin yatt\u0131\u011f\u0131 iddia edildi. Ekonomi y\u00f6netiminin, \u00f6nce masaya teklif sunmak istemedi\u011fi, y\u00fczde 14+9 teklifi g\u00f6stermelik ama\u00e7l\u0131 getirmek durumunda kald\u0131\u011f\u0131 belirtiliyor. \u0130ktidar\u0131n, toplu s\u00f6zle\u015fme zamm\u0131n\u0131 hakem heyetine b\u0131rak\u0131p, y\u0131l ba\u015f\u0131nda ilave se\u00e7im zamm\u0131 vererek yerel se\u00e7imlerde avantaj sa\u011flamay\u0131 hedefledi\u011fi, bu nedenle masadan olabildi\u011fince d\u00fc\u015f\u00fck zam ile kalkmaya \u00e7al\u0131\u015ft\u0131\u011f\u0131 iddia edildi.<\/p>\n","protected":false},"excerpt":{"rendered":"<p>Toplu s\u00f6zl\u015feme g\u00f6r\u00fc\u015fmelerinde memur zamm\u0131 i\u00e7in h\u00fck\u00fcmetten gelen iki teklifi de kabul edilmemesi nedeniyle zamm\u0131n hakeme ba\u015fvurulma ihtimali y\u00fckseldi, bu durumda kurul en ge\u00e7 ay sonuna kadar toplu s\u00f6zle\u015fme karar\u0131n\u0131 a\u00e7\u0131klayacak. H\u00fck\u00fcmet, memur zamm\u0131 teklifini olarak 2024 y\u0131l\u0131nda y\u00fczde 15+10, 2025 y\u0131l\u0131nda 6+5 y\u00fczde olarak sundu. Memur-Sen ise 2024 y\u0131l\u0131 i\u00e7in toplam y\u00fczde 60, 2025 y\u0131l\u0131 i\u00e7in ise y\u00fczde 35 zam talep etmi\u015fti.<\/p>\n","protected":false},"author":1,"featured_media":116468,"comment_status":"closed","ping_status":"open","sticky":false,"template":"","format":"standard","meta":{"footnotes":""},"categories":[25],"tags":[4991,156,654,1377,79],"class_list":["post-116467","post","type-post","status-publish","format-standard","has-post-thumbnail","hentry","category-ekonomi","tag-4991","tag-hukumet","tag-memur","tag-teklif","tag-zam"],"_links":{"self":[{"href":"https:\/\/haberulus.net\/index.php?rest_route=\/wp\/v2\/posts\/116467","targetHints":{"allow":["GET"]}}],"collection":[{"href":"https:\/\/haberulus.net\/index.php?rest_route=\/wp\/v2\/posts"}],"about":[{"href":"https:\/\/haberulus.net\/index.php?rest_route=\/wp\/v2\/types\/post"}],"author":[{"embeddable":true,"href":"https:\/\/haberulus.net\/index.php?rest_route=\/wp\/v2\/users\/1"}],"replies":[{"embeddable":true,"href":"https:\/\/haberulus.net\/index.php?rest_route=%2Fwp%2Fv2%2Fcomments&post=116467"}],"version-history":[{"count":1,"href":"https:\/\/haberulus.net\/index.php?rest_route=\/wp\/v2\/posts\/116467\/revisions"}],"predecessor-version":[{"id":116469,"href":"https:\/\/haberulus.net\/index.php?rest_route=\/wp\/v2\/posts\/116467\/revisions\/116469"}],"wp:featuredmedia":[{"embeddable":true,"href":"https:\/\/haberulus.net\/index.php?rest_route=\/wp\/v2\/media\/116468"}],"wp:attachment":[{"href":"https:\/\/haberulus.net\/index.php?rest_route=%2Fwp%2Fv2%2Fmedia&parent=116467"}],"wp:term":[{"taxonomy":"category","embeddable":true,"href":"https:\/\/haberulus.net\/index.php?rest_route=%2Fwp%2Fv2%2Fcategories&post=116467"},{"taxonomy":"post_tag","embeddable":true,"href":"https:\/\/haberulus.net\/index.php?rest_route=%2Fwp%2Fv2%2Ftags&post=116467"}],"curies":[{"name":"wp","href":"https:\/\/api.w.org\/{rel}","templated":true}]}}