{"id":116629,"date":"2023-08-21T20:05:03","date_gmt":"2023-08-21T20:05:03","guid":{"rendered":"https:\/\/haberulus.net\/?p=116629"},"modified":"2023-08-21T20:05:03","modified_gmt":"2023-08-21T20:05:03","slug":"cengiz-under-asisti-yapti-maca-devam-edemedi","status":"publish","type":"post","link":"https:\/\/haberulus.net\/?p=116629","title":{"rendered":"Cengiz \u00dcnder asisti yapt\u0131, ma\u00e7a devam edemedi"},"content":{"rendered":"<p>Trendyol S\u00fcper Lig\u2019in 2. haftas\u0131nda Fenerbah\u00e7e\u2019nin Y\u0131lport Samsunspor ile deplasmanda oynad\u0131\u011f\u0131 ma\u00e7a sar\u0131-lacivertlilerin yeni transferleri Fred ve Cengiz \u00dcnder ilk 11\u2019de ba\u015flad\u0131.<\/p>\n<p>Cengiz \u00dcnder, sar\u0131-lacivertli forma alt\u0131ndaki ilk ma\u00e7\u0131nda asistle tan\u0131\u015ft\u0131. Sa\u011f kanatta topla bulu\u015fan Cengiz \u00dcnder\u2019in arka dire\u011fe yapt\u0131\u011f\u0131 ortada Edin Dzeko topu a\u011flara g\u00f6ndererek Fenerbah\u00e7e\u2019yi 62. dakikada 1-0 \u00f6ne ge\u00e7irdi.<\/p>\n<p>Cengiz \u00dcnder, yapt\u0131\u011f\u0131 asist sonras\u0131nda sakatlanarak oyundan al\u0131nd\u0131. Sakatl\u0131k ge\u00e7iren Cengiz \u00dcnder, 64. dakikada yerini \u0130rfan Can Kahveci\u2019ye b\u0131rakt\u0131.<\/p>\n","protected":false},"excerpt":{"rendered":"<p>Fenerbah\u00e7e&#8217;nin Samsunspor ile deplasmanda oynad\u0131\u011f\u0131 ma\u00e7ta sar\u0131-lacivertli formay\u0131 ilk kez giyen Cengiz \u00dcnder, yapt\u0131\u011f\u0131 asist sonras\u0131 oyuna devam edemedi.<\/p>\n","protected":false},"author":1,"featured_media":116630,"comment_status":"closed","ping_status":"open","sticky":false,"template":"","format":"standard","meta":{"footnotes":""},"categories":[31],"tags":[6186],"class_list":["post-116629","post","type-post","status-publish","format-standard","has-post-thumbnail","hentry","category-spor","tag-cengiz-under"],"_links":{"self":[{"href":"https:\/\/haberulus.net\/index.php?rest_route=\/wp\/v2\/posts\/116629","targetHints":{"allow":["GET"]}}],"collection":[{"href":"https:\/\/haberulus.net\/index.php?rest_route=\/wp\/v2\/posts"}],"about":[{"href":"https:\/\/haberulus.net\/index.php?rest_route=\/wp\/v2\/types\/post"}],"author":[{"embeddable":true,"href":"https:\/\/haberulus.net\/index.php?rest_route=\/wp\/v2\/users\/1"}],"replies":[{"embeddable":true,"href":"https:\/\/haberulus.net\/index.php?rest_route=%2Fwp%2Fv2%2Fcomments&post=116629"}],"version-history":[{"count":1,"href":"https:\/\/haberulus.net\/index.php?rest_route=\/wp\/v2\/posts\/116629\/revisions"}],"predecessor-version":[{"id":116631,"href":"https:\/\/haberulus.net\/index.php?rest_route=\/wp\/v2\/posts\/116629\/revisions\/116631"}],"wp:featuredmedia":[{"embeddable":true,"href":"https:\/\/haberulus.net\/index.php?rest_route=\/wp\/v2\/media\/116630"}],"wp:attachment":[{"href":"https:\/\/haberulus.net\/index.php?rest_route=%2Fwp%2Fv2%2Fmedia&parent=116629"}],"wp:term":[{"taxonomy":"category","embeddable":true,"href":"https:\/\/haberulus.net\/index.php?rest_route=%2Fwp%2Fv2%2Fcategories&post=116629"},{"taxonomy":"post_tag","embeddable":true,"href":"https:\/\/haberulus.net\/index.php?rest_route=%2Fwp%2Fv2%2Ftags&post=116629"}],"curies":[{"name":"wp","href":"https:\/\/api.w.org\/{rel}","templated":true}]}}