{"id":116763,"date":"2023-08-22T07:21:05","date_gmt":"2023-08-22T07:21:05","guid":{"rendered":"https:\/\/haberulus.net\/?p=116763"},"modified":"2023-08-22T07:21:05","modified_gmt":"2023-08-22T07:21:05","slug":"pasifikte-tahliye-gerilimi-nukleer-su-yillar-sonra-bosaltiliyor","status":"publish","type":"post","link":"https:\/\/haberulus.net\/?p=116763","title":{"rendered":"Pasifik\u2019te tahliye gerilimi: N\u00fckleer su y\u0131llar sonra bo\u015falt\u0131l\u0131yor"},"content":{"rendered":"<p>Japonya Ba\u015fbakan\u0131 Ki\u015fida Fumio, Fuku\u015fima Dai-i\u00e7i N\u00fckleer Santrali\u2019nde biriken radyoaktif \u00f6zellikli at\u0131k suyun okyanusa tahliyesine 24 A\u011fustos\u2019ta ba\u015flayacaklar\u0131n\u0131 bildirdi.<\/p>\n<p>Kyodo News\u2019in haberine g\u00f6re, Ba\u015fbakan Ki\u015fida, kabine toplant\u0131s\u0131n\u0131n ard\u0131ndan konuya ili\u015fkin a\u00e7\u0131klamalarda bulundu. Ki\u015fida, Fuku\u015fima Dai-i\u00e7i N\u00fckleer Santrali\u2019ndeki radyoaktif \u00f6zellikli at\u0131k suyun okyanusa tahliyesine 24 A\u011fustos\u2019ta ba\u015flanaca\u011f\u0131n\u0131 s\u00f6yledi.<\/p>\n<p>Ba\u015fbakan Ki\u015fida, \u201cat\u0131k suyun tahliyesinin ve santralin y\u0131k\u0131lmas\u0131n\u0131n g\u00fcvenli bir \u015fekilde ger\u00e7ekle\u015ftirilmesi i\u00e7in ellerinden geleni yapacaklar\u0131n\u0131\u201d vurgulad\u0131. Ki\u015fida\u2019n\u0131n a\u00e7\u0131klamas\u0131n\u0131n ard\u0131ndan, Fuku\u015fima\u2019daki n\u00fckleer santrali i\u015fleten Tokyo Elektrik Enerji \u015eirketi (TEPCO) Ba\u015fkan\u0131 Kobayakawa Tomoaki\u2019nin, tahliye \u00e7al\u0131\u015fmalar\u0131na \u201ch\u0131zl\u0131ca\u201d ba\u015flamalar\u0131 i\u00e7in \u00e7al\u0131\u015fanlar\u0131n\u0131 g\u00f6revlendirdi\u011fi kaydedildi.<\/p>\n<p><strong>KOM\u015eU \u00dcLKELERDEN TEPK\u0130<\/strong><\/p>\n<p>Uluslararas\u0131 Atom Enerjisi Ajans\u0131, 4 Temmuz\u2019da yay\u0131mlad\u0131\u011f\u0131 raporda, Japonya\u2019n\u0131n Fuku\u015fima Dai-i\u00e7i N\u00fckleer Santrali\u2019nde biriken at\u0131k suyun denize tahliyesi plan\u0131n\u0131n g\u00fcvenlik standartlar\u0131yla uyumlu oldu\u011funu bildirmi\u015fti.<\/p>\n<p>Tokyo h\u00fck\u00fcmetinin tahliye karar\u0131na kom\u015fu \u00fclkeler \u00c7in, G\u00fcney Kore ve Tayvan tepki g\u00f6stermi\u015fti.<\/p>\n<p>Japonya Ba\u015fbakan\u0131 Ki\u015fida, Fuku\u015fima Dai-i\u00e7i N\u00fckleer Santrali ziyareti s\u0131ras\u0131nda, n\u00fckleer santralde biriken at\u0131k suyun denize tahliye edilmesi \u00f6ncesinde, g\u00fcvenlik \u00f6nlemlerine \u00f6ncelik verilmesi uyar\u0131s\u0131nda bulunmu\u015f, i\u015fletmeler \u00fczerindeki olas\u0131 olumsuz etkilerin giderilmesi i\u00e7in \u00f6nlemler al\u0131naca\u011f\u0131n\u0131 belirtmi\u015fti.<\/p>\n<p>Mart 2011\u2019de meydana gelen 9 b\u00fcy\u00fckl\u00fc\u011f\u00fcndeki depremle tsunaminin, Fuku\u015fima Dai-i\u00e7i N\u00fckleer Santrali\u2019ndeki reakt\u00f6rde yol a\u00e7t\u0131\u011f\u0131 n\u00fckleer erimeler havaya kar\u0131\u015fm\u0131\u015f ve santralin \u00e7evresi \u201ctahliye b\u00f6lgesi\u201d ilan edilmi\u015fti. (AA)<\/p>\n","protected":false},"excerpt":{"rendered":"<p>Japonya, tart\u0131\u015fmalar s\u00fcrerken Fuku\u015fima&#8217;daki radyoaktif at\u0131k suyun tahliyesine 24 A\u011fustos&#8217;ta ba\u015flayacak.<\/p>\n","protected":false},"author":1,"featured_media":116764,"comment_status":"closed","ping_status":"open","sticky":false,"template":"","format":"standard","meta":{"footnotes":""},"categories":[24],"tags":[13603,6421,868],"class_list":["post-116763","post","type-post","status-publish","format-standard","has-post-thumbnail","hentry","category-dunya","tag-fukusima-dai-ici-nukleer-santrali","tag-kisida","tag-tahliye"],"_links":{"self":[{"href":"https:\/\/haberulus.net\/index.php?rest_route=\/wp\/v2\/posts\/116763","targetHints":{"allow":["GET"]}}],"collection":[{"href":"https:\/\/haberulus.net\/index.php?rest_route=\/wp\/v2\/posts"}],"about":[{"href":"https:\/\/haberulus.net\/index.php?rest_route=\/wp\/v2\/types\/post"}],"author":[{"embeddable":true,"href":"https:\/\/haberulus.net\/index.php?rest_route=\/wp\/v2\/users\/1"}],"replies":[{"embeddable":true,"href":"https:\/\/haberulus.net\/index.php?rest_route=%2Fwp%2Fv2%2Fcomments&post=116763"}],"version-history":[{"count":1,"href":"https:\/\/haberulus.net\/index.php?rest_route=\/wp\/v2\/posts\/116763\/revisions"}],"predecessor-version":[{"id":116765,"href":"https:\/\/haberulus.net\/index.php?rest_route=\/wp\/v2\/posts\/116763\/revisions\/116765"}],"wp:featuredmedia":[{"embeddable":true,"href":"https:\/\/haberulus.net\/index.php?rest_route=\/wp\/v2\/media\/116764"}],"wp:attachment":[{"href":"https:\/\/haberulus.net\/index.php?rest_route=%2Fwp%2Fv2%2Fmedia&parent=116763"}],"wp:term":[{"taxonomy":"category","embeddable":true,"href":"https:\/\/haberulus.net\/index.php?rest_route=%2Fwp%2Fv2%2Fcategories&post=116763"},{"taxonomy":"post_tag","embeddable":true,"href":"https:\/\/haberulus.net\/index.php?rest_route=%2Fwp%2Fv2%2Ftags&post=116763"}],"curies":[{"name":"wp","href":"https:\/\/api.w.org\/{rel}","templated":true}]}}