{"id":116877,"date":"2023-08-22T09:51:06","date_gmt":"2023-08-22T09:51:06","guid":{"rendered":"https:\/\/haberulus.net\/?p=116877"},"modified":"2023-08-22T09:51:06","modified_gmt":"2023-08-22T09:51:06","slug":"uefa-avrupa-konferans-liginde-play-off-heyecani","status":"publish","type":"post","link":"https:\/\/haberulus.net\/?p=116877","title":{"rendered":"UEFA Avrupa Konferans Ligi\u2019nde play-off heyecan\u0131"},"content":{"rendered":"<p>UEFA Avrupa Konferans Ligi\u2019nde grup ma\u00e7lar\u0131 \u00f6ncesi son eleme a\u015famas\u0131 olan play-off turu yar\u0131n ba\u015flayacak.<\/p>\n<p>Avrupa futbolunun kul\u00fcp d\u00fczeyindeki \u00fc\u00e7 numaral\u0131 turnuvas\u0131nda play-off turu ilk kar\u015f\u0131la\u015fmalar\u0131, yar\u0131n ve 24 A\u011fustos Per\u015fembe g\u00fcn\u00fc yap\u0131lacak.<\/p>\n<p>Bu sezon organizasyonda m\u00fccadele eden 3 T\u00fcrk tak\u0131m\u0131 da ma\u00e7lar\u0131n\u0131 per\u015fembe g\u00fcn\u00fc oynayacak.<\/p>\n<p>Be\u015fikta\u015f, TS\u0130 20.00\u2019de Ukrayna ekibi Dynamo Kiev\u2019e konuk olacak.<\/p>\n<p>Ayn\u0131 saatte ba\u015flayacak m\u00fccadelede Fenerbah\u00e7e, Hollanda\u2019n\u0131n Twente tak\u0131m\u0131n\u0131 a\u011f\u0131rlayacak.<\/p>\n<p>Yukatel Adana Demirspor ise TS\u0130 21.00\u2019de Bel\u00e7ika kul\u00fcb\u00fc Genk ile deplasmanda kar\u015f\u0131la\u015facak. (AA)<\/p>\n","protected":false},"excerpt":{"rendered":"<p>\u00dclkemizin 3 tak\u0131mla temsil edildi\u011fi UEFA Avrupa Konferans Ligi&#8217;nde gruplar \u00f6ncesi son engel olan play-off turu ba\u015fl\u0131yor.<\/p>\n","protected":false},"author":1,"featured_media":116878,"comment_status":"closed","ping_status":"open","sticky":false,"template":"","format":"standard","meta":{"footnotes":""},"categories":[31],"tags":[],"class_list":["post-116877","post","type-post","status-publish","format-standard","has-post-thumbnail","hentry","category-spor"],"_links":{"self":[{"href":"https:\/\/haberulus.net\/index.php?rest_route=\/wp\/v2\/posts\/116877","targetHints":{"allow":["GET"]}}],"collection":[{"href":"https:\/\/haberulus.net\/index.php?rest_route=\/wp\/v2\/posts"}],"about":[{"href":"https:\/\/haberulus.net\/index.php?rest_route=\/wp\/v2\/types\/post"}],"author":[{"embeddable":true,"href":"https:\/\/haberulus.net\/index.php?rest_route=\/wp\/v2\/users\/1"}],"replies":[{"embeddable":true,"href":"https:\/\/haberulus.net\/index.php?rest_route=%2Fwp%2Fv2%2Fcomments&post=116877"}],"version-history":[{"count":1,"href":"https:\/\/haberulus.net\/index.php?rest_route=\/wp\/v2\/posts\/116877\/revisions"}],"predecessor-version":[{"id":116879,"href":"https:\/\/haberulus.net\/index.php?rest_route=\/wp\/v2\/posts\/116877\/revisions\/116879"}],"wp:featuredmedia":[{"embeddable":true,"href":"https:\/\/haberulus.net\/index.php?rest_route=\/wp\/v2\/media\/116878"}],"wp:attachment":[{"href":"https:\/\/haberulus.net\/index.php?rest_route=%2Fwp%2Fv2%2Fmedia&parent=116877"}],"wp:term":[{"taxonomy":"category","embeddable":true,"href":"https:\/\/haberulus.net\/index.php?rest_route=%2Fwp%2Fv2%2Fcategories&post=116877"},{"taxonomy":"post_tag","embeddable":true,"href":"https:\/\/haberulus.net\/index.php?rest_route=%2Fwp%2Fv2%2Ftags&post=116877"}],"curies":[{"name":"wp","href":"https:\/\/api.w.org\/{rel}","templated":true}]}}