{"id":116880,"date":"2023-08-22T09:51:07","date_gmt":"2023-08-22T09:51:07","guid":{"rendered":"https:\/\/haberulus.net\/?p=116880"},"modified":"2023-08-22T09:51:07","modified_gmt":"2023-08-22T09:51:07","slug":"dunya-sampiyonu-ispanyaya-liyakat-nisani-verilecek-basbakan-sanchezden-rubialese-mesafeli-davranis","status":"publish","type":"post","link":"https:\/\/haberulus.net\/?p=116880","title":{"rendered":"D\u00fcnya \u015fampiyonu \u0130spanya\u2019ya liyakat ni\u015fan\u0131 verilecek! Ba\u015fbakan Sanchez\u2019den Rubiales\u2019e mesafeli davran\u0131\u015f"},"content":{"rendered":"<p>\u0130spanya Ba\u015fbakan\u0131 Pedro Sanchez, Madrid\u2019deki ba\u015fbakanl\u0131k konutunda (Moncloa) \u0130spanya Kad\u0131n Milli Futbol Tak\u0131m\u0131\u2019n\u0131 kabul etti. Elde edilen ba\u015far\u0131n\u0131n \u00fclkede kad\u0131n futbolu ve sporu ad\u0131na ya\u015fanacak pek \u00e7ok g\u00fczel \u015feyin ba\u015flang\u0131c\u0131 olaca\u011f\u0131n\u0131 vurgulayan Sanchez, \u201c\u0130spanya\u2019da kad\u0131n futbolunun ve kad\u0131n sporunun gelece\u011fi parlak. Size s\u00f6yleyebilece\u011fimiz tek \u015fey \u0130spanya\u2019n\u0131n sizinle gurur duydu\u011fudur.\u201d dedi.<\/p>\n<p>Sporda sosyal haklar ve ekonomik durum ba\u015fta olmak \u00fczere kad\u0131n-erkek e\u015fitli\u011fine dair \u00e7ok \u00f6nemli \u015feyler yapt\u0131klar\u0131n\u0131, bunun meyvesini de d\u00fcnya \u015fampiyonu olarak ald\u0131klar\u0131n\u0131 aktaran \u0130spanya Ba\u015fbakan\u0131, \u201cE\u015fitlik, sporda olmas\u0131 gereken bir \u015fey. Daha yapacak \u00e7ok i\u015fimiz var ama iyi yolday\u0131z.\u201d \u015feklinde konu\u015ftu.<\/p>\n<div><img decoding=\"async\" src=\"https:\/\/i01.sozcucdn.com\/wp-content\/uploads\/2023\/08\/22\/2023-08-22t072723z_1366895051_up1ej8m0kpk0a_rtrmadp_3_soccer-worldcup-esp_1024x683.jpg\" alt=\"\" title=\"\"><\/p>\n<p>Foto: Reuters<\/p>\n<\/div>\n<p>Sanchez, \u0130spanya h\u00fck\u00fcmetinin, milli bir sporcunun alabilece\u011fi en y\u00fcksek unvan olan Kraliyet Spor \u00dcst\u00fcn Liyakat Ni\u015fan\u0131\u2019n\u0131 \u0130spanya Kad\u0131n Futbol Tak\u0131m\u0131\u2019na verece\u011fini duyurdu.<\/p>\n<div><img decoding=\"async\" src=\"https:\/\/i01.sozcucdn.com\/wp-content\/uploads\/2023\/08\/22\/2023-08-22t073505z_906909346_up1ej8m0l2e0c_rtrmadp_3_soccer-worldcup-esp_986x768-e1692695656399.jpg\" alt=\"\" title=\"\"><\/p>\n<p>Foto: Reuters<\/p>\n<\/div>\n<p><b>FUTBOL FEDERASYONU BA\u015eKANI RUBIALES\u2019\u0130N \u0130ST\u0130FASI \u0130STEN\u0130YOR<\/b><\/p>\n<p>Di\u011fer yandan \u0130spanya Futbol Federasyonu Ba\u015fkan\u0131 Luis Rubiales\u2019in D\u00fcnya Kupas\u0131\u2019nda madalya t\u00f6reni s\u0131ras\u0131nda \u0130spanya kad\u0131n milli futbolculardan Jenni Hermoso\u2019yu duda\u011f\u0131ndan \u00f6pmesiyle ilgili tart\u0131\u015fmalar devam ediyor.<\/p>\n<div><img decoding=\"async\" src=\"https:\/\/i01.sozcucdn.com\/wp-content\/uploads\/2023\/08\/22\/2023-08-22t072245z_1322598947_up1ej8m0khv07_rtrmadp_3_soccer-worldcup-esp-e1692695633468.jpg\" alt=\"\" title=\"\"><\/p>\n<p>Foto: Reuters<\/p>\n<\/div>\n<p>Rubiales, Hermoso\u2019yu duda\u011f\u0131ndan \u00f6perek hata yapt\u0131\u011f\u0131n\u0131 kabul ederek \u00f6z\u00fcr dilese de \u0130spanya\u2019da baz\u0131 bakanlar, siyaset\u00e7iler ve sivil toplum \u00f6rg\u00fctleri taraf\u0131ndan sert bir \u015fekilde ele\u015ftirilerek, istifas\u0131 isteniyor.<\/p>\n<p>\u0130spanya Ba\u015fbakan\u0131 Sanchez\u2019in bug\u00fcnk\u00fc kabul s\u0131ras\u0131nda Rubiales ile selamla\u015fmas\u0131n\u0131 k\u0131sa ve mesafeli bir \u015fekilde yapmas\u0131 dikkati \u00e7ekti. (AA)<\/p>\n","protected":false},"excerpt":{"rendered":"<p>\u0130spanya Ba\u015fbakan\u0131 Pedro Sanchez, FIFA Kad\u0131nlar D\u00fcnya \u015eampiyonu olan \u0130spanya Milli Tak\u0131m\u0131&#8217;na Kraliyet Spor \u00dcst\u00fcn Liyakat Ni\u015fan\u0131 verilece\u011fini a\u00e7\u0131klad\u0131. Sanchez&#8217;in futbol federasyonu ba\u015fkan\u0131 Rubiales&#8217;e olan so\u011fuk davran\u0131\u015flar\u0131 ise dikkatlerden ka\u00e7mad\u0131!<\/p>\n","protected":false},"author":1,"featured_media":116881,"comment_status":"closed","ping_status":"open","sticky":false,"template":"","format":"standard","meta":{"footnotes":""},"categories":[31],"tags":[788,2089,209,551],"class_list":["post-116880","post","type-post","status-publish","format-standard","has-post-thumbnail","hentry","category-spor","tag-futbol","tag-ispanya","tag-kadin","tag-spor"],"_links":{"self":[{"href":"https:\/\/haberulus.net\/index.php?rest_route=\/wp\/v2\/posts\/116880","targetHints":{"allow":["GET"]}}],"collection":[{"href":"https:\/\/haberulus.net\/index.php?rest_route=\/wp\/v2\/posts"}],"about":[{"href":"https:\/\/haberulus.net\/index.php?rest_route=\/wp\/v2\/types\/post"}],"author":[{"embeddable":true,"href":"https:\/\/haberulus.net\/index.php?rest_route=\/wp\/v2\/users\/1"}],"replies":[{"embeddable":true,"href":"https:\/\/haberulus.net\/index.php?rest_route=%2Fwp%2Fv2%2Fcomments&post=116880"}],"version-history":[{"count":1,"href":"https:\/\/haberulus.net\/index.php?rest_route=\/wp\/v2\/posts\/116880\/revisions"}],"predecessor-version":[{"id":116882,"href":"https:\/\/haberulus.net\/index.php?rest_route=\/wp\/v2\/posts\/116880\/revisions\/116882"}],"wp:featuredmedia":[{"embeddable":true,"href":"https:\/\/haberulus.net\/index.php?rest_route=\/wp\/v2\/media\/116881"}],"wp:attachment":[{"href":"https:\/\/haberulus.net\/index.php?rest_route=%2Fwp%2Fv2%2Fmedia&parent=116880"}],"wp:term":[{"taxonomy":"category","embeddable":true,"href":"https:\/\/haberulus.net\/index.php?rest_route=%2Fwp%2Fv2%2Fcategories&post=116880"},{"taxonomy":"post_tag","embeddable":true,"href":"https:\/\/haberulus.net\/index.php?rest_route=%2Fwp%2Fv2%2Ftags&post=116880"}],"curies":[{"name":"wp","href":"https:\/\/api.w.org\/{rel}","templated":true}]}}