{"id":116919,"date":"2023-08-22T10:35:05","date_gmt":"2023-08-22T10:35:05","guid":{"rendered":"https:\/\/haberulus.net\/?p=116919"},"modified":"2023-08-22T10:35:05","modified_gmt":"2023-08-22T10:35:05","slug":"adana-altin-koza-film-festivalinin-juri-uyeleri-aciklandi","status":"publish","type":"post","link":"https:\/\/haberulus.net\/?p=116919","title":{"rendered":"Adana Alt\u0131n Koza Film Festivali\u2019nin j\u00fcri \u00fcyeleri a\u00e7\u0131kland\u0131"},"content":{"rendered":"<p>T\u00fcrkiye Cumhuriyetinin 100\u2019\u00fcnc\u00fc y\u0131l\u0131nda 30\u2019uncusu ger\u00e7ekle\u015ftirilecek Uluslararas\u0131 Adana Alt\u0131n Koza Film Festivali\u2019nde, \u2018Ulusal Uzun Metraj Film Yar\u0131\u015fmas\u0131\u2019nda yar\u0131\u015facak filmleri, y\u00f6netmen \u00d6mer Faruk Sorak ba\u015fkanl\u0131\u011f\u0131nda, oyuncu Bennu Y\u0131ld\u0131r\u0131mlar, oyuncu Cezmi Bask\u0131n, yazar ve senarist Murat Uyurkulak, yap\u0131mc\u0131 Nefes Polat, kurgu y\u00f6netmeni \u00d6zcan Vardar, g\u00f6r\u00fcnt\u00fc y\u00f6netmeni \u00d6zg\u00fcr Eken, akademisyen Prof. Dr. Senem Erk\u0131l\u0131\u00e7 ve sinema yazar\u0131, Sinematek Film Program Koordinat\u00f6r\u00fc Senem Erdine\u2019den olu\u015fan j\u00fcri de\u011ferlendirecek.<\/p>\n<p>Festival kapsam\u0131nda verilecek S\u0130YAD En \u0130yi Film \u00d6d\u00fcl\u00fc\u2019n\u00fc belirleyecek sinema yazarlar\u0131 j\u00fcrisi \u00d6vg\u00fc G\u00f6k\u00e7e, Ye\u015fim Burul ve Talip Ert\u00fcrk\u2019ten olu\u015fuyor.<\/p>\n<p>Film Y\u00f6netmenleri Derne\u011fi taraf\u0131ndan verilecek \u2018Film-Y\u00f6n En \u0130yi Y\u00f6netmen\u2019 \u00f6d\u00fcl\u00fc, Ceylan \u00d6zg\u00fcn \u00d6z\u00e7elik, Emre Kay\u0131\u015f ve Mahmut Faz\u0131l Co\u015fkun\u2019dan olu\u015fan j\u00fcri taraf\u0131ndan belirlenecek.<\/p>\n<p><strong>BELGESEL F\u0130LM YARI\u015eMASI<\/strong><\/p>\n<p>\u2018Belgesel Film Yar\u0131\u015fmas\u0131\u2019nda yar\u0131\u015facak filmleri ise, belgesel film yap\u0131mc\u0131s\u0131 Co\u015fkun Aral, yap\u0131mc\u0131, y\u00f6netmen ve yazar Cengiz \u00d6zkarabekir, y\u00f6netmen, akademisyen, Belgesel Sinemac\u0131lar Birli\u011fi Y\u00f6netim Kurulu \u00dcyesi Do\u00e7. Dr. Kurtulu\u015f \u00d6zgen, y\u00f6netmen Mustafa \u00dcnl\u00fc, yap\u0131mc\u0131, y\u00f6netmen, Belgesel Sinemac\u0131lar Birli\u011fi kurucu \u00fcyesi Dr. Semra G\u00fczel Korver\u2019in yer ald\u0131\u011f\u0131 j\u00fcri de\u011ferlendirecek.<br \/><strong><br \/>ULUSLARARASI KISA F\u0130LM YARI\u015eMASI<\/strong><\/p>\n<p>Uluslararas\u0131 K\u0131sa Film Yar\u0131\u015fmas\u0131 j\u00fcrisi, akademisyen Prof. Dr. B\u00fclent \u00c7apl\u0131, oyuncu Feride \u00c7etin, Uluslararas\u0131 Burgas Film Festivali Direkt\u00f6r\u00fc Emil Ovanesov ve y\u00f6netmen \u0130lker Sava\u015fkurt\u2019tan olu\u015furken; \u00d6\u011frenci K\u0131sa Film Yar\u0131\u015fmas\u0131 j\u00fcri \u00fcyeleri, y\u00f6netmen ve oyuncu Bar\u0131\u015f Atay, Diyarbak\u0131r K\u0131sa Film Festivali Direkt\u00f6r\u00fc Serhat G\u00f6nen ve y\u00f6netmen, yap\u0131mc\u0131 Vuslat Sara\u00e7o\u011flun\u2019dan olu\u015fuyor.<\/p>\n<p>Adana K\u0131sa Film Yar\u0131\u015fmas\u0131\u2019nda yer alacak filmleri ise akademisyen B\u00fclent \u00d6zkam, oyuncu Mine \u00c7ay\u0131ro\u011flu ve y\u00f6netmen, oyuncu Sava\u015f Sat\u0131\u015f\u2019tan olu\u015fan j\u00fcri de\u011ferlendirecek.<\/p>\n<p><strong>1 M\u0130LYON 285 B\u0130N TL \u00d6D\u00dcL DA\u011eITILACAK<\/strong><\/p>\n<p>Ulusal Uzun Metrajda En \u0130yi Film, Y\u0131lmaz G\u00fcney \u00d6d\u00fcl\u00fc, J\u00fcri \u00d6zel \u00d6d\u00fcl\u00fc, Adana \u0130zleyici \u00d6d\u00fcl\u00fc, En \u0130yi Y\u00f6netmen \u00d6d\u00fcl\u00fc, En \u0130yi Senaryo \u00d6d\u00fcl\u00fc, En \u0130yi Kad\u0131n Oyuncu \u00d6d\u00fcl\u00fc, En \u0130yi Erkek Oyuncu \u00d6d\u00fcl\u00fc, En \u0130yi M\u00fczik \u00d6d\u00fcl\u00fc,<\/p>\n<p>En \u0130yi G\u00f6r\u00fcnt\u00fc Y\u00f6netmeni \u00d6d\u00fcl\u00fc, En \u0130yi Kurgu \u00d6d\u00fcl\u00fc, Yard\u0131mc\u0131 Rolde En \u0130yi Kad\u0131n Oyuncu \u00d6d\u00fcl\u00fc, Yard\u0131mc\u0131 Rolde En \u0130yi Erkek Oyuncu \u00d6d\u00fcl\u00fc, Umut Veren Gen\u00e7 Kad\u0131n Oyuncu \u00d6d\u00fcl\u00fc, Umut Veren Gen\u00e7 Erkek Oyuncu \u00d6d\u00fcl\u00fc,<\/p>\n<p>S\u0130YAD En \u0130yi Film \u00d6d\u00fcl\u00fc, Film-Y\u00f6n En \u0130yi Y\u00f6netmen \u00d6d\u00fcl\u00fc kategorilerinde; Ulusal Belgesel Film Yar\u0131\u015fmas\u0131\u2019nda En \u0130yi Belgesel \u00d6d\u00fcl\u00fc ve J\u00fcri \u00d6zel \u00d6d\u00fcl\u00fc kategorilerinde;<\/p>\n<p>Uluslararas\u0131 K\u0131sa Metraj Film Yar\u0131\u015fmas\u0131\u2019nda En \u0130yi Film \u00d6d\u00fcl\u00fc ve J\u00fcri \u00d6zel \u00d6d\u00fcl\u00fc kategorilerinde; Ulusal \u00d6\u011frenci K\u0131sa Film Yar\u0131\u015fmas\u0131\u2019nda En \u0130yi Belgesel Film, En \u0130yi Canland\u0131rma Film, En \u0130yi Deneysel Film, En \u0130yi Kurmaca Film kategorilerinde;<\/p>\n<p>Adana K\u0131sa Film Yar\u0131\u015fmas\u0131\u2019nda En \u0130yi Film \u00d6d\u00fcl\u00fc kategorisinde toplam 1 milyon 285 bin TL de\u011ferinde \u00f6d\u00fcl da\u011f\u0131t\u0131lacak.<\/p>\n<p>Festivalin merakla beklenen uzun metraj, belgesel ve k\u0131sa metraj film yar\u0131\u015fmalar\u0131nda yer alacak filmler \u00f6n\u00fcm\u00fczdeki g\u00fcnlerde a\u00e7\u0131klanacak.<\/p>\n<p>Festival kapsam\u0131nda ayr\u0131ca; d\u00fcnya sinemas\u0131ndan se\u00e7kiler, \u00f6zel g\u00f6sterim b\u00f6l\u00fcmleri, belgesel g\u00f6sterimleri, s\u00f6yle\u015filer, at\u00f6lye \u00e7al\u0131\u015fmalar\u0131, sinema sempozyumu ve sergiler de yer alacak. <strong>(DHA)<\/strong><\/p>\n","protected":false},"excerpt":{"rendered":"<p>Adana&#8217;da 18-24 Eyl\u00fcl tarihlerinde bu y\u0131l 30&#8217;uncusu d\u00fczenlenecek, Uluslararas\u0131 Adana Alt\u0131n Koza Film Festivali&#8217;nin uzun metraj, belgesel ve k\u0131sa metraj film yar\u0131\u015fmalar\u0131n\u0131n j\u00fcri \u00fcyeleri belli oldu.<\/p>\n","protected":false},"author":1,"featured_media":116920,"comment_status":"closed","ping_status":"open","sticky":false,"template":"","format":"standard","meta":{"footnotes":""},"categories":[27],"tags":[1167,287,3322,197,1284],"class_list":["post-116919","post","type-post","status-publish","format-standard","has-post-thumbnail","hentry","category-kultur-sanat","tag-en-iyi","tag-film","tag-juri","tag-oyuncu","tag-yonetmen"],"_links":{"self":[{"href":"https:\/\/haberulus.net\/index.php?rest_route=\/wp\/v2\/posts\/116919","targetHints":{"allow":["GET"]}}],"collection":[{"href":"https:\/\/haberulus.net\/index.php?rest_route=\/wp\/v2\/posts"}],"about":[{"href":"https:\/\/haberulus.net\/index.php?rest_route=\/wp\/v2\/types\/post"}],"author":[{"embeddable":true,"href":"https:\/\/haberulus.net\/index.php?rest_route=\/wp\/v2\/users\/1"}],"replies":[{"embeddable":true,"href":"https:\/\/haberulus.net\/index.php?rest_route=%2Fwp%2Fv2%2Fcomments&post=116919"}],"version-history":[{"count":1,"href":"https:\/\/haberulus.net\/index.php?rest_route=\/wp\/v2\/posts\/116919\/revisions"}],"predecessor-version":[{"id":116921,"href":"https:\/\/haberulus.net\/index.php?rest_route=\/wp\/v2\/posts\/116919\/revisions\/116921"}],"wp:featuredmedia":[{"embeddable":true,"href":"https:\/\/haberulus.net\/index.php?rest_route=\/wp\/v2\/media\/116920"}],"wp:attachment":[{"href":"https:\/\/haberulus.net\/index.php?rest_route=%2Fwp%2Fv2%2Fmedia&parent=116919"}],"wp:term":[{"taxonomy":"category","embeddable":true,"href":"https:\/\/haberulus.net\/index.php?rest_route=%2Fwp%2Fv2%2Fcategories&post=116919"},{"taxonomy":"post_tag","embeddable":true,"href":"https:\/\/haberulus.net\/index.php?rest_route=%2Fwp%2Fv2%2Ftags&post=116919"}],"curies":[{"name":"wp","href":"https:\/\/api.w.org\/{rel}","templated":true}]}}