{"id":116943,"date":"2023-08-22T11:05:06","date_gmt":"2023-08-22T11:05:06","guid":{"rendered":"https:\/\/haberulus.net\/?p=116943"},"modified":"2023-08-22T11:05:06","modified_gmt":"2023-08-22T11:05:06","slug":"otomobil-alev-topuna-dondu-4-kisi-oldu","status":"publish","type":"post","link":"https:\/\/haberulus.net\/?p=116943","title":{"rendered":"Otomobil alev topuna d\u00f6nd\u00fc: 4 ki\u015fi \u00f6ld\u00fc"},"content":{"rendered":"<p>Kaza, saat 04.00 s\u0131ralar\u0131nda \u0130zmir- Ankara E 96 kara yolu Salihli B\u00fclent Ecevit K\u00f6pr\u00fcl\u00fc Kav\u015fak giri\u015finde meydana geldi.<\/p>\n<p>Salihli y\u00f6n\u00fcnden Kula y\u00f6n\u00fcne giden Adem Y\u00fcce y\u00f6netimindeki 45 K 0062 plakal\u0131 otomobil, s\u00fcr\u00fcc\u00fcn\u00fcn direksiyon kontrol\u00fcn\u00fc yitirmesi sonucu ref\u00fcje \u00e7arp\u0131p, alev ald\u0131.<\/p>\n<p><img decoding=\"async\" src=\"https:\/\/i01.sozcucdn.com\/wp-content\/uploads\/2023\/08\/22\/otomobil-refuje-carpti-4-olu-1-agir-yarali_3453_dhaphoto3-e1692700852110.jpg\" alt=\"\" title=\"\"><\/p>\n<p>Otomobil alev topuna d\u00f6nerken, ihbar \u00fczerine kaza yerine sa\u011fl\u0131k, polis ve itfaiye ekibi sevk edildi. Yang\u0131n, itfaiyenin m\u00fcdahalesiyle s\u00f6nd\u00fcr\u00fcld\u00fc.<\/p>\n<p>Kazada, otomobil s\u00fcr\u00fcc\u00fcs\u00fc Adem Y\u00fcce ile yan\u0131ndaki o\u011flu Oktay Y\u00fcce, Bekir Sar\u0131 ve onun o\u011flu Burak Sar\u0131 hayat\u0131n\u0131 kaybetti.<\/p>\n<p>Sar\u0131\u2019n\u0131n kazada yaralanan ve milli g\u00fcre\u015f\u00e7i oldu\u011fu belirtilen di\u011fer o\u011flu Beytullah Sar\u0131 ise Salihli\u2019de kald\u0131r\u0131ld\u0131\u011f\u0131 hastanedeki ilk m\u00fcdahalesinin ard\u0131ndan Manisa \u015eehir Hastanesine sevk edildi. Sar\u0131\u2019n\u0131n hayat\u0131 tehlikesinin bulundu\u011fu bildirildi.<\/p>\n<p>Bu arada kaza, \u00e7evredeki bir i\u015f yerinin g\u00fcvenlik kameras\u0131na yans\u0131d\u0131.<\/p>\n","protected":false},"excerpt":{"rendered":"<p>Manisa&#8217;n\u0131n Salihli il\u00e7esinde ref\u00fcje \u00e7arp\u0131p alev alan otomobilin s\u00fcr\u00fcc\u00fcs\u00fc Adem Y\u00fcce ile o\u011flu Oktay Y\u00fcce, Bekir Sar\u0131\u00a0 ve onun o\u011flu Burak Sar\u0131 hayat\u0131n\u0131 kaybetti. Sar\u0131&#8217;n\u0131n di\u011fer o\u011flu milli g\u00fcre\u015f\u00e7i Beytullah Sar\u0131\u2019n\u0131n da a\u011f\u0131r yaraland\u0131\u011f\u0131 kaza, kameraya yans\u0131d\u0131.<\/p>\n","protected":false},"author":1,"featured_media":116944,"comment_status":"closed","ping_status":"open","sticky":false,"template":"","format":"standard","meta":{"footnotes":""},"categories":[26],"tags":[282,1457],"class_list":["post-116943","post","type-post","status-publish","format-standard","has-post-thumbnail","hentry","category-gundem","tag-kaza","tag-sari"],"_links":{"self":[{"href":"https:\/\/haberulus.net\/index.php?rest_route=\/wp\/v2\/posts\/116943","targetHints":{"allow":["GET"]}}],"collection":[{"href":"https:\/\/haberulus.net\/index.php?rest_route=\/wp\/v2\/posts"}],"about":[{"href":"https:\/\/haberulus.net\/index.php?rest_route=\/wp\/v2\/types\/post"}],"author":[{"embeddable":true,"href":"https:\/\/haberulus.net\/index.php?rest_route=\/wp\/v2\/users\/1"}],"replies":[{"embeddable":true,"href":"https:\/\/haberulus.net\/index.php?rest_route=%2Fwp%2Fv2%2Fcomments&post=116943"}],"version-history":[{"count":1,"href":"https:\/\/haberulus.net\/index.php?rest_route=\/wp\/v2\/posts\/116943\/revisions"}],"predecessor-version":[{"id":116945,"href":"https:\/\/haberulus.net\/index.php?rest_route=\/wp\/v2\/posts\/116943\/revisions\/116945"}],"wp:featuredmedia":[{"embeddable":true,"href":"https:\/\/haberulus.net\/index.php?rest_route=\/wp\/v2\/media\/116944"}],"wp:attachment":[{"href":"https:\/\/haberulus.net\/index.php?rest_route=%2Fwp%2Fv2%2Fmedia&parent=116943"}],"wp:term":[{"taxonomy":"category","embeddable":true,"href":"https:\/\/haberulus.net\/index.php?rest_route=%2Fwp%2Fv2%2Fcategories&post=116943"},{"taxonomy":"post_tag","embeddable":true,"href":"https:\/\/haberulus.net\/index.php?rest_route=%2Fwp%2Fv2%2Ftags&post=116943"}],"curies":[{"name":"wp","href":"https:\/\/api.w.org\/{rel}","templated":true}]}}