{"id":117027,"date":"2023-08-22T12:51:08","date_gmt":"2023-08-22T12:51:08","guid":{"rendered":"https:\/\/haberulus.net\/?p=117027"},"modified":"2023-08-22T12:51:08","modified_gmt":"2023-08-22T12:51:08","slug":"filenin-sultanlari-4te-4-yapmak-icin-yunanistan-ile-karsilasacak","status":"publish","type":"post","link":"https:\/\/haberulus.net\/?p=117027","title":{"rendered":"Filenin Sultanlar\u0131 4\u2019te 4 yapmak i\u00e7in Yunanistan ile kar\u015f\u0131la\u015facak"},"content":{"rendered":"<p>A Milli Kad\u0131n Voleybol Tak\u0131m\u0131, 2023 CEV Avrupa \u015eampiyonas\u0131\u2019n\u0131n grup a\u015famas\u0131ndaki 4\u2019\u00fcnc\u00fc ma\u00e7\u0131nda yar\u0131n Yunanistan ile kar\u015f\u0131la\u015facak.<\/p>\n<p>Almanya\u2019n\u0131n D\u00fcsseldorf kentindeki Castello Salonu\u2019nda oynanacak kar\u015f\u0131la\u015fma TS\u0130 18.00\u2019de ba\u015flayacak.<\/p>\n<p>Grup ma\u00e7lar\u0131na 3-0\u2019l\u0131k \u0130sve\u00e7 ve Azerbaycan galibiyetleriyle ba\u015flayan Filenin Sultanlar\u0131, \u00c7ekya\u2019y\u0131 ise 3-1 ma\u011flup etti.<\/p>\n<p>Milliler, 24 A\u011fustos Per\u015fembe g\u00fcn\u00fc TS\u0130 21.00\u2019de Almanya ile oynayaca\u011f\u0131 kar\u015f\u0131la\u015fmayla grup ma\u00e7lar\u0131n\u0131 tamamlayacak.<\/p>\n<p><strong>KADRO<\/strong><\/p>\n<p><strong>Milli tak\u0131m\u0131n kadrosunda \u015fu oyuncular yer al\u0131yor:<\/strong><\/p>\n<p><strong>Libero:<\/strong> Simge Ak\u00f6z, Ay\u00e7a Ayka\u00e7, Gizem \u00d6rge<\/p>\n<p><strong>Pas\u00f6r:<\/strong> Cansu \u00d6zbay, Elif \u015eahin<\/p>\n<p><strong>Orta oyuncu:<\/strong> Eda Erdem, Zehra G\u00fcne\u015f, Asl\u0131 Kala\u00e7, K\u00fcbra Akman<\/p>\n<p><strong>Pas\u00f6r \u00e7apraz\u0131:<\/strong> Melissa Vargas<\/p>\n<p><strong>Sma\u00e7\u00f6r:<\/strong> Hande Balad\u0131n, \u0130lkin Ayd\u0131n, Derya Cebecio\u011flu, Ebrar Karakurt<\/p>\n<p><b>4 \u00dcLKE EV SAH\u0130PL\u0130\u011e\u0130 YAPIYOR<\/b><\/p>\n<p>Organizasyonda Bel\u00e7ika (A Grubu), Almanya (C Grubu), \u0130talya (B Grubu) ve Estonya\u2019n\u0131n (D Grubu) ev sahipli\u011fi yapt\u0131\u011f\u0131 grup a\u015famas\u0131nda 24 tak\u0131m m\u00fccadele ediyor.<\/p>\n<p>Gruplar\u0131nda ilk 4\u2019e giren ekiplerin yer alaca\u011f\u0131 son 16 turu ma\u00e7lar\u0131 26-28 A\u011fustos, \u00e7eyrek final kar\u015f\u0131la\u015fmalar\u0131 ise 29-30 A\u011fustos tarihlerinde \u0130talya\u2019n\u0131n Floransa \u015fehri ve Bel\u00e7ika\u2019n\u0131n ba\u015fkenti Br\u00fcksel\u2019de yap\u0131lacak.<\/p>\n<p>Yar\u0131 final ma\u00e7lar\u0131 1 Eyl\u00fcl Cuma, 3\u2019\u00fcnc\u00fcl\u00fck ve final kar\u015f\u0131la\u015fmalar\u0131 ise 3 Eyl\u00fcl Pazar g\u00fcn\u00fc yine Br\u00fcksel\u2019de oynanacak.<\/p>\n<p><strong>\u015eampiyonada gruplar \u015fu \u015fekilde olu\u015fuyor:<\/strong><\/p>\n<p><strong>A Grubu:<\/strong> Bel\u00e7ika, Slovenya, S\u0131rbistan, Polonya, Ukrayna, Macaristan<\/p>\n<p><strong>B Grubu:<\/strong> \u0130talya, Romanya, Bulgaristan, H\u0131rvatistan, Bosna Hersek, \u0130svi\u00e7re<\/p>\n<p><strong>C Grubu:<\/strong> Almanya, Azerbaycan, T\u00fcrkiye, \u00c7ekya, \u0130sve\u00e7, Yunanistan<\/p>\n<p><strong>D Grubu:<\/strong> Estonya, Finlandiya, Hollanda, Fransa, Slovakya, \u0130spanya (AA)<\/p>\n","protected":false},"excerpt":{"rendered":"<p>A Milli Kad\u0131n Voleybol Tak\u0131m\u0131, 2023 CEV Avrupa \u015eampiyonas\u0131&#8217;n\u0131n grup a\u015famas\u0131ndaki 4. ma\u00e7\u0131nda yar\u0131n Yunanistan ile kar\u015f\u0131 kar\u015f\u0131ya gelecek.<\/p>\n","protected":false},"author":1,"featured_media":117028,"comment_status":"closed","ping_status":"open","sticky":false,"template":"","format":"standard","meta":{"footnotes":""},"categories":[31],"tags":[225],"class_list":["post-117027","post","type-post","status-publish","format-standard","has-post-thumbnail","hentry","category-spor","tag-grup"],"_links":{"self":[{"href":"https:\/\/haberulus.net\/index.php?rest_route=\/wp\/v2\/posts\/117027","targetHints":{"allow":["GET"]}}],"collection":[{"href":"https:\/\/haberulus.net\/index.php?rest_route=\/wp\/v2\/posts"}],"about":[{"href":"https:\/\/haberulus.net\/index.php?rest_route=\/wp\/v2\/types\/post"}],"author":[{"embeddable":true,"href":"https:\/\/haberulus.net\/index.php?rest_route=\/wp\/v2\/users\/1"}],"replies":[{"embeddable":true,"href":"https:\/\/haberulus.net\/index.php?rest_route=%2Fwp%2Fv2%2Fcomments&post=117027"}],"version-history":[{"count":1,"href":"https:\/\/haberulus.net\/index.php?rest_route=\/wp\/v2\/posts\/117027\/revisions"}],"predecessor-version":[{"id":117029,"href":"https:\/\/haberulus.net\/index.php?rest_route=\/wp\/v2\/posts\/117027\/revisions\/117029"}],"wp:featuredmedia":[{"embeddable":true,"href":"https:\/\/haberulus.net\/index.php?rest_route=\/wp\/v2\/media\/117028"}],"wp:attachment":[{"href":"https:\/\/haberulus.net\/index.php?rest_route=%2Fwp%2Fv2%2Fmedia&parent=117027"}],"wp:term":[{"taxonomy":"category","embeddable":true,"href":"https:\/\/haberulus.net\/index.php?rest_route=%2Fwp%2Fv2%2Fcategories&post=117027"},{"taxonomy":"post_tag","embeddable":true,"href":"https:\/\/haberulus.net\/index.php?rest_route=%2Fwp%2Fv2%2Ftags&post=117027"}],"curies":[{"name":"wp","href":"https:\/\/api.w.org\/{rel}","templated":true}]}}