{"id":117075,"date":"2023-08-22T14:05:03","date_gmt":"2023-08-22T14:05:03","guid":{"rendered":"https:\/\/haberulus.net\/?p=117075"},"modified":"2023-08-22T14:05:03","modified_gmt":"2023-08-22T14:05:03","slug":"cumhurbaskani-erdogan-yurtdisi-muteahhitlik-hizmetleri-basari-odulleri-toreninde-konustu-2","status":"publish","type":"post","link":"https:\/\/haberulus.net\/?p=117075","title":{"rendered":"Cumhurba\u015fkan\u0131 Erdo\u011fan, Yurtd\u0131\u015f\u0131 M\u00fcteahhitlik Hizmetleri Ba\u015far\u0131 \u00d6d\u00fclleri T\u00f6reni&#8217;nde konu\u015ftu: (2)"},"content":{"rendered":"<p>Cumhurba\u015fkan\u0131 Recep Tayip Erdo\u011fan, hayat pahal\u0131l\u0131\u011f\u0131 sorunu \u00e7\u00f6zmek i\u00e7in yo\u011fun gayret g\u00f6sterdiklerini vurgulayarak, &#8220;Kurdu\u011fumuz mekanizmalara ilave yeni ad\u0131mlarla k\u0131sa s\u00fcrede bu konuda da netice almaya ba\u015flayaca\u011f\u0131m\u0131za inan\u0131yorum.&#8221; dedi.<\/p>\n<p>Erdo\u011fan, T\u00fcrkiye M\u00fcteahhitler Birli\u011fi Yurtd\u0131\u015f\u0131 M\u00fcteahhitlik Hizmetleri Ba\u015far\u0131 \u00d6d\u00fclleri T\u00f6reni&#8217;nde yapt\u0131\u011f\u0131 konu\u015fmada, ekonomiye ili\u015fkin de\u011ferlendirmelerde bulundu.<\/p>\n<p>Se\u00e7im \u00f6ncesi  <strong>ekonomi<\/strong> \u00fczerinden \u00fclke siyasetini dizayn etme giri\u015fimlerine bir kez daha \u015fahit olduklar\u0131n\u0131 vurgulayan Erdo\u011fan, &#8220;Milyarlarca dolar\u0131n kullan\u0131ld\u0131\u011f\u0131, yalanlar\u0131n, yanl\u0131\u015flar\u0131n, spek\u00fclasyonlar\u0131n kol gezdi\u011fi bu d\u00f6nemi geride b\u0131rakt\u0131k. \u015eimdi hem T\u00fcrkiye gemisini bir kez daha biraz \u00f6nce ifade etti\u011fim hedeflerine sabitledik hem de ekonomiye toparlayacak tedbirleri ve mekanizmalar\u0131 devreye ald\u0131k.&#8221; diye konu\u015ftu.<\/p>\n<p>Erdo\u011fan, 2019 y\u0131l\u0131nda b\u00f6yle bir t\u00f6ren vesilesiyle sistemin en b\u00fcy\u00fck garantisinin millet oldu\u011fu y\u00f6n\u00fcnde a\u00e7\u0131klama yapt\u0131\u011f\u0131n\u0131 hat\u0131rlatarak, s\u00f6zlerine \u015f\u00f6yle devam etti: <\/p>\n<p>&#8220;Milletimiz, yapt\u0131\u011f\u0131 tercihle sadece \u00fclkesinin ve kendisinin gelece\u011fine sahip \u00e7\u0131kmakla kalmam\u0131\u015ft\u0131r. Bu sonu\u00e7, ayn\u0131 zamanda T\u00fcrkiye Cumhuriyeti&#8217;nin d\u00fcn\u00fc ve bug\u00fcn\u00fcn\u00fcn oldu\u011fu gibi yar\u0131n\u0131n da teminat\u0131n\u0131n milletimizin bizatihi kendisi oldu\u011funu c\u00fcmle aleme ispatlam\u0131\u015ft\u0131r. Biz de milletimize lay\u0131k olabilmek i\u00e7in gece g\u00fcnd\u00fcz \u00e7al\u0131\u015f\u0131yoruz. Hen\u00fcz 2,5 ayl\u0131k kabinemizle di\u011fer alanlar gibi ekonomide de ald\u0131\u011f\u0131m\u0131z somut sonu\u00e7larla milletimizin ve siz i\u015f d\u00fcnyas\u0131n\u0131n kar\u015f\u0131s\u0131na \u00e7\u0131kmay\u0131 ba\u015fard\u0131k.<\/p>\n<p>Yat\u0131r\u0131m, istihdam, \u00fcretim, ihracat yoluyla \u00fclkemizi b\u00fcy\u00fctme hedefimize en k\u00fc\u00e7\u00fck bir halel getirmeden makroekonomiyi g\u00fc\u00e7lendirecek programlar\u0131 hayata ge\u00e7iriyoruz. Tahkim etti\u011fimiz g\u00fcven iklimi sayesinde uluslararas\u0131 finans kurulu\u015flar\u0131 10 milyonlarca dolarl\u0131k kayna\u011f\u0131 \u00fclkemize ak\u0131tmaya ba\u015flad\u0131. Firmalar\u0131m\u0131z\u0131n ve vatanda\u015flar\u0131m\u0131z\u0131n da bir s\u00fcredir kasada veya yast\u0131k alt\u0131nda tuttuklar\u0131 kaynaklar\u0131 harekete ge\u00e7irdikleri g\u00f6r\u00fcl\u00fcyor. \u0130n\u015fallah, \u00e7ok yak\u0131nda kamu bor\u00e7lanmas\u0131ndan kredilere kadar her alanda bunun m\u00fcspet etkilerini g\u00f6rece\u011fiz.&#8221;<\/p>\n<p>&#8220;\u0130\u015f insanlar\u0131m\u0131z\u0131n her birinde bu dirayetin, cesaretin ve azmin var oldu\u011funa inan\u0131yorum&#8221;<\/p>\n<p>Hayat pahal\u0131l\u0131\u011f\u0131 sorunu \u00e7\u00f6zmek i\u00e7in de yo\u011fun gayret g\u00f6sterdiklerinin alt\u0131n\u0131 \u00e7izen Erdo\u011fan, &#8220;Kurdu\u011fumuz mekanizmalara ilave yeni ad\u0131mlarla k\u0131sa s\u00fcrede bu konuda da netice almaya ba\u015flayaca\u011f\u0131m\u0131za inan\u0131yorum.&#8221; dedi.<\/p>\n<p>Erdo\u011fan, millet\u00e7e birli\u011fe, beraberli\u011fe, karde\u015fli\u011fe s\u0131k\u0131 s\u0131k\u0131ya sahip \u00e7\u0131k\u0131ld\u0131\u011f\u0131nda, \u00fcstesinden gelinemeyecek hi\u00e7bir mesele, a\u015f\u0131lamayacak hi\u00e7bir engel tan\u0131mad\u0131\u011f\u0131na i\u015faret etti.<\/p>\n<p>Cumhurba\u015fkan\u0131 Erdo\u011fan, \u015funlar\u0131 kaydetti: <\/p>\n<p>&#8220;Nas\u0131l darbeden depreme nice badireyi atlatarak hedeflerimize do\u011fru ilerliyorsak bug\u00fcnk\u00fc s\u0131k\u0131nt\u0131lar\u0131 da in\u015fallah k\u0131sa s\u00fcrede yenece\u011fiz. \u0130\u015f d\u00fcnyam\u0131zdan ricam, istikametlerini ve hedeflerini gelece\u011fe \u00e7evirmeleridir. \u00d6n\u00fcm\u00fczde bizi bekleyen \u00e7ok b\u00fcy\u00fck f\u0131rsatlar, \u00e7ok b\u00fcy\u00fck imkanlar mevcuttur. Yak\u0131n co\u011frafyam\u0131zda sizlerin tecr\u00fcbesine ihtiyac\u0131 olan pek \u00e7ok \u00fclke var. Bunlar\u0131 de\u011ferlendirmek sizlerin dirayetine, cesaretine ve azmine ba\u011fl\u0131d\u0131r.<\/p>\n<p>Neredeyse yar\u0131m asra yakla\u015fan siyasi tecr\u00fcbeme, i\u015f hayat\u0131mdaki deneyimlerime, belediye ba\u015fkanl\u0131\u011f\u0131, ba\u015fbakanl\u0131k ve cumhurba\u015fkanl\u0131\u011f\u0131ndaki y\u00f6netim birikimlerime dayanarak s\u00f6yl\u00fcyorum. \u0130\u015f insanlar\u0131m\u0131z\u0131n her birinde bu dirayetin, cesaretin ve azmin var oldu\u011funa inan\u0131yorum. Yoksa T\u00fcrkiye, d\u00fcnyan\u0131n en b\u00fcy\u00fck 250 m\u00fcteahhitlik firmas\u0131 listesine 42 firmayla giremezdi, d\u00fcnyan\u0131n d\u00f6rt bir yan\u0131nda faaliyet g\u00f6steren i\u015f insanlar\u0131yla bayra\u011f\u0131n\u0131 dalgaland\u0131ramazd\u0131.&#8221;<\/p>\n<p>Erdo\u011fan \u00f6d\u00fcl verilecek firmalar\u0131 ve temsilcilerini tebrik ederek, &#8220;Rabbimden \u00f6n\u00fcm\u00fczdeki sene \u00e7ok daha fazla say\u0131da firmam\u0131za \u00f6d\u00fcllerini takdimi bize nasip etmesini diliyorum.&#8221; dedi.<\/p>\n<p>Notlar<\/p>\n<p>Program\u0131n ard\u0131ndan Cumhurba\u015fkan\u0131 Erdo\u011fan&#8217;a T\u00fcrk firmalar\u0131n\u0131n uluslararas\u0131 \u00f6l\u00e7ekteki ba\u015far\u0131lar\u0131n\u0131 simgeleyen d\u00fcnyaya giydirilmi\u015f ay y\u0131ld\u0131zl\u0131 bayra\u011f\u0131 ta\u015f\u0131yan baret r\u00f6lyef takdim edildi.<\/p>\n<p>Takdimin ard\u0131ndan Erdo\u011fan, \u00f6d\u00fcl alan firmalar\u0131n temsilcilerine \u00f6d\u00fcllerini verdi.<\/p>\n<p>T\u00f6ren, aile foto\u011fraf\u0131 \u00e7ekilmesiyle sona erdi.<\/p>\n<p>(Bitti)<\/p>\n<div>Kaynak: AA \/  Ye\u015fim Sert Karaaslan &#8211;  Politika <\/div>\n","protected":false},"excerpt":{"rendered":"<p>Cumhurba\u015fkan\u0131 Recep Tayip Erdo\u011fan, hayat pahal\u0131l\u0131\u011f\u0131 sorunu \u00e7\u00f6zmek i\u00e7in yo\u011fun gayret g\u00f6sterdiklerini vurgulayarak, &#8220;Kurdu\u011fumuz mekanizmalara ilave yeni ad\u0131mlarla k\u0131sa s\u00fcrede bu konuda da netice almaya ba\u015flayaca\u011f\u0131m\u0131za inan\u0131yorum.<\/p>\n","protected":false},"author":1,"featured_media":117076,"comment_status":"closed","ping_status":"open","sticky":false,"template":"","format":"standard","meta":{"footnotes":""},"categories":[28],"tags":[259,83,484,746,87],"class_list":["post-117075","post","type-post","status-publish","format-standard","has-post-thumbnail","hentry","category-politika","tag-erdogan","tag-is","tag-millet","tag-odul","tag-turk"],"_links":{"self":[{"href":"https:\/\/haberulus.net\/index.php?rest_route=\/wp\/v2\/posts\/117075","targetHints":{"allow":["GET"]}}],"collection":[{"href":"https:\/\/haberulus.net\/index.php?rest_route=\/wp\/v2\/posts"}],"about":[{"href":"https:\/\/haberulus.net\/index.php?rest_route=\/wp\/v2\/types\/post"}],"author":[{"embeddable":true,"href":"https:\/\/haberulus.net\/index.php?rest_route=\/wp\/v2\/users\/1"}],"replies":[{"embeddable":true,"href":"https:\/\/haberulus.net\/index.php?rest_route=%2Fwp%2Fv2%2Fcomments&post=117075"}],"version-history":[{"count":1,"href":"https:\/\/haberulus.net\/index.php?rest_route=\/wp\/v2\/posts\/117075\/revisions"}],"predecessor-version":[{"id":117077,"href":"https:\/\/haberulus.net\/index.php?rest_route=\/wp\/v2\/posts\/117075\/revisions\/117077"}],"wp:featuredmedia":[{"embeddable":true,"href":"https:\/\/haberulus.net\/index.php?rest_route=\/wp\/v2\/media\/117076"}],"wp:attachment":[{"href":"https:\/\/haberulus.net\/index.php?rest_route=%2Fwp%2Fv2%2Fmedia&parent=117075"}],"wp:term":[{"taxonomy":"category","embeddable":true,"href":"https:\/\/haberulus.net\/index.php?rest_route=%2Fwp%2Fv2%2Fcategories&post=117075"},{"taxonomy":"post_tag","embeddable":true,"href":"https:\/\/haberulus.net\/index.php?rest_route=%2Fwp%2Fv2%2Ftags&post=117075"}],"curies":[{"name":"wp","href":"https:\/\/api.w.org\/{rel}","templated":true}]}}