{"id":117078,"date":"2023-08-22T14:05:03","date_gmt":"2023-08-22T14:05:03","guid":{"rendered":"https:\/\/haberulus.net\/?p=117078"},"modified":"2023-08-22T14:05:03","modified_gmt":"2023-08-22T14:05:03","slug":"erdogan-hayat-pahaliligi-sorununu-cozmek-icin-yogun-gayret-gosteriyoruz","status":"publish","type":"post","link":"https:\/\/haberulus.net\/?p=117078","title":{"rendered":"Erdo\u011fan: Hayat pahal\u0131l\u0131\u011f\u0131 sorununu \u00e7\u00f6zmek i\u00e7in yo\u011fun gayret g\u00f6steriyoruz"},"content":{"rendered":"<p>\n<p>CUMHURBA\u015eKANI Recep Tayyip Erdo\u011fan, &#8220;Milletimizin bizar oldu\u011fu hayat pahal\u0131l\u0131\u011f\u0131 sorununu \u00e7\u00f6zmek i\u00e7in yo\u011fun gayret g\u00f6steriyoruz. Kurdu\u011fumuz mekanizmalara ilave yeni ad\u0131mlarla k\u0131sa s\u00fcrede bu konuda da netice almaya ba\u015flayaca\u011f\u0131m\u0131za inan\u0131yorum. Yeter ki biz millet\u00e7e birli\u011fimize, beraberli\u011fimize, karde\u015fli\u011fimize s\u0131k\u0131 s\u0131k\u0131ya sahip \u00e7\u0131kal\u0131m&#8221; dedi.<\/p>\n<p>Cumhurba\u015fkan\u0131 Erdo\u011fan, Ankara&#8217;da bir otelde d\u00fczenlenen\u00a0&#8216;T\u00fcrkiye M\u00fcteahhitler Birli\u011fi Yurtd\u0131\u015f\u0131 M\u00fcteahhitlik Hizmetleri Ba\u015far\u0131 \u00d6d\u00fclleri T\u00f6reni&#8217;nde konu\u015ftu.\u00a0Erdo\u011fan, t\u00f6rende \u00f6d\u00fcl alan firmalar\u0131 ve temsilcileri tebrik ederek, &#8220;M\u00fcteahhitlik pazar\u0131yla ilgili k\u00fcresel d\u00fczeyde yap\u0131lan de\u011ferlendirmelerle olu\u015fturulan d\u00fcnyan\u0131n en b\u00fcy\u00fck 250 uluslararas\u0131 m\u00fcteahhidi listesinin 2022 y\u0131l\u0131 sonu\u00e7lar\u0131 belli oldu. Bug\u00fcn \u00fclkemizden 42 firman\u0131n girdi\u011fi bu listede yer alan m\u00fcteahhitlerimize \u00f6d\u00fcllerini verece\u011fiz. Ayr\u0131ca d\u00fcnyan\u0131n en b\u00fcy\u00fck 225 uluslararas\u0131 teknik m\u00fc\u015faviri listesinde yer alan 6 firmam\u0131z\u0131n \u00f6d\u00fcllerini de bug\u00fcn burada takdim edece\u011fiz. K\u00fcresel krizlerin geli\u015fmi\u015f \u00fclkeler dahil, t\u00fcm d\u00fcnyay\u0131 kas\u0131p kavurdu\u011fu bir d\u00f6nemde m\u00fcteahhitlik ve m\u00fc\u015favirlik firmalar\u0131m\u0131z\u0131n b\u00f6ylesine y\u00fcksek rakamlarla listede yer almas\u0131 \u00f6nemli bir ba\u015far\u0131d\u0131r. Listeye \u015f\u00f6yle bir bakt\u0131\u011f\u0131m\u0131zda hemen hepsinin de gayretlerini ve i\u015flerini yak\u0131ndan bildi\u011fimiz firmalar oldu\u011funu g\u00f6r\u00fcyoruz. Yurt d\u0131\u015f\u0131nda ziyaret etti\u011fimiz \u00fclkelerde m\u00fcteahhitlerimiz taraf\u0131ndan hayata ge\u00e7irilen projeleri g\u00f6rd\u00fck\u00e7e ve duyduk\u00e7a gururlan\u0131yoruz. Biz de g\u00f6r\u00fc\u015ft\u00fc\u011f\u00fcm\u00fcz her devlet ve h\u00fck\u00fcmet yetkilisine m\u00fcteahhitliklerimizle ilgili \u00e7al\u0131\u015fmalar\u0131 y\u00f6n\u00fcnde telkinde bulunuyoruz. Hatta sizlerin kazanc\u0131n\u0131n \u00fclkemizin kazanc\u0131 oldu\u011fu anlay\u0131\u015f\u0131yla halihaz\u0131rda bir proje mevcutsa telkini \u0131srara \u00e7eviriyoruz&#8221; dedi.<\/p>\n<p>&#8216;C\u0130ROMUZU HIZLA KATLAYARAK B\u00dcY\u00dcTMEM\u0130Z M\u00dcMK\u00dcND\u00dcR&#8217;<\/p>\n<\/p>\n<p>&#8216;E\u015e\u0130NE AZ RASTLANIR B\u0130R DEVLET\u0130N VATANDA\u015eLARIYIZ&#8217;<\/p>\n<\/p>\n<p>T\u00fcrkiye&#8217;nin gelece\u011fine dair hi\u00e7bir vizyonlar\u0131 ve heyecanlar\u0131 olmayanlar\u0131n bu toplant\u0131n\u0131n gerisinde yatan eme\u011fi, m\u00fccadeleyi ve al\u0131n terini anlayamayaca\u011f\u0131n\u0131 s\u00f6yleyen Erdo\u011fan, &#8220;Biz &#8216;2023 vizyonu&#8217; dedi\u011fimizde, &#8216;Bunlar 15 y\u0131l sonras\u0131n\u0131n hayalini kuruyor ama bakal\u0131m o kadar siyasi \u00f6m\u00fcrleri olacak m\u0131&#8217; diyenlerin \u00e7o\u011funun siyasi \u00f6mr\u00fc bizden \u00f6nce dolup gitti. Cumhuriyetimizin 100&#8217;\u00fcnc\u00fc kurulu\u015f y\u0131l d\u00f6n\u00fcm\u00fcne ula\u015ft\u0131\u011f\u0131m\u0131z bu y\u0131l 2023 vizyonumuzun \u00e7o\u011funu hayata ge\u00e7irmi\u015f olman\u0131n \u015fevki ile g\u00f6z\u00fcm\u00fcz\u00fc 2053&#8217;e diktik. Rabbimiz bizi o g\u00fcnlere eri\u015fmeyi nasip eder etmez oras\u0131n\u0131 bilemeyiz ama gen\u00e7lerimizin g\u00f6zlerinde 2053 hedeflerimizi hayata ge\u00e7irecek azmi ve co\u015fkuyu g\u00f6rebiliyorum. D\u00fcnyan\u0131n en b\u00fcy\u00fck 10 ekonomisinden biri haline gelme yolunda ilerleyen T\u00fcrkiye i\u00e7in ne 2053 ne 2071 ne de daha \u00f6teye uzanan hedefler art\u0131k birer hayal de\u011fil. Sizlerin de t\u00fcm hesaplar\u0131n\u0131z\u0131 ilk etapta T\u00fcrkiye&#8217;nin 2053&#8217;te ula\u015faca\u011f\u0131 yere g\u00f6re yapt\u0131\u011f\u0131n\u0131za inan\u0131yorum. Biz bu d\u00f6neme &#8216;T\u00fcrkiye Y\u00fczy\u0131l\u0131&#8217; diyoruz. Cumhuriyetimizin ilk asr\u0131n\u0131n imar\u0131n\u0131 \u00fcstlenen\u00a0m\u00fcteahhitlerimiz olarak sizleri T\u00fcrkiye Y\u00fczy\u0131l\u0131&#8217;n in\u015fas\u0131nda da \u00f6nemli g\u00f6revler bekliyor. Biliyorsunuz; T\u00fcrkiye sadece mevcut s\u0131n\u0131rlar\u0131ndan ibaret bir \u00fclke de\u011fildir. Tarihi, siyasi, sosyal, k\u00fclt\u00fcrel etki alan\u0131n\u0131n geni\u015fli\u011fi ile d\u00fcnyada e\u015fine benzerine az rastlan\u0131r bir devletin evlatlar\u0131y\u0131z, vatanda\u015flar\u0131y\u0131z. \u00dclkemizin dinamiklerini sadece ka\u011f\u0131t \u00fczerindeki rakamlardan ibaret g\u00f6ren, g\u00fcc\u00fcm\u00fcz\u00fc spek\u00fclatif raporlarla tartmaya kalkan herkes bug\u00fcne kadar h\u00fcsrana u\u011fram\u0131\u015ft\u0131r. Bug\u00fcn ayn\u0131 hatay\u0131 yapanlar\u0131n ak\u0131beti de ayn\u0131 olacakt\u0131r&#8221; ifadelerini kulland\u0131.<\/p>\n<\/p>\n<p>&#8216;B\u0130Z\u0130M YARI\u015eIMIZ ESERDE VE H\u0130ZMETTE&#8217;<\/p>\n<\/p>\n<p>Erdo\u011fan, etki alan\u0131 her ge\u00e7en y\u0131l daha da geni\u015fleyen bir \u00fclke olarak di\u011fer hususlarla birlikte imar ve in\u015fa sorumluluklar\u0131n\u0131n da artt\u0131\u011f\u0131n\u0131 bildirerek, &#8220;Bu sorumlulu\u011fu hayata ge\u00e7irecek olan sizlersiniz. \u00d6n\u00fcm\u00fczdeki y\u0131ldan itibaren \u00e7ok daha fazla say\u0131da firmam\u0131z\u0131n bu listelerde yer alarak hem kendilerine hem \u00fclkemize \u00e7ok daha b\u00fcy\u00fck kazan\u00e7lar sa\u011flayacaklar\u0131na inan\u0131yorum. Att\u0131\u011f\u0131n\u0131z her ad\u0131mda, girdi\u011finiz her m\u00fccadelede bug\u00fcne kadar oldu\u011fu gibi bundan sonra da hep yan\u0131n\u0131zda yer alaca\u011f\u0131mdan \u015f\u00fcpheniz olmas\u0131n. T\u00fcrkiye&#8217;nin ve T\u00fcrk milletinin \u00e7\u0131karlar\u0131 s\u00f6z konusu oldu\u011funda kimsenin inanc\u0131na, me\u015frebine, tercihlerine bakmad\u0131\u011f\u0131m\u0131z\u0131n \u015fahitleri bizzat sizlersiniz. Bizim yar\u0131\u015f\u0131m\u0131z ancak eserde, hizmette, g\u00f6n\u00fcl kazanmada olur. \u00d6teki rekabetler siyasetin cilvesidir ve hak etti\u011fi kadar de\u011fere sahiptir. As\u0131l olan bu g\u00f6k kubbede hangi ho\u015f sedalar\u0131 b\u0131rakabildi\u011fimizdir. Kendi kafalar\u0131ndaki saplant\u0131lar\u0131n ve kalplerindeki h\u0131rslar\u0131n \u00fcr\u00fcn\u00fc hezeyanlarla sizleri teredd\u00fcde s\u00fcr\u00fcklemek isteyenlere asla ald\u0131rmay\u0131n. Hani \u015fair, &#8216;Y\u00fcr\u00fcyeceksin, millet y\u00fcr\u00fcyecek arkandan&#8217; diyor ya, biz de size &#8216;Y\u00fcr\u00fcy\u00fcn arkan\u0131zdan milletle beraber biz de y\u00fcr\u00fcyece\u011fiz&#8217; diyoruz. Bir as\u0131rl\u0131k cumhuriyetimizin her d\u00f6nemi kendi i\u00e7inde zorluklarla ge\u00e7mi\u015ftir. Ancak kurulu\u015f d\u00f6nemi haricinde son 10 y\u0131lda ya\u015fad\u0131\u011f\u0131m\u0131z b\u00fcy\u00fck sald\u0131r\u0131lar\u0131n tarihimizde ayr\u0131 bir yeri vard\u0131r. Daha \u00f6nemlisi hangi g\u00f6r\u00fcn\u00fcm alt\u0131nda ger\u00e7ekle\u015firse ger\u00e7ekle\u015fsin maruz kald\u0131\u011f\u0131m\u0131z her sald\u0131r\u0131n\u0131n giri\u015fti\u011fimiz her m\u00fccadelenin bir boyutu da  <strong>ekonomi<\/strong> olmu\u015ftur&#8221; diye konu\u015ftu.<\/p>\n<\/p>\n<p>&#8216;M\u0130LLET\u0130M\u0130ZE LAYIK OLAB\u0130LMEK \u0130\u00c7\u0130N GECE G\u00dcND\u00dcZ \u00c7ALI\u015eIYORUZ&#8217;<\/p>\n<\/p>\n<p>Erdo\u011fan, T\u00fcrkiye&#8217;yi faiz, kur, enflasyon cenderesinde tutmak isteyenlerin tuzaklar\u0131yla bo\u011fu\u015farak bug\u00fcnlere geldiklerini ifade ederek, \u015funlar\u0131 s\u00f6yledi: <\/p>\n<\/p>\n<p>&#8220;Sorunlar\u0131m\u0131z\u0131n bir k\u0131sm\u0131n\u0131n elbette iktisadi dayanaklar\u0131 vard\u0131r. Ama emin olun ekonomide ya\u015fad\u0131\u011f\u0131m\u0131z s\u0131k\u0131nt\u0131lar\u0131n \u00e7ok \u00f6nemli bir k\u0131sm\u0131 iktisadi de\u011fil siyasi saikle hayata ge\u00e7irilen oyunlar\u0131n \u00fcr\u00fcn\u00fcyd\u00fc. Yurt d\u0131\u015f\u0131nda i\u015f yapan firmalar\u0131n temsilcileri olarak bu tabloyu sizlerin \u00e7ok daha iyi g\u00f6rebildi\u011fine inan\u0131yorum. Kendi \u00fclkelerinde asla uygulatmayacaklar\u0131 y\u00f6ntemleri bize kar\u015f\u0131 hoyrat\u00e7a kullanan yap\u0131lar\u0131n operasyonlar\u0131n\u0131 masum ve makul kabul etmek kesinlikle m\u00fcmk\u00fcn de\u011fildir. Hamdolsun; t\u0131pk\u0131 siyasi m\u00fccadelelerde kendi g\u00fcc\u00fcm\u00fczle elde etti\u011fimiz kazan\u0131mlar gibi ekonomide de kendi ger\u00e7eklerimize uygun tedbirler geli\u015ftirerek yolumuza devam ediyoruz. Elbette her m\u00fccadelenin bir bedeli, bir y\u00fck\u00fc oluyor. Bug\u00fcn ekonomide ya\u015fad\u0131\u011f\u0131m\u0131z s\u0131k\u0131nt\u0131lar\u0131n gerisinde i\u015fte b\u00f6yle bir arka plan vard\u0131r.  <strong>Se\u00e7im<\/strong> \u00f6ncesi ekonomi \u00fczerinden \u00fclke siyasetini dizayn etme giri\u015fimlerine bir kez daha \u015fahit olduk. Milyarlarca dolar\u0131n kullan\u0131ld\u0131\u011f\u0131, yalanlar\u0131n, yanl\u0131\u015flar\u0131n, spek\u00fclasyonlar\u0131n kol gezdi\u011fi bu d\u00f6nemi geride b\u0131rakt\u0131k. \u015eimdi hem T\u00fcrkiye gemisini bir kez daha biraz \u00f6nce ifade etti\u011fim hedeflerine sabitledik hem de ekonomiyi toparlayacak tedbirleri ve mekanizmalar\u0131 devreye ald\u0131k. Hat\u0131rlarsan\u0131z 2019 y\u0131l\u0131nda yine b\u00f6yle bir t\u00f6ren vesilesiyle sizlere &#8216;Bu sistemin en b\u00fcy\u00fck garantisi millettir&#8217; demi\u015ftim. Milletimiz yapt\u0131\u011f\u0131 tercih ile sadece \u00fclkesinin ve kendisinin gelece\u011fine sahip \u00e7\u0131kmakla kalmam\u0131\u015ft\u0131r; bu sonu\u00e7 ayn\u0131 zamanda T\u00fcrkiye Cumhuriyeti&#8217;nin d\u00fcn\u00fc ve bug\u00fcn\u00fcn\u00fcn oldu\u011fu gibi yar\u0131n\u0131n da teminat\u0131n\u0131n milletimizin bizatihi kendisi oldu\u011funu c\u00fcmle aleme ispatlam\u0131\u015ft\u0131r. Biz de milletimize lay\u0131k olabilmek i\u00e7in gece g\u00fcnd\u00fcz \u00e7al\u0131\u015f\u0131yoruz.&#8221;<\/p>\n<\/p>\n<p>&#8216;MAKROEKONOM\u0130Y\u0130 G\u00dc\u00c7LEND\u0130RECEK PROGRAMLARI HAYATA GE\u00c7\u0130R\u0130YORUZ&#8217;<\/p>\n<\/p>\n<p>Hen\u00fcz 2,5 ayl\u0131k kabine ile di\u011fer alanlar gibi ekonomide de ald\u0131klar\u0131 somut sonu\u00e7larla milletin ve i\u015f d\u00fcnyas\u0131n\u0131n kar\u015f\u0131s\u0131na \u00e7\u0131kmay\u0131 ba\u015fard\u0131klar\u0131n\u0131 belirten Erdo\u011fan, \u015f\u00f6yle konu\u015ftu: <\/p>\n<\/p>\n<p>&#8220;Yat\u0131r\u0131m, istidam, \u00fcretim, ihracat yoluyla \u00fclkemizi b\u00fcy\u00fck ve hedefimize en k\u00fc\u00e7\u00fck bir halel getirmeden makroekonomiyi g\u00fc\u00e7lendirecek programlar\u0131 hayata ge\u00e7iriyoruz. Tahkim etti\u011fimiz g\u00fcven iklimi sayesinde uluslararas\u0131 finans kurulu\u015flar\u0131 10 milyonlarca dolarl\u0131k kayna\u011f\u0131 \u00fclkemize ak\u0131tmaya ba\u015flad\u0131. Firmalar\u0131m\u0131z\u0131n ve vatanda\u015flar\u0131m\u0131z\u0131n da bir s\u00fcredir kasada veya yast\u0131k alt\u0131nda tuttuklar\u0131 kaynaklar\u0131 harekete ge\u00e7irdikleri g\u00f6r\u00fcl\u00fcyor. \u0130n\u015fallah \u00e7ok yak\u0131nda kamu bor\u00e7lanmas\u0131ndan kredilere kadar her alanda bunun m\u00fcspet etkilerini g\u00f6rece\u011fiz. Milletimizin bizar oldu\u011fu hayat pahal\u0131l\u0131\u011f\u0131 sorununu \u00e7\u00f6zmek i\u00e7in de yo\u011fun gayret g\u00f6steriyoruz. Kurdu\u011fumuz mekanizmalara ilave yeni ad\u0131mlarla k\u0131sa s\u00fcrede bu konuda da netice almaya ba\u015flayaca\u011f\u0131m\u0131za inan\u0131yorum. Yeter ki biz millet\u00e7e birli\u011fimize, beraberli\u011fimize karde\u015fli\u011fimize s\u0131k\u0131 s\u0131k\u0131ya sahip \u00e7\u0131kal\u0131m. Bunu yapt\u0131\u011f\u0131m\u0131z m\u00fcddet\u00e7e Allah&#8217;\u0131n izniyle \u00fcstesinden gelemeyece\u011fimiz hi\u00e7bir mesele, a\u015famayaca\u011f\u0131m\u0131z hi\u00e7bir engel tan\u0131m\u0131yorum. Nas\u0131l darbeden depreme nice badireyi atlatarak hedeflerimize do\u011fru ilerliyorsak bug\u00fcnk\u00fc s\u0131k\u0131nt\u0131lar\u0131 da in\u015fallah k\u0131sa s\u00fcrede yenece\u011fiz.&#8221; <\/p>\n<\/p>\n<div>Kaynak: Demir\u00f6ren Haber Ajans\u0131 \/  Kaan Ulu &#8211;  Politika <\/div>\n","protected":false},"excerpt":{"rendered":"<p>CUMHURBA\u015eKANI Recep Tayyip Erdo\u011fan, &#8220;Milletimizin bizar oldu\u011fu hayat pahal\u0131l\u0131\u011f\u0131 sorununu \u00e7\u00f6zmek i\u00e7in yo\u011fun gayret g\u00f6steriyoruz.<\/p>\n","protected":false},"author":1,"featured_media":117079,"comment_status":"closed","ping_status":"open","sticky":false,"template":"","format":"standard","meta":{"footnotes":""},"categories":[28],"tags":[516,1633,484,15,160],"class_list":["post-117078","post","type-post","status-publish","format-standard","has-post-thumbnail","hentry","category-politika","tag-ekonomi","tag-hayat","tag-millet","tag-turkiye","tag-ulke"],"_links":{"self":[{"href":"https:\/\/haberulus.net\/index.php?rest_route=\/wp\/v2\/posts\/117078","targetHints":{"allow":["GET"]}}],"collection":[{"href":"https:\/\/haberulus.net\/index.php?rest_route=\/wp\/v2\/posts"}],"about":[{"href":"https:\/\/haberulus.net\/index.php?rest_route=\/wp\/v2\/types\/post"}],"author":[{"embeddable":true,"href":"https:\/\/haberulus.net\/index.php?rest_route=\/wp\/v2\/users\/1"}],"replies":[{"embeddable":true,"href":"https:\/\/haberulus.net\/index.php?rest_route=%2Fwp%2Fv2%2Fcomments&post=117078"}],"version-history":[{"count":1,"href":"https:\/\/haberulus.net\/index.php?rest_route=\/wp\/v2\/posts\/117078\/revisions"}],"predecessor-version":[{"id":117080,"href":"https:\/\/haberulus.net\/index.php?rest_route=\/wp\/v2\/posts\/117078\/revisions\/117080"}],"wp:featuredmedia":[{"embeddable":true,"href":"https:\/\/haberulus.net\/index.php?rest_route=\/wp\/v2\/media\/117079"}],"wp:attachment":[{"href":"https:\/\/haberulus.net\/index.php?rest_route=%2Fwp%2Fv2%2Fmedia&parent=117078"}],"wp:term":[{"taxonomy":"category","embeddable":true,"href":"https:\/\/haberulus.net\/index.php?rest_route=%2Fwp%2Fv2%2Fcategories&post=117078"},{"taxonomy":"post_tag","embeddable":true,"href":"https:\/\/haberulus.net\/index.php?rest_route=%2Fwp%2Fv2%2Ftags&post=117078"}],"curies":[{"name":"wp","href":"https:\/\/api.w.org\/{rel}","templated":true}]}}