{"id":117165,"date":"2023-08-22T16:35:03","date_gmt":"2023-08-22T16:35:03","guid":{"rendered":"https:\/\/haberulus.net\/?p=117165"},"modified":"2023-08-22T16:35:03","modified_gmt":"2023-08-22T16:35:03","slug":"amasyada-harsena-kalesi-yakininda-orman-yangini","status":"publish","type":"post","link":"https:\/\/haberulus.net\/?p=117165","title":{"rendered":"Amasya\u2019da Har\u015fena Kalesi yak\u0131n\u0131nda orman yang\u0131n\u0131"},"content":{"rendered":"<p>Amasya\u2019da Har\u015fena Kalesi\u2019nin yak\u0131n\u0131ndaki ormanda yang\u0131n \u00e7\u0131kt\u0131. R\u00fczgar\u0131n da etkisiyle b\u00fcy\u00fcyen yang\u0131na ihbar \u00fczerine b\u00f6lgeye Amasya Belediyesi \u0130tfaiye M\u00fcd\u00fcrl\u00fc\u011f\u00fc ve Amasya Orman B\u00f6lge M\u00fcd\u00fcrl\u00fc\u011f\u00fc ekipleri sevk edildi. \u0130tfaiye ara\u00e7lar\u0131 ve araz\u00f6zlerle yap\u0131lan s\u00f6nd\u00fcrme \u00e7al\u0131\u015fmalar\u0131na TOMA\u2019lar da destek verdi.<\/p>\n<p><img decoding=\"async\" src=\"https:\/\/i01.sozcucdn.com\/wp-content\/uploads\/2023\/08\/22\/22-amasya.jpg\" alt=\"\" title=\"\"><\/p>\n<p><strong>\u201cR\u0130SK DEVAM ED\u0130YOR\u201d<\/strong><\/p>\n<p>B\u00f6lgeye gelerek s\u00f6nd\u00fcrme \u00e7al\u0131\u015fmalar\u0131n\u0131 yerinde izleyen Vali Y\u0131lmaz Doruk, \u015funlar\u0131 s\u00f6yledi:<\/p>\n<p>* \u201cKale alt\u0131nda kale park dedi\u011fimiz k\u0131s\u0131mda orman yang\u0131n\u0131 ba\u015flad\u0131. Hen\u00fcz \u015fu saat itibari ile sebebini tespit edemedik. M\u00fcdahale ediyoruz. Orman B\u00f6lge M\u00fcd\u00fcrl\u00fc\u011f\u00fcm\u00fcz\u00fcn, belediyemizin, AFAD, \u00f6zel idare b\u00fct\u00fcn kurum ve kurulu\u015flar\u0131m\u0131z \u015fu anda m\u00fcdahale ediyor. \u00d6nemli miktarda yol ald\u0131k ama hala risk devam ediyor.<\/p>\n<p>* Geni\u015fleme ihtimali oldu\u011fundan dolay\u0131 hali haz\u0131rda r\u00fczgardan dolay\u0131 o sebeple \u00e7al\u0131\u015fmalar devam ediyor. \u00a0Bir de Kastamonu\u2019dan helikopter geldi. \u0130n\u015fallah dile\u011fimiz yang\u0131n\u0131n k\u0131sa s\u00fcrede s\u00f6nd\u00fcr\u00fclmesi. Umudumuz daha k\u0131sa s\u00fcrede daha fazla yay\u0131lmadan sonland\u0131ral\u0131m. Yakla\u015f\u0131k 45-50 d\u00f6n\u00fcm kadar bir yer yand\u0131.<\/p>\n<p>* \u0130n\u015fallah k\u0131sa s\u00fcrede bitirip bir can ve mal kayb\u0131 olmadan yang\u0131n\u0131 sonland\u0131rm\u0131\u015f oluruz. Kalemizde o b\u00f6lge i\u00e7erisinde orman\u00f6z\u00fc ara\u00e7lar\u0131m\u0131z da orada kontrol alt\u0131nda tutuyor. O y\u00f6nde de \u00e7al\u0131\u015fmalar\u0131 arkada\u015flar\u0131m\u0131z s\u00fcrd\u00fcr\u00fcyorlar.<\/p>\n<p>* Kuru oldu\u011fu i\u00e7in otluk alan r\u00fczg\u00e2r\u0131n etkisi ile \u00e7ok k\u0131sa s\u00fcrede yay\u0131labiliyor. \u0130n\u015fallah \u00e7ok b\u00fcy\u00fck bir hasar ya\u015famadan s\u00f6nd\u00fcr\u00fcr\u00fcz. Risk hala devam ediyor.\u201d (DHA)<\/p>\n<p><img decoding=\"async\" src=\"https:\/\/i01.sozcucdn.com\/wp-content\/uploads\/2023\/08\/22\/33-amasya.jpg\" alt=\"\" title=\"\"><\/p>\n","protected":false},"excerpt":{"rendered":"<p>Amasya&#8217;da Har\u015fena Kalesi yak\u0131n\u0131ndaki ormanda yang\u0131n \u00e7\u0131kt\u0131. K\u0131sa s\u00fcrede b\u00fcy\u00fcyen yang\u0131na karadan ve havadan m\u00fcdahale ediliyor. Amasya Valisi Y\u0131lmaz Doruk, &#8220;Yakla\u015f\u0131k 45-50 d\u00f6n\u00fcm kadar bir yer yand\u0131. \u0130n\u015fallah k\u0131sa s\u00fcrede bitirip bir can ve mal kayb\u0131 olmadan yang\u0131n\u0131 sonland\u0131rm\u0131\u015f oluruz&#8221; dedi.<\/p>\n","protected":false},"author":1,"featured_media":117166,"comment_status":"closed","ping_status":"open","sticky":false,"template":"","format":"standard","meta":{"footnotes":""},"categories":[26],"tags":[158,539,518],"class_list":["post-117165","post","type-post","status-publish","format-standard","has-post-thumbnail","hentry","category-gundem","tag-bolge","tag-orman","tag-yangin"],"_links":{"self":[{"href":"https:\/\/haberulus.net\/index.php?rest_route=\/wp\/v2\/posts\/117165","targetHints":{"allow":["GET"]}}],"collection":[{"href":"https:\/\/haberulus.net\/index.php?rest_route=\/wp\/v2\/posts"}],"about":[{"href":"https:\/\/haberulus.net\/index.php?rest_route=\/wp\/v2\/types\/post"}],"author":[{"embeddable":true,"href":"https:\/\/haberulus.net\/index.php?rest_route=\/wp\/v2\/users\/1"}],"replies":[{"embeddable":true,"href":"https:\/\/haberulus.net\/index.php?rest_route=%2Fwp%2Fv2%2Fcomments&post=117165"}],"version-history":[{"count":1,"href":"https:\/\/haberulus.net\/index.php?rest_route=\/wp\/v2\/posts\/117165\/revisions"}],"predecessor-version":[{"id":117167,"href":"https:\/\/haberulus.net\/index.php?rest_route=\/wp\/v2\/posts\/117165\/revisions\/117167"}],"wp:featuredmedia":[{"embeddable":true,"href":"https:\/\/haberulus.net\/index.php?rest_route=\/wp\/v2\/media\/117166"}],"wp:attachment":[{"href":"https:\/\/haberulus.net\/index.php?rest_route=%2Fwp%2Fv2%2Fmedia&parent=117165"}],"wp:term":[{"taxonomy":"category","embeddable":true,"href":"https:\/\/haberulus.net\/index.php?rest_route=%2Fwp%2Fv2%2Fcategories&post=117165"},{"taxonomy":"post_tag","embeddable":true,"href":"https:\/\/haberulus.net\/index.php?rest_route=%2Fwp%2Fv2%2Ftags&post=117165"}],"curies":[{"name":"wp","href":"https:\/\/api.w.org\/{rel}","templated":true}]}}