{"id":117234,"date":"2023-08-22T19:05:02","date_gmt":"2023-08-22T19:05:02","guid":{"rendered":"https:\/\/haberulus.net\/?p=117234"},"modified":"2023-08-22T19:05:02","modified_gmt":"2023-08-22T19:05:02","slug":"cumhurbaskani-erdogan-kacak-olarak-ulkemizde-bulunan-ve-suca-karisan-multecileri-suratle-sinir-disi-ediyoruz","status":"publish","type":"post","link":"https:\/\/haberulus.net\/?p=117234","title":{"rendered":"Cumhurba\u015fkan\u0131 Erdo\u011fan: Ka\u00e7ak olarak \u00fclkemizde bulunan ve su\u00e7a kar\u0131\u015fan m\u00fcltecileri s\u00fcratle s\u0131n\u0131r d\u0131\u015f\u0131 ediyoruz"},"content":{"rendered":"<p>Ankara&#8217;da d\u00fczenlenen Jandarma ve Sahil G\u00fcvenlik Akademisi Subay ve Astsubay \u00d6\u011frencileri Mezuniyet T\u00f6reni&#8217;nde konu\u015fan Cumhurba\u015fkan\u0131 Erdo\u011fan, d\u00fczensiz g\u00f6\u00e7le m\u00fccadelenin devam etti\u011fini belirtip &#8220;Ka\u00e7ak olarak \u00fclkemizde bulunanlar\u0131 ve su\u00e7a kar\u0131\u015fanlar\u0131 s\u00fcratle s\u0131n\u0131r d\u0131\u015f\u0131 ediyoruz&#8221; diye konu\u015ftu.<\/p>\n<p><b>&#8220;15 TEMMUZ DARBE G\u0130R\u0130\u015e\u0130M\u0130NDEN SONRA KURUMLARIMIZI YEN\u0130DEN YAPILANDIRDIK&#8221;<\/b><\/p>\n<p>Jandarma Mezuniyet T\u00f6reni&#8217;nde konu\u015fan Cumhurba\u015fkan\u0131 Erdo\u011fan&#8217;\u0131n a\u00e7\u0131klamalar\u0131ndan sat\u0131r ba\u015flar\u0131 \u015fu \u015fekilde; &#8220;2022-2023 Akademik Y\u0131l\u0131&#8217;n\u0131 ba\u015far\u0131yla tamamlayan t\u00fcm evlatlar\u0131m\u0131z\u0131 tebrik ediyorum. 791&#8217;i subay, 319 kad\u0131n astsubay \u00f6\u011frencimizi mezun etmenin sevincini ya\u015f\u0131yoruz. Farkl\u0131 toplam 3810 evlad\u0131m\u0131z\u0131 Akademi&#8217;den mezun etmi\u015f oluyoruz. Jandarma ve Sahil G\u00fcvenlik Te\u015fkilatlar\u0131m\u0131z daha da g\u00fc\u00e7lenecektir. 15 Temmuz darbe giri\u015fiminden sonra kritik kurumlar\u0131m\u0131z\u0131 yeniden yap\u0131land\u0131rd\u0131k. Geni\u015f bir yelpazede \u00f6nemli de\u011fi\u015fikliklere gittik. Jandarma ve Sahil G\u00fcvenlik birimlerimizin de di\u011fer kurumlar gibi yeni bir ruha kavu\u015ftu\u011funu g\u00f6r\u00fcyoruz. Ge\u00e7mi\u015fle k\u0131yas dahi edilemeyecek bir seviyeye ula\u015ft\u0131k. Ter\u00f6rle m\u00fccadele ba\u015fta olmak \u00fczere asayi\u015f ve emniyet hizmetlerinde daha tesirli sonu\u00e7lar al\u0131yoruz.<\/p>\n<p><b>&#8220;YA TESL\u0130M OLACAKLAR YA DA DEM\u0130R YUMRUKLA Y\u00dcZLE\u015eECEKLER&#8221;<\/b><\/p>\n<p>B\u00f6l\u00fcc\u00fc \u00f6rg\u00fct\u00fcn Kandil&#8217;deki baronlar\u0131na nefes ald\u0131rm\u0131yoruz. Yalan ve propaganda ile kand\u0131r\u0131l\u0131p da\u011fa ka\u00e7\u0131r\u0131lan gen\u00e7lerin say\u0131s\u0131 g\u00fcnden g\u00fcne azal\u0131yor. Ter\u00f6r \u00f6rg\u00fctlerine kat\u0131l\u0131m tarihin en d\u00fc\u015f\u00fck seviyesine indi. Bug\u00fcne kadar 45 ki\u015fi b\u00f6l\u00fcc\u00fc ter\u00f6r \u00f6rg\u00fct\u00fcnden ka\u00e7arak tekrar aileleriyle kucakla\u015ft\u0131. Son 2,5 ayda 32 ter\u00f6rist ikna yoluyla teslim oldu. Bu say\u0131lar\u0131n \u00f6n\u00fcm\u00fczdeki g\u00fcnlerde daha da artaca\u011f\u0131na inan\u0131yorum. T\u00fcrkiye eninde sonunda ter\u00f6r belas\u0131ndan muhakkak kurtulacakt\u0131r. Ne \u00fclkemizin ne de b\u00f6lgemizin gelece\u011finde hi\u00e7bir ter\u00f6r \u00f6rg\u00fct\u00fcne yer yoktur. Ter\u00f6ristler ya nedamet duyup T\u00fcrk adaletine teslim olacak ya da devletimizin demir yumru\u011fuyla y\u00fczle\u015feceklerdir. Bunun d\u0131\u015f\u0131nda \u00f6nlerinde ba\u015fka yol yoktur.<\/p>\n<p><b>&#8220;D\u00dcZENS\u0130Z G\u00d6\u00c7 \u0130LE M\u00dcCADELEM\u0130Z DEVAM ED\u0130YOR&#8221;<\/b><\/p>\n<p>Sadece ter\u00f6r \u00f6rg\u00fctleri ile de\u011fil, k\u00fcresel bir sorun olan d\u00fczensiz g\u00f6\u00e7 ile de m\u00fccadele ediyoruz. D\u00fczensiz g\u00f6\u00e7 ve zehir tacirleriyle m\u00fccadelemiz de g\u00fc\u00e7lenerek devam ediyor. Vatanda\u015f\u0131m\u0131z\u0131n g\u00fcvenli\u011fine kast eden kim varsa tepelerine biniyoruz binece\u011fiz. \u0130nsan ka\u00e7ak\u00e7\u0131lar\u0131na kar\u015f\u0131 al\u0131nan tedbirleri i\u00e7eride ve s\u0131n\u0131r hatt\u0131nda art\u0131rd\u0131k. Y\u0131lba\u015f\u0131ndan bu yana 143 bin d\u00fczensiz g\u00f6\u00e7menin giri\u015fini engelledik. Ka\u00e7ak veya su\u00e7a bula\u015fanlar\u0131 da tespit ediyor s\u00fcratle s\u0131n\u0131r d\u0131\u015f\u0131 ediyoruz. Son 2 ayda yakalanan 65 bin ka\u00e7ak g\u00f6\u00e7menden 25 bini s\u0131n\u0131r d\u0131\u015f\u0131 edildi. T\u00fcrkiye&#8217;yi m\u00fclteci ak\u0131n\u0131yla k\u00f6\u015feye s\u0131k\u0131\u015ft\u0131rma \u00e7abalar\u0131n\u0131 bo\u015fa \u00e7\u0131kar\u0131yoruz. Ege&#8217;de 700&#8217;e yak\u0131n umut yolcusunun \u00f6l\u00fcme terk edildi\u011fi bir ortamda biz t\u00fcm imkanlar\u0131m\u0131z\u0131 seferber ediyoruz. Birileri bu insanlar\u0131 \u00f6l\u00fcme mahkum ederken biz sahil g\u00fcvenlik g\u00fc\u00e7lerimizle o dalgalar\u0131n aras\u0131ndan kurtar\u0131yoruz. Bu, T\u00fcrk&#8217;\u00fcn merhamet duygusudur.<\/p>\n<p><b>&#8220;1 M\u0130LYON KARDE\u015e\u0130M\u0130Z VATANLARINA D\u00d6NECEK&#8221;<\/b><\/p>\n<p>D\u00fczensiz g\u00f6\u00e7e kar\u015f\u0131 her t\u00fcrl\u00fc tedbiri al\u0131rken \u00fclkemiz ekonomisine katk\u0131 yapan, d\u00f6viz getiren yabanc\u0131 misafirlerimizi de ba\u011fr\u0131m\u0131za bas\u0131yoruz. Tarihimizde inanc\u0131m\u0131zda yeri olmayan \u0131rk\u00e7\u0131l\u0131k ve yabanc\u0131 d\u00fc\u015fmanl\u0131\u011f\u0131n\u0131n toplumumuza sirayet etmesine izin veremeyiz. Bu meseleyi vicdani duru\u015fla \u00e7\u00f6z\u00fcme kavu\u015fturaca\u011f\u0131z. G\u00f6n\u00fcll\u00fc onurlu g\u00fcvenli geri d\u00f6n\u00fc\u015fleri h\u0131zland\u0131rmak ad\u0131na Suriye&#8217;nin kuzeyindeki kal\u0131c\u0131 konutlar\u0131n yap\u0131m\u0131 s\u00fcr\u00fcyor. 1 milyon karde\u015fimiz vatanlar\u0131na d\u00f6nebileceklerdir.&#8221;<\/p>\n","protected":false},"excerpt":{"rendered":"<p>Cumhurba\u015fkan\u0131 Erdo\u011fan, Ankara&#8217;da d\u00fczenlenen Jandarma Mezuniyet T\u00f6reni&#8217;nde konu\u015ftu. T\u00fcrkiye&#8217;yi m\u00fclteci ak\u0131n\u0131yla k\u00f6\u015feye s\u0131k\u0131\u015ft\u0131rma \u00e7abalar\u0131n\u0131 bo\u015fa \u00e7\u0131kard\u0131klar\u0131n\u0131 ifade eden Erdo\u011fan &#8220;Ka\u00e7ak olarak \u00fclkemizde bulunanlar\u0131 ve su\u00e7a kar\u0131\u015fanlar\u0131 s\u00fcratle s\u0131n\u0131r d\u0131\u015f\u0131 ediyoruz&#8221; diye konu\u015ftu. &#8220;B\u00f6l\u00fcc\u00fc \u00f6rg\u00fct\u00fcn Kandil&#8217;deki baronlar\u0131na nefes ald\u0131rm\u0131yoruz&#8221; diyen Erdo\u011fan, &#8220;T\u00fcrkiye eninde sonunda ter\u00f6r belas\u0131ndan muhakkak kurtulacakt\u0131r&#8221; a\u00e7\u0131klamas\u0131n\u0131 yapt\u0131.<\/p>\n","protected":false},"author":1,"featured_media":117235,"comment_status":"closed","ping_status":"open","sticky":false,"template":"","format":"standard","meta":{"footnotes":""},"categories":[28],"tags":[5435,2253,102,262],"class_list":["post-117234","post","type-post","status-publish","format-standard","has-post-thumbnail","hentry","category-politika","tag-duzensiz-goc","tag-guvenli","tag-mucadele","tag-teror"],"_links":{"self":[{"href":"https:\/\/haberulus.net\/index.php?rest_route=\/wp\/v2\/posts\/117234","targetHints":{"allow":["GET"]}}],"collection":[{"href":"https:\/\/haberulus.net\/index.php?rest_route=\/wp\/v2\/posts"}],"about":[{"href":"https:\/\/haberulus.net\/index.php?rest_route=\/wp\/v2\/types\/post"}],"author":[{"embeddable":true,"href":"https:\/\/haberulus.net\/index.php?rest_route=\/wp\/v2\/users\/1"}],"replies":[{"embeddable":true,"href":"https:\/\/haberulus.net\/index.php?rest_route=%2Fwp%2Fv2%2Fcomments&post=117234"}],"version-history":[{"count":1,"href":"https:\/\/haberulus.net\/index.php?rest_route=\/wp\/v2\/posts\/117234\/revisions"}],"predecessor-version":[{"id":117236,"href":"https:\/\/haberulus.net\/index.php?rest_route=\/wp\/v2\/posts\/117234\/revisions\/117236"}],"wp:featuredmedia":[{"embeddable":true,"href":"https:\/\/haberulus.net\/index.php?rest_route=\/wp\/v2\/media\/117235"}],"wp:attachment":[{"href":"https:\/\/haberulus.net\/index.php?rest_route=%2Fwp%2Fv2%2Fmedia&parent=117234"}],"wp:term":[{"taxonomy":"category","embeddable":true,"href":"https:\/\/haberulus.net\/index.php?rest_route=%2Fwp%2Fv2%2Fcategories&post=117234"},{"taxonomy":"post_tag","embeddable":true,"href":"https:\/\/haberulus.net\/index.php?rest_route=%2Fwp%2Fv2%2Ftags&post=117234"}],"curies":[{"name":"wp","href":"https:\/\/api.w.org\/{rel}","templated":true}]}}