{"id":117243,"date":"2023-08-22T19:21:08","date_gmt":"2023-08-22T19:21:08","guid":{"rendered":"https:\/\/haberulus.net\/?p=117243"},"modified":"2023-08-22T19:21:08","modified_gmt":"2023-08-22T19:21:08","slug":"servet-cetin-kolay-bir-mac-olmayacak","status":"publish","type":"post","link":"https:\/\/haberulus.net\/?p=117243","title":{"rendered":"Servet \u00c7etin: Kolay bir ma\u00e7 olmayacak"},"content":{"rendered":"<p>Trendyol S\u00fcper Lig\u2019in 3. haftas\u0131nda sahas\u0131nda Antalyaspor\u2019u konuk edecek Sivasspor ma\u00e7\u0131n haz\u0131rl\u0131klar\u0131na yapt\u0131\u011f\u0131 antrenmanla devam etti. Kul\u00fcp tesislerinde ak\u015fam saatlerinde ger\u00e7ekle\u015ftirilen antrenman \u00f6ncesinde teknik direkt\u00f6r Servet \u00c7etin, bas\u0131n mensuplar\u0131na a\u00e7\u0131klamalarda bulundu.<\/p>\n<p>\u0130lk olarak ligin 2\u2019nci hafta ma\u00e7\u0131nda deplasmanda Gaziantep FK ile oynad\u0131klar\u0131 ve 3-1 galip geldikleri ma\u00e7\u0131 de\u011ferlendiren Servet \u00c7etin, \u201cZor bir ma\u00e7t\u0131 bizim i\u00e7in. \u0130\u00e7eride Samsunspor ile berabere kalm\u0131\u015ft\u0131k. Gaziantep FK\u2019y\u0131 \u00e7ok iyi analiz ettik. Hafta i\u00e7i \u00e7ok do\u011fru \u00e7al\u0131\u015ft\u0131k. Futbolcu karde\u015flerim ma\u00e7ta ne istediysek hepsini yapt\u0131. Bu da skora ve oyuna yans\u0131d\u0131. \u00c7ok g\u00fczel bir galibiyet oldu. Futbolcular\u0131m\u0131z\u0131 tebrik ettim. G\u00fczel bir galibiyet oldu\u201d ifadelerini kulland\u0131.<\/p>\n<p><b>\u201cKOLAY B\u0130R MA\u00c7 OLMAYACAK\u201d<\/b><\/p>\n<p>S\u00fcper Lig\u2019in 3\u2019\u00fcnc\u00fc haftas\u0131nda sahalar\u0131nda Antalyaspor ile zorlu bir m\u00fcsabakaya \u00e7\u0131kacaklar\u0131n\u0131 kaydeden \u00c7etin, \u201cAntalyaspor \u00e7ok iyi organize olan, daha d\u00fczenli bir tak\u0131m. \u00c7ok iyi haz\u0131rlanmam\u0131z gerekiyor. \u0130n\u015fallah bir eksi\u011fimiz olmaz. Kolay bir ma\u00e7 olmayacak. Bak\u0131p g\u00f6rece\u011fiz neler olacak\u201d diye konu\u015ftu.<\/p>\n<p>Transfer \u00e7al\u0131\u015fmalar\u0131n\u0131n devam etti\u011fini s\u00f6yleyen \u00c7etin, \u201cEksik b\u00f6lgelerimiz var, g\u00f6n\u00fcl isterdi ki Rey Manaj transferini daha \u00f6nce bitirebilseydik. Ama maalesef transfer d\u00f6nemi biraz uzun ve sanc\u0131l\u0131 oluyor, hemen bitiremiyorsunuz. Tabi onun da antrenman eksikli\u011fi var. Tak\u0131m\u0131yla \u00e7ok \u00e7al\u0131\u015famam\u0131\u015f. K\u0131sa s\u00fcrede toparlamam\u0131z gerekiyor. G\u00f6n\u00fcl isterdi ki sezon ba\u015f\u0131 aram\u0131za kat\u0131lsayd\u0131 ve lige haz\u0131r olsayd\u0131. Aram\u0131zda oldu\u011fu i\u00e7in mutluyuz ama haz\u0131r olmad\u0131\u011f\u0131ndan dolay\u0131 biraz s\u0131k\u0131nt\u0131 ya\u015fayaca\u011f\u0131z. \u0130n\u015fallah hem onun hem de tak\u0131m i\u00e7in hay\u0131rl\u0131 olur. \u00d6zellikle kenar oyuncusu istiyoruz, ba\u015fka d\u00fc\u015f\u00fcncemiz de var ve y\u00f6netimimizle konu\u015fuyoruz. \u015eu anda kenar oyuncusu aray\u0131\u015f\u0131m\u0131z var, belki bir forvet daha olabilir. Y\u00f6netimimiz de \u00e7al\u0131\u015f\u0131yor, onlarda biz de oyuncu ar\u0131yoruz. Her antrenmandan sonra b\u00fct\u00fcn zaman\u0131m\u0131z\u0131 oyuncu izleyerek ge\u00e7iriyoruz. \u0130n\u015fallah bize uygun oyuncular\u0131 tak\u0131m\u0131m\u0131za katarsak biraz daha g\u00fc\u00e7lenece\u011fiz\u201d \u015feklinde konu\u015ftu. (DHA)<\/p>\n","protected":false},"excerpt":{"rendered":"<p>Sivasspor&#8217;da teknik direkt\u00f6r Servet \u00c7etin, ligin 3. haftas\u0131nda oynayacaklar\u0131 Antalyaspor ma\u00e7\u0131yla ilgili, &#8220;\u00c7ok iyi haz\u0131rlanmam\u0131z gerekiyor. \u0130n\u015fallah bir eksi\u011fimiz olmaz. Kolay bir ma\u00e7 olmayacak&#8221; dedi.<\/p>\n","protected":false},"author":1,"featured_media":117244,"comment_status":"closed","ping_status":"open","sticky":false,"template":"","format":"standard","meta":{"footnotes":""},"categories":[31],"tags":[290,197],"class_list":["post-117243","post","type-post","status-publish","format-standard","has-post-thumbnail","hentry","category-spor","tag-mac","tag-oyuncu"],"_links":{"self":[{"href":"https:\/\/haberulus.net\/index.php?rest_route=\/wp\/v2\/posts\/117243","targetHints":{"allow":["GET"]}}],"collection":[{"href":"https:\/\/haberulus.net\/index.php?rest_route=\/wp\/v2\/posts"}],"about":[{"href":"https:\/\/haberulus.net\/index.php?rest_route=\/wp\/v2\/types\/post"}],"author":[{"embeddable":true,"href":"https:\/\/haberulus.net\/index.php?rest_route=\/wp\/v2\/users\/1"}],"replies":[{"embeddable":true,"href":"https:\/\/haberulus.net\/index.php?rest_route=%2Fwp%2Fv2%2Fcomments&post=117243"}],"version-history":[{"count":1,"href":"https:\/\/haberulus.net\/index.php?rest_route=\/wp\/v2\/posts\/117243\/revisions"}],"predecessor-version":[{"id":117245,"href":"https:\/\/haberulus.net\/index.php?rest_route=\/wp\/v2\/posts\/117243\/revisions\/117245"}],"wp:featuredmedia":[{"embeddable":true,"href":"https:\/\/haberulus.net\/index.php?rest_route=\/wp\/v2\/media\/117244"}],"wp:attachment":[{"href":"https:\/\/haberulus.net\/index.php?rest_route=%2Fwp%2Fv2%2Fmedia&parent=117243"}],"wp:term":[{"taxonomy":"category","embeddable":true,"href":"https:\/\/haberulus.net\/index.php?rest_route=%2Fwp%2Fv2%2Fcategories&post=117243"},{"taxonomy":"post_tag","embeddable":true,"href":"https:\/\/haberulus.net\/index.php?rest_route=%2Fwp%2Fv2%2Ftags&post=117243"}],"curies":[{"name":"wp","href":"https:\/\/api.w.org\/{rel}","templated":true}]}}