{"id":117264,"date":"2023-08-22T20:35:11","date_gmt":"2023-08-22T20:35:11","guid":{"rendered":"https:\/\/haberulus.net\/?p=117264"},"modified":"2023-08-22T20:35:11","modified_gmt":"2023-08-22T20:35:11","slug":"besiktas-yonetimine-olaganustu-secimli-kongre-cagrisi","status":"publish","type":"post","link":"https:\/\/haberulus.net\/?p=117264","title":{"rendered":"Be\u015fikta\u015f y\u00f6netimine ola\u011fan\u00fcst\u00fc se\u00e7imli kongre \u00e7a\u011fr\u0131s\u0131"},"content":{"rendered":"<p>Eski Be\u015fikta\u015f Kul\u00fcb\u00fc Y\u00f6neticisi Hasan Arat, siyah-beyazl\u0131 kul\u00fcb\u00fcn y\u00f6netim kuruluna ola\u011fan\u00fcst\u00fc se\u00e7imli kongre \u00e7a\u011fr\u0131s\u0131nda bulundu.<\/p>\n<p>Arat, X sosyal medya platformunda yer alan hesab\u0131ndan yapt\u0131\u011f\u0131 a\u00e7\u0131klamada, \u015fu ifadeleri kulland\u0131:<\/p>\n<p>\u201cDe\u011ferli Be\u015fikta\u015fl\u0131lar, Be\u015fikta\u015f\u2019\u0131m\u0131zda s\u00fcregelen geli\u015fmeler onar\u0131lamaz bir g\u00fcvensizlik yaratm\u0131\u015ft\u0131r. Camiam\u0131z uzun s\u00fcredir huzursuz ve endi\u015felidir. Be\u015fikta\u015f\u2019\u0131m\u0131z\u0131n, mevcut y\u00f6netimle kaybedecek bir g\u00fcn\u00fc daha yoktur. Be\u015fikta\u015f Y\u00f6netim Kurulunu, ola\u011fan\u00fcst\u00fc se\u00e7imli kongre karar\u0131 almaya davet ediyorum. Camiam\u0131z m\u00fcsterih olsun; Be\u015fikta\u015f\u2019\u0131m\u0131z\u0131n t\u00fcm sorunlar\u0131n\u0131 \u00e7\u00f6zmeye haz\u0131r\u0131z.\u201d (AA)<\/p>\n","protected":false},"excerpt":{"rendered":"<p>Be\u015fikta\u015f&#8217;\u0131n eski y\u00f6neticilerinden Hasan Arat, y\u00f6netim kuruluna ola\u011fan\u00fcst\u00fc se\u00e7im \u00e7a\u011fr\u0131s\u0131nda bulundu.<\/p>\n","protected":false},"author":1,"featured_media":117265,"comment_status":"closed","ping_status":"open","sticky":false,"template":"","format":"standard","meta":{"footnotes":""},"categories":[31],"tags":[324],"class_list":["post-117264","post","type-post","status-publish","format-standard","has-post-thumbnail","hentry","category-spor","tag-besiktas"],"_links":{"self":[{"href":"https:\/\/haberulus.net\/index.php?rest_route=\/wp\/v2\/posts\/117264","targetHints":{"allow":["GET"]}}],"collection":[{"href":"https:\/\/haberulus.net\/index.php?rest_route=\/wp\/v2\/posts"}],"about":[{"href":"https:\/\/haberulus.net\/index.php?rest_route=\/wp\/v2\/types\/post"}],"author":[{"embeddable":true,"href":"https:\/\/haberulus.net\/index.php?rest_route=\/wp\/v2\/users\/1"}],"replies":[{"embeddable":true,"href":"https:\/\/haberulus.net\/index.php?rest_route=%2Fwp%2Fv2%2Fcomments&post=117264"}],"version-history":[{"count":1,"href":"https:\/\/haberulus.net\/index.php?rest_route=\/wp\/v2\/posts\/117264\/revisions"}],"predecessor-version":[{"id":117266,"href":"https:\/\/haberulus.net\/index.php?rest_route=\/wp\/v2\/posts\/117264\/revisions\/117266"}],"wp:featuredmedia":[{"embeddable":true,"href":"https:\/\/haberulus.net\/index.php?rest_route=\/wp\/v2\/media\/117265"}],"wp:attachment":[{"href":"https:\/\/haberulus.net\/index.php?rest_route=%2Fwp%2Fv2%2Fmedia&parent=117264"}],"wp:term":[{"taxonomy":"category","embeddable":true,"href":"https:\/\/haberulus.net\/index.php?rest_route=%2Fwp%2Fv2%2Fcategories&post=117264"},{"taxonomy":"post_tag","embeddable":true,"href":"https:\/\/haberulus.net\/index.php?rest_route=%2Fwp%2Fv2%2Ftags&post=117264"}],"curies":[{"name":"wp","href":"https:\/\/api.w.org\/{rel}","templated":true}]}}