{"id":117297,"date":"2023-08-23T03:05:03","date_gmt":"2023-08-23T03:05:03","guid":{"rendered":"https:\/\/haberulus.net\/?p=117297"},"modified":"2023-08-23T03:05:03","modified_gmt":"2023-08-23T03:05:03","slug":"eris-varyanti-hakkinda-ne-biliyoruz","status":"publish","type":"post","link":"https:\/\/haberulus.net\/?p=117297","title":{"rendered":"Eris varyant\u0131 hakk\u0131nda ne biliyoruz"},"content":{"rendered":"<p><strong>3<\/strong> y\u0131l\u0131 a\u015fk\u0131n s\u00fcredir koronavir\u00fcsle m\u00fccadele eden d\u00fcnya \u015fimdi de Omicron alt varyant\u0131\u00a0 Eris varyant\u0131 i\u00e7in harekete ge\u00e7ti. D\u00fcnya Sa\u011fl\u0131k \u00d6rg\u00fct\u00fc (DS\u00d6) \u2018Eris&#8217; olarak adland\u0131r\u0131lan EG.5 varyant\u0131n\u0131n \u015fimdiye kadar 51 \u00fclkede g\u00f6r\u00fcld\u00fc\u011f\u00fcne dikkat \u00e7ekerek \u00fclkeleri Covid \u00f6nlemlerini kald\u0131rmamalar\u0131 konusunda uyard\u0131.<\/p>\n<p><img decoding=\"async\" src=\"https:\/\/i01.sozcucdn.com\/wp-content\/uploads\/2023\/08\/23\/basliksiz-3.jpg\" alt=\"\" title=\"\"><\/p>\n<p>T\u0131bbi Mikrobiyoloji\u00a0Uzman\u0131 Prof. Dr. P\u0131nar \u00c7\u0131ragil de, yeni bir endi\u015feye yol a\u00e7an Eris varyant\u0131yla ilgili \u015fu bilgileri payla\u015ft\u0131:<\/p>\n<p><strong>VAKALAR ARTIYOR<\/strong><\/p>\n<p>\u0130lk olarak 17 \u015eubat 2023&#8217;te bildirilen EG.5 varyant\u0131 (ER\u0130S), 2021&#8217;in sonlar\u0131nda g\u00f6r\u00fclmeye ba\u015flayan ve o zamandan beri birka\u00e7 mutasyona u\u011frayan Omicron&#8217;un alt varyant\u0131d\u0131r. D\u00fcnya Sa\u011fl\u0131k \u00d6rg\u00fct\u00fc (DS\u00d6) taraf\u0131ndan, 19 Temmuz 2023&#8217;te izlenen varyant (Variant Under Monitoring-VUM) olarak belirlendi. DS\u00d6, 9 A\u011fustos 2023 tarihinde yap\u0131lan \u0130lk Risk De\u011ferlendirmesine g\u00f6re EG.5&#8217;i ve onun alt t\u00fcrlerini bir ilgi varyant\u0131 (Variant Of Interest-VOI) olarak belirledi\u011fini bildirdi ve sa\u011fl\u0131k yetkililerine bula\u015fmas\u0131n\u0131 dikkatle izlemelerini tavsiye etti. K\u00fcresel olarak, ortaya \u00e7\u0131kt\u0131\u011f\u0131 zamandan bu yana EG.5 oranlar\u0131nda istikrarl\u0131 bir art\u0131\u015f bildirildi.<\/p>\n<p><strong>BEL\u0130RT\u0130LER\u0130 AYNI<\/strong><\/p>\n<p>Di\u011fer SARS-CoV-2 varyantlar\u0131nda oldu\u011fu gibi EG.5 de yayg\u0131n olarak ate\u015fe, \u00f6ks\u00fcr\u00fc\u011fe, yorgunlu\u011fa ve tat veya koku kayb\u0131na neden olmaktad\u0131r. Ayr\u0131ca bo\u011faz a\u011fr\u0131s\u0131, ba\u015f a\u011fr\u0131s\u0131, a\u011fr\u0131 ve s\u0131z\u0131lar, ishal, k\u0131zar\u0131kl\u0131k ve g\u00f6z tahri\u015fine yol a\u00e7abilir. Genellikle hafif vakalarda bir ila iki hafta i\u00e7inde d\u00fczelir.<\/p>\n<p><b><span>Kimler daha a\u011f\u0131r ge\u00e7irebilir?<\/span><\/b><\/p>\n<p>En son Covid-19 Omicron varyant\u0131 olan EG.5, vir\u00fcs\u00fcn eski varyantlardan daha kolay yay\u0131labilir ve ba\u011f\u0131\u015f\u0131kl\u0131ktan kurtulabilir. Ancak, \u201cEris\u201d g\u00f6r\u00fclme s\u0131kl\u0131\u011f\u0131n\u0131n artmas\u0131 ve ba\u011f\u0131\u015f\u0131kl\u0131ktan ka\u00e7\u0131\u015f \u00f6zellikleri g\u00f6stermi\u015f olsa da, bug\u00fcne kadar hastal\u0131k \u015fiddetinde herhangi bir de\u011fi\u015fiklik bildirilmemi\u015ftir. DS\u00d6, EG.5&#8217;in olu\u015fturdu\u011fu sa\u011fl\u0131k riskini d\u00fc\u015f\u00fck ve di\u011fer Omicron alt de\u011fi\u015fkenlerininkine benzer olarak de\u011ferlendirmi\u015ftir. EG.5 oran\u0131nda art\u0131\u015f\u00a0 g\u00f6zlenmekle birlikte Japonya ve Kore Cumhuriyeti gibi \u00fclkelerde Covid-19&#8217;a ba\u011fl\u0131 hastaneye yat\u0131\u015flar\u0131n \u00f6nceki dalgalardan daha d\u00fc\u015f\u00fck oldu\u011fu g\u00f6zlemlenmi\u015f ve bu hastaneye yat\u0131\u015flarla EG.5 aras\u0131nda hi\u00e7bir ili\u015fki kurulmad\u0131\u011f\u0131 bildirilmi\u015ftir. Ancak bu varyant ba\u011f\u0131\u015f\u0131kl\u0131k sistemi bask\u0131lanm\u0131\u015f ya\u015fl\u0131 hastalarda ve diyabet, kalp-damar gibi kronik hastal\u0131\u011f\u0131 olanlarda daha ciddi seyredebilmektedir.<\/p>\n<p><b><span>Sonbaharda artabilir<\/span><\/b><\/p>\n<p>Sonbaharla birlikte havalar\u0131n so\u011fumas\u0131, insanlar\u0131n kapal\u0131 ve kalabal\u0131k ortamlarda daha fazla zaman ge\u00e7irmesine neden olacakt\u0131r. Maske takma zorunlulu\u011fu ortadan kalkt\u0131\u011f\u0131 i\u00e7in de di\u011fer solunum yolu etkenleri ile g\u00f6r\u00fclen hastal\u0131klarla birlikte Covid de g\u00f6r\u00fclebilecektir.<br \/>\u0130ngiltere sonbaharda a\u015f\u0131lama program\u0131n\u0131n yap\u0131laca\u011f\u0131 bildirildi. Tabii ki bunu genellikle ba\u011f\u0131\u015f\u0131kl\u0131k sistemi bask\u0131lanm\u0131\u015f ileri ya\u015f hastalara \u00f6neriyorlar. Ancak T\u00fcrkiye&#8217;de ve di\u011fer \u00fclkelerde nas\u0131l bir y\u00f6ntem izlenecek hen\u00fcz onunla ilgili bir kesin bir bilgi yok. A\u015f\u0131lar\u0131n ciddi bir hastal\u0131k tablosundan bir miktar korudu\u011fu s\u00f6yleniyor. Ancak bu konuda kesin bir bilgi vermek \u015fu an i\u00e7in \u00e7ok m\u00fcmk\u00fcn de\u011fil.<\/p>\n<p><b>\u00dclkemiz de risk alt\u0131nda<\/b><\/p>\n<p>D\u00fcnyadaki di\u011fer \u00fclkelerde g\u00f6r\u00fclm\u00fc\u015f olmas\u0131 elbette ki \u00fclkemiz a\u00e7\u0131s\u0131ndan da risk olu\u015fturuyor. Zira, \u00fclkeler aras\u0131nda seyahat nedeniyle vir\u00fcs\u00fcn ta\u015f\u0131nma ihtimali var. Bununla birlikte u\u00e7aklarda ya da toplu ta\u015f\u0131ma ara\u00e7lar\u0131nda maske tak\u0131lmad\u0131\u011f\u0131 i\u00e7in bula\u015f olabilir. Covid vakalar\u0131 h\u00e2l\u00e2 nadir g\u00f6r\u00fclmekle birlikte sonbaharda artabilir. Hatta baz\u0131 di\u011fer \u00fcst solunum yolu viral ve bakteriyel enfeksiyon etkenlerini de h\u00e2l\u00e2 g\u00f6r\u00fcyoruz.<\/p>\n<p><b>Hijyen kurallar\u0131 \u00f6nemli<\/b><\/p>\n<p>Ya\u015fl\u0131lar ve ba\u011f\u0131\u015f\u0131kl\u0131k sistemi zay\u0131f olanlar gibi \u00f6zellikle Covid-19 riski ta\u015f\u0131yan ki\u015filer i\u00e7in a\u015f\u0131 dozlar\u0131na dikkat etmek \u00f6nemlidir. Toplumun a\u015f\u0131lanmas\u0131ndan bu yana ge\u00e7en s\u00fcrede ba\u011f\u0131\u015f\u0131kl\u0131k seviyeleri azald\u0131\u011f\u0131 i\u00e7in,\u00a0 d\u00fczenli el y\u0131kama ve genel hijyen kurallar\u0131na uyum enfeksiyondan korunmak ad\u0131na h\u00e2l\u00e2 \u00f6nemini korumaktad\u0131r. \u00d6te yandan ba\u011f\u0131\u015f\u0131kl\u0131\u011f\u0131 g\u00fc\u00e7l\u00fc tutmak i\u00e7in sa\u011fl\u0131kl\u0131 beslenmeye \u00f6zen g\u00f6sterilmeli, d\u00fczenli egzersiz yap\u0131lmal\u0131 ve sigaradan uzak durulmal\u0131d\u0131r.<\/p>\n<p>\u00a0<\/p>\n<p>\u00a0<\/p>\n","protected":false},"excerpt":{"rendered":"<p>Prof. Dr. \u00c7\u0131ragil, D\u00fcnyada milyonlarca ki\u015finin hayat\u0131n\u0131 kaybetmesine neden olan koronavir\u00fcs\u00fcn yeni varyantlar\u0131ndan olan ve 51 \u00fclkede tespit edilen Eris (EG.5) ile ilgili mevcut bilgileri payla\u015ft\u0131.<\/p>\n","protected":false},"author":1,"featured_media":117298,"comment_status":"closed","ping_status":"open","sticky":false,"template":"","format":"standard","meta":{"footnotes":""},"categories":[30],"tags":[11470,1224,161,2093,1203],"class_list":["post-117297","post","type-post","status-publish","format-standard","has-post-thumbnail","hentry","category-saglik","tag-bagisiklik","tag-covid","tag-risk","tag-ulkeler","tag-varyanti"],"_links":{"self":[{"href":"https:\/\/haberulus.net\/index.php?rest_route=\/wp\/v2\/posts\/117297","targetHints":{"allow":["GET"]}}],"collection":[{"href":"https:\/\/haberulus.net\/index.php?rest_route=\/wp\/v2\/posts"}],"about":[{"href":"https:\/\/haberulus.net\/index.php?rest_route=\/wp\/v2\/types\/post"}],"author":[{"embeddable":true,"href":"https:\/\/haberulus.net\/index.php?rest_route=\/wp\/v2\/users\/1"}],"replies":[{"embeddable":true,"href":"https:\/\/haberulus.net\/index.php?rest_route=%2Fwp%2Fv2%2Fcomments&post=117297"}],"version-history":[{"count":1,"href":"https:\/\/haberulus.net\/index.php?rest_route=\/wp\/v2\/posts\/117297\/revisions"}],"predecessor-version":[{"id":117299,"href":"https:\/\/haberulus.net\/index.php?rest_route=\/wp\/v2\/posts\/117297\/revisions\/117299"}],"wp:featuredmedia":[{"embeddable":true,"href":"https:\/\/haberulus.net\/index.php?rest_route=\/wp\/v2\/media\/117298"}],"wp:attachment":[{"href":"https:\/\/haberulus.net\/index.php?rest_route=%2Fwp%2Fv2%2Fmedia&parent=117297"}],"wp:term":[{"taxonomy":"category","embeddable":true,"href":"https:\/\/haberulus.net\/index.php?rest_route=%2Fwp%2Fv2%2Fcategories&post=117297"},{"taxonomy":"post_tag","embeddable":true,"href":"https:\/\/haberulus.net\/index.php?rest_route=%2Fwp%2Fv2%2Ftags&post=117297"}],"curies":[{"name":"wp","href":"https:\/\/api.w.org\/{rel}","templated":true}]}}