{"id":117309,"date":"2023-08-23T05:05:03","date_gmt":"2023-08-23T05:05:03","guid":{"rendered":"https:\/\/haberulus.net\/?p=117309"},"modified":"2023-08-23T05:05:03","modified_gmt":"2023-08-23T05:05:03","slug":"galatasaray-molde-deplasmaninda-sampiyonlar-ligi-icin-avantaj-pesinde","status":"publish","type":"post","link":"https:\/\/haberulus.net\/?p=117309","title":{"rendered":"Galatasaray, Molde deplasman\u0131nda \u015eampiyonlar Ligi i\u00e7in avantaj pe\u015finde"},"content":{"rendered":"<p>Galatasaray pek \u00e7ok a\u00e7\u0131dan tarihi bir ma\u00e7a \u00e7\u0131k\u0131yor. \u015eampiyonlar Ligi hedefiyle sezona ba\u015flayan ve \u00f6nemli takviyeler yapan Galatasaray, play-off turu ilk ma\u00e7\u0131nda Molde kar\u015f\u0131s\u0131nda\u2026 Ma\u00e7 22.00&#8217;de\u2026<\/p>\n<p>Norve\u00e7 \u015fampiyonu \u00f6n\u00fcnde iyi bir skorla 29 A\u011fustos&#8217;taki r\u00f6van\u015f \u00f6ncesi avantaj sa\u011flamak isteyen temsilcimizde Torreira k\u0131rm\u0131z\u0131 kart cezal\u0131s\u0131\u2026 Galatasaray, s\u0131ras\u0131yla Zalgiris ve Olimpija&#8217;y\u0131, Molde ise HJK Helsinki ve Klakvsik&#8217;i saf d\u0131\u015f\u0131 b\u0131rakt\u0131.<\/p>\n<p>Galatasaray\u2019da Okan Buruk&#8217;un sezona ba\u015flad\u0131\u011f\u0131 as kadrosunu bozmas\u0131 beklenmiyor. Torreira&#8217;n\u0131n yerine orta sahada Berkan forma giyecek. \u0130leri u\u00e7ta Icardi olacak. Onu, Mertens ile kanatlarda Bar\u0131\u015f Alper ile Kerem Akt\u00fcrko\u011flu destekleyecek. Zaha sakatl\u0131\u011f\u0131, Ziyech ise ma\u00e7 eksi\u011fi nedeniyle kadroda yok. Yeni transferlerden Tete de lisans i\u015flemlerinin yeti\u015fmesi ihtimaline kar\u015f\u0131 Norve\u00e7&#8217;e g\u00f6t\u00fcr\u00fcld\u00fc.<\/p>\n<p><b>MUHTELEM 11\u2019LER<\/b><\/p>\n<p><strong>MOLDE:<\/strong> Karlstrom, Haugan, Ellingsen, Mannsverk, Kitolano, Breivik, Eriksen, Brynhiildsen, Hestad, Bjornbak, Linnes<\/p>\n<p><strong>GALATASARAY:<\/strong> Muslera, Boey, Nelsson, Abd\u00fclkerim, Angelino, Berkan, Oliveira, Bar\u0131\u015f, Mertens, Kerem, Icardi<\/p>\n<p><b>25 M\u0130LYON EURO\u2019LUK MA\u00c7<\/b><\/p>\n<p>Galatasaray 17. kez \u015eampiyonlar Ligi gruplar\u0131nda m\u00fccadele etmek istiyor. Bunun bir nedeni de UEFA gelirleri\u2026<\/p>\n<p>Sar\u0131-k\u0131rm\u0131z\u0131l\u0131lar, gruplara ad\u0131n\u0131 yazd\u0131r\u0131rsa ayak bast\u0131 paras\u0131, kat say\u0131 primi ve marketing pay\u0131 olarak toplam 25 milyon Euro&#8217;yu a\u015fk\u0131n paray\u0131 garantileyecek. Temsilcimiz bu turda elenirse yoluna Avrupa Ligi gruplar\u0131nda devam edecek ve o zaman da 15 milyon Euro&#8217;yu hak edecek.<\/p>\n<p><b>GALATASARAY FORMDA, MOLDE SIKINTILI<\/b><\/p>\n<p>Galatasaray bu sezon oynad\u0131\u011f\u0131 alt\u0131 resmi ma\u00e7ta d\u00f6rt galibiyet ve iki beraberlik ya\u015fad\u0131, yenilmedi. Son olarak al\u0131nan Trabzonspor galibiyeti moralleri art\u0131rd\u0131. Aslan, son be\u015f ma\u00e7ta kalesini gole kapatt\u0131.<\/p>\n<p>Rakip Molde ise Avrupa&#8217;daki d\u00f6rt ma\u00e7ta iki galibiyet iki ma\u011flubiyet ya\u015farken nisan ay\u0131nda ba\u015flayan kendi liginde 19 ma\u00e7ta elde etti\u011fi 10 galibiyet, d\u00f6rt beraberlik ve be\u015f ma\u011flubiyetle lider Bodo Gilmt&#8217;in 10 puan gerisinde 4. s\u0131rada\u2026<\/p>\n","protected":false},"excerpt":{"rendered":"<p>Galatasaray, \u015eampiyonlar Ligi&#8217;nin kap\u0131s\u0131na dayand\u0131, istikamet gruplar&#8230; Play-off turu ilk ma\u00e7\u0131nda rakip Martin Linnes\u2019in de forma giydi\u011fi Norve\u00e7 \u015fampiyonu Molde&#8230;<\/p>\n","protected":false},"author":1,"featured_media":117310,"comment_status":"closed","ping_status":"open","sticky":false,"template":"","format":"standard","meta":{"footnotes":""},"categories":[31],"tags":[859,290,13602],"class_list":["post-117309","post","type-post","status-publish","format-standard","has-post-thumbnail","hentry","category-spor","tag-galatasaray","tag-mac","tag-molde"],"_links":{"self":[{"href":"https:\/\/haberulus.net\/index.php?rest_route=\/wp\/v2\/posts\/117309","targetHints":{"allow":["GET"]}}],"collection":[{"href":"https:\/\/haberulus.net\/index.php?rest_route=\/wp\/v2\/posts"}],"about":[{"href":"https:\/\/haberulus.net\/index.php?rest_route=\/wp\/v2\/types\/post"}],"author":[{"embeddable":true,"href":"https:\/\/haberulus.net\/index.php?rest_route=\/wp\/v2\/users\/1"}],"replies":[{"embeddable":true,"href":"https:\/\/haberulus.net\/index.php?rest_route=%2Fwp%2Fv2%2Fcomments&post=117309"}],"version-history":[{"count":1,"href":"https:\/\/haberulus.net\/index.php?rest_route=\/wp\/v2\/posts\/117309\/revisions"}],"predecessor-version":[{"id":117311,"href":"https:\/\/haberulus.net\/index.php?rest_route=\/wp\/v2\/posts\/117309\/revisions\/117311"}],"wp:featuredmedia":[{"embeddable":true,"href":"https:\/\/haberulus.net\/index.php?rest_route=\/wp\/v2\/media\/117310"}],"wp:attachment":[{"href":"https:\/\/haberulus.net\/index.php?rest_route=%2Fwp%2Fv2%2Fmedia&parent=117309"}],"wp:term":[{"taxonomy":"category","embeddable":true,"href":"https:\/\/haberulus.net\/index.php?rest_route=%2Fwp%2Fv2%2Fcategories&post=117309"},{"taxonomy":"post_tag","embeddable":true,"href":"https:\/\/haberulus.net\/index.php?rest_route=%2Fwp%2Fv2%2Ftags&post=117309"}],"curies":[{"name":"wp","href":"https:\/\/api.w.org\/{rel}","templated":true}]}}