{"id":117372,"date":"2023-08-23T07:05:06","date_gmt":"2023-08-23T07:05:06","guid":{"rendered":"https:\/\/haberulus.net\/?p=117372"},"modified":"2023-08-23T07:05:06","modified_gmt":"2023-08-23T07:05:06","slug":"rusyadan-bir-ulkeye-daha-tehdit-ilhak-ederiz","status":"publish","type":"post","link":"https:\/\/haberulus.net\/?p=117372","title":{"rendered":"Rusya\u2019dan bir \u00fclkeye daha tehdit: \u0130lhak ederiz"},"content":{"rendered":"<p>Rusya G\u00fcvenlik Konseyi\u2019nin Ba\u015fkan Yard\u0131mc\u0131s\u0131 Dimitri Medvedev \u00fclkesinin G\u00fcrcistan\u2019\u0131n ayr\u0131l\u0131k\u00e7\u0131 b\u00f6lgeleri G\u00fcney Osetya ve Abhazya\u2019y\u0131 ilhak edebilece\u011fini s\u00f6yledi.<\/p>\n<p>Rusya\u2019n\u0131n eski Devlet Ba\u015fkan\u0131 Medvedev, Argumenty I Fakty gazetesinde yay\u0131mlanan yaz\u0131s\u0131nda, \u201cAbhazya ve G\u00fcney Osetya b\u00f6lgelerinde Rusya\u2019ya kat\u0131lma fikri h\u00e2l\u00e2 olduk\u00e7a pop\u00fcler\u201d ifadelerini kulland\u0131. Rusya\u2019n\u0131n Ukrayna\u2019y\u0131 i\u015fgalinden bu yana \u00fclkenin en kat\u0131 siyasi seslerinden biri h\u00e2line gelen Medvedev, \u201c\u0130lhak i\u00e7in iyi nedenler olursa b\u00fcy\u00fck olas\u0131l\u0131kla uygulanabilir\u201d dedi.<\/p>\n<p>G\u00fcrcistan, Sovyetler Birli\u011fi\u2019nin da\u011f\u0131lmas\u0131ndan sonra bahsi ge\u00e7en b\u00f6lgeler \u00fczerinde kontrol\u00fcn\u00fc kaybetmi\u015fti. Moskova, G\u00fcrcistan\u2019\u0131n g\u00fc\u00e7 kullanarak G\u00fcney Osetya\u2019n\u0131n kontrol\u00fcn\u00fc yeniden ele ge\u00e7irme giri\u015fimine sald\u0131r\u0131yla yan\u0131t vermesinin ard\u0131ndan 2008 y\u0131l\u0131nda bu b\u00f6lgelerin ba\u011f\u0131ms\u0131zl\u0131\u011f\u0131n\u0131 tan\u0131m\u0131\u015ft\u0131.<\/p>\n<p>Rusya\u2019n\u0131n G\u00fcrcistan\u2019la ili\u015fkileri o tarihten bu yana yumu\u015fam\u0131\u015f olsa da Medvedev, Bat\u0131\u2019y\u0131 G\u00fcrcistan\u2019\u0131n NATO\u2019ya kabul edilmesi olas\u0131l\u0131\u011f\u0131n\u0131 g\u00fcndeme getirerek gerilim yaratmakla su\u00e7lad\u0131.<\/p>\n<p>Medvedev, b\u00f6lgelerin ba\u011f\u0131ms\u0131zl\u0131\u011f\u0131n\u0131n tan\u0131nmas\u0131n\u0131n 15. y\u0131ld\u00f6n\u00fcm\u00fcn\u00fc kutlad\u0131\u011f\u0131 yaz\u0131s\u0131nda muhtemel ilhaka at\u0131fta bulunarak \u201cEndi\u015felerimiz ger\u00e7ekle\u015fmeye yakla\u015f\u0131rsa, beklemeyece\u011fiz\u201d dedi. (Reuters)<\/p>\n","protected":false},"excerpt":{"rendered":"<p>Rusya&#8217;n\u0131n eski Devlet Ba\u015fkan\u0131 ve Putin&#8217;e en yak\u0131n isimlerden Dimitri Medvedev, Rusya&#8217;n\u0131n G\u00fcrcistan&#8217;daki ayr\u0131l\u0131k\u00e7\u0131 b\u00f6lgeleri ilhak edebilece\u011fini s\u00f6yledi.<\/p>\n","protected":false},"author":1,"featured_media":117373,"comment_status":"closed","ping_status":"open","sticky":false,"template":"","format":"standard","meta":{"footnotes":""},"categories":[24],"tags":[2363,6684,42],"class_list":["post-117372","post","type-post","status-publish","format-standard","has-post-thumbnail","hentry","category-dunya","tag-bolgeler","tag-medvedev","tag-rusya"],"_links":{"self":[{"href":"https:\/\/haberulus.net\/index.php?rest_route=\/wp\/v2\/posts\/117372","targetHints":{"allow":["GET"]}}],"collection":[{"href":"https:\/\/haberulus.net\/index.php?rest_route=\/wp\/v2\/posts"}],"about":[{"href":"https:\/\/haberulus.net\/index.php?rest_route=\/wp\/v2\/types\/post"}],"author":[{"embeddable":true,"href":"https:\/\/haberulus.net\/index.php?rest_route=\/wp\/v2\/users\/1"}],"replies":[{"embeddable":true,"href":"https:\/\/haberulus.net\/index.php?rest_route=%2Fwp%2Fv2%2Fcomments&post=117372"}],"version-history":[{"count":1,"href":"https:\/\/haberulus.net\/index.php?rest_route=\/wp\/v2\/posts\/117372\/revisions"}],"predecessor-version":[{"id":117374,"href":"https:\/\/haberulus.net\/index.php?rest_route=\/wp\/v2\/posts\/117372\/revisions\/117374"}],"wp:featuredmedia":[{"embeddable":true,"href":"https:\/\/haberulus.net\/index.php?rest_route=\/wp\/v2\/media\/117373"}],"wp:attachment":[{"href":"https:\/\/haberulus.net\/index.php?rest_route=%2Fwp%2Fv2%2Fmedia&parent=117372"}],"wp:term":[{"taxonomy":"category","embeddable":true,"href":"https:\/\/haberulus.net\/index.php?rest_route=%2Fwp%2Fv2%2Fcategories&post=117372"},{"taxonomy":"post_tag","embeddable":true,"href":"https:\/\/haberulus.net\/index.php?rest_route=%2Fwp%2Fv2%2Ftags&post=117372"}],"curies":[{"name":"wp","href":"https:\/\/api.w.org\/{rel}","templated":true}]}}