{"id":117375,"date":"2023-08-23T07:05:07","date_gmt":"2023-08-23T07:05:07","guid":{"rendered":"https:\/\/haberulus.net\/?p=117375"},"modified":"2023-08-23T07:05:07","modified_gmt":"2023-08-23T07:05:07","slug":"atik-su-krizi-bitmiyor-cin-japonyayi-protesto-etti","status":"publish","type":"post","link":"https:\/\/haberulus.net\/?p=117375","title":{"rendered":"At\u0131k su krizi bitmiyor\u2026 \u00c7in, Japonya\u2019y\u0131 protesto etti"},"content":{"rendered":"<p>D\u0131\u015fi\u015fleri Bakanl\u0131\u011f\u0131ndan yap\u0131lan a\u00e7\u0131klamaya g\u00f6re, Bakan Yard\u0131mc\u0131s\u0131 Sun Veydong, Japonya\u2019n\u0131n Pekin B\u00fcy\u00fckel\u00e7isi Tarumi Hideo\u2019yu konuyla ilgili bakanl\u0131\u011fa \u00e7a\u011f\u0131rd\u0131. Sun, g\u00f6r\u00fc\u015fmede, Japonya\u2019n\u0131n karar\u0131n\u0131 \u201cbencil ve sorumsuzca\u201d diye niteleyerek protesto ettiklerini bildirdi.<\/p>\n<p>Japonya\u2019n\u0131n bu karar\u0131yla kendi \u00e7\u0131karlar\u0131n\u0131 kom\u015fu \u00fclkelerin endi\u015felerinin \u00f6n\u00fcne koydu\u011funu ifade eden Sun, \u00c7in\u2019in, deniz ekolojisi, g\u0131da g\u00fcvenli\u011fi ve halk sa\u011fl\u0131\u011f\u0131n\u0131n korunmas\u0131 i\u00e7in gerekli tedbirleri alaca\u011f\u0131 uyar\u0131s\u0131nda bulundu.<\/p>\n<p>Japonya B\u00fcy\u00fckel\u00e7ili\u011finden yap\u0131lan a\u00e7\u0131klamada ise h\u00fck\u00fcmetin at\u0131k suyun tahliye plan\u0131n\u0131n \u015feffaf ve bilimsel \u015fekilde a\u00e7\u0131kland\u0131\u011f\u0131n\u0131, \u00c7in\u2019in bu konudaki iddialar\u0131n\u0131n bilimsel dayana\u011f\u0131 olmad\u0131\u011f\u0131n\u0131 savundu.<\/p>\n<p>Tarumi, Avrupa Birli\u011fi ve di\u011fer ekonomilerin Japonya\u2019dan su ve g\u0131da \u00fcr\u00fcnlerine y\u00f6nelik denetimleri kald\u0131rd\u0131\u011f\u0131n\u0131 hat\u0131rlatarak \u00c7in\u2019in bu y\u00f6nde ad\u0131m atan tek \u00fclke oldu\u011funu, bilimsel dayana\u011f\u0131 olmayan bu t\u00fcrden tedbirleri kabul etmeyeceklerini belirtti.<\/p>\n<p>Japonya Ba\u015fbakan\u0131 Ki\u015fida Fumio, d\u00fcn kabine toplant\u0131s\u0131n\u0131n ard\u0131ndan yapt\u0131\u011f\u0131 a\u00e7\u0131klamada, Fuku\u015fima Dai-i\u00e7i N\u00fckleer Santrali\u2019ndeki radyoaktif at\u0131k suyun okyanusa tahliyesine 24 A\u011fustos\u2019ta ba\u015flanaca\u011f\u0131n\u0131 duyurmu\u015ftu.<\/p>\n<p><b>\u201cKEND\u0130 \u00c7IKARLARINI T\u00dcM \u0130NSANLI\u011eIN \u00dcZER\u0130NDE TUTUYOR\u201d<\/b><\/p>\n<p>\u00c7in, karara tepki g\u00f6stermi\u015f, D\u0131\u015fi\u015fleri Bakanl\u0131\u011f\u0131 S\u00f6zc\u00fcs\u00fc Vang V\u0131nbin, \u201cAt\u0131k suyun okyanusa tahliyesi, n\u00fckleer serpinti riskinin d\u00fcnyan\u0131n geri kalan\u0131na yay\u0131lmas\u0131na yol a\u00e7acak. Japonya b\u00f6yle yaparak kendi bencil \u00e7\u0131karlar\u0131n\u0131 t\u00fcm insanl\u0131\u011f\u0131n esenli\u011finin \u00fczerine koyuyor\u201d ifadelerini kullanm\u0131\u015ft\u0131.<\/p>\n<p>Japonya\u2019n\u0131n ar\u0131tma tesisinin uzun d\u00f6nemli g\u00fcvenilirli\u011fine, radyoaktif at\u0131k suyun bile\u015fimine ili\u015fkin verilerin do\u011frulu\u011funa ve denetim anla\u015fmas\u0131n\u0131n etkinli\u011fine dair uluslararas\u0131 endi\u015feleri gidermedi\u011fini savunan Vang, \u201cE\u011fer Fuku\u015fima\u2019daki radyoaktif at\u0131k su ger\u00e7ekten g\u00fcvenli ise Japonya\u2019n\u0131n onu denize d\u00f6kmesine gerek yok, e\u011fer de\u011filse zaten kesinlikle d\u00f6kmemeli. Okyanus, insanl\u0131\u011f\u0131 ya\u015fatan kaynakt\u0131r, Japonya\u2019n\u0131n radyoaktif suyu boca edece\u011fi bir la\u011f\u0131m de\u011fil\u201d de\u011ferlendirmesinde bulunmu\u015ftu.<\/p>\n<p>Japonya, okyanusa tahliyesi planlanan sudaki radyoaktif materyal miktar\u0131n\u0131n insan sa\u011fl\u0131\u011f\u0131 ve \u00e7evre i\u00e7in zararl\u0131 kabul oranlar\u0131n\u0131n alt\u0131nda oldu\u011funu savunurken, \u00c7in at\u0131k suyun okyanusa bo\u015falt\u0131lmas\u0131na kar\u015f\u0131 \u00e7\u0131karak tahliye i\u00e7in ba\u015fka y\u00f6ntem bulunmas\u0131 gerekti\u011fini vurguluyor.<br \/>Uluslararas\u0131 Atom Enerjisi Ajans\u0131, santralde yapt\u0131\u011f\u0131 incelemelerin ard\u0131ndan 4 Temmuz\u2019da yay\u0131mlad\u0131\u011f\u0131 raporda, Japonya\u2019n\u0131n at\u0131k su tahliye plan\u0131n\u0131n g\u00fcvenlik standartlar\u0131yla uyumlu oldu\u011funu bildirmi\u015fti.<\/p>\n<p>Mart 2011\u2019de meydana gelen 9 b\u00fcy\u00fckl\u00fc\u011f\u00fcndeki depremin yol a\u00e7t\u0131\u011f\u0131 tsunami, Fuku\u015fima Dai-i\u00e7i N\u00fckleer Santrali\u2019ndeki 4 n\u00fckleer reakt\u00f6rden 3\u2019\u00fcnde hasara yol a\u00e7m\u0131\u015f, radyoaktif serpinti nedeniyle santralin \u00e7evresi \u201ctahliye b\u00f6lgesi\u201d ilan edilmi\u015fti. (AA)<\/p>\n","protected":false},"excerpt":{"rendered":"<p>\u00c7in, Japonya&#8217;ya, Fuku\u015fima Dai-i\u00e7i N\u00fckleer Santrali&#8217;ndeki radyoaktif at\u0131k suyu 24 A\u011fustos&#8217;tan itibaren okyanusa bo\u015faltma karar\u0131 nedeniyle protesto notas\u0131 verdi.<\/p>\n","protected":false},"author":1,"featured_media":117376,"comment_status":"closed","ping_status":"open","sticky":false,"template":"","format":"standard","meta":{"footnotes":""},"categories":[24],"tags":[793,1035,6838,868],"class_list":["post-117375","post","type-post","status-publish","format-standard","has-post-thumbnail","hentry","category-dunya","tag-cin","tag-japonya","tag-radyoaktif","tag-tahliye"],"_links":{"self":[{"href":"https:\/\/haberulus.net\/index.php?rest_route=\/wp\/v2\/posts\/117375","targetHints":{"allow":["GET"]}}],"collection":[{"href":"https:\/\/haberulus.net\/index.php?rest_route=\/wp\/v2\/posts"}],"about":[{"href":"https:\/\/haberulus.net\/index.php?rest_route=\/wp\/v2\/types\/post"}],"author":[{"embeddable":true,"href":"https:\/\/haberulus.net\/index.php?rest_route=\/wp\/v2\/users\/1"}],"replies":[{"embeddable":true,"href":"https:\/\/haberulus.net\/index.php?rest_route=%2Fwp%2Fv2%2Fcomments&post=117375"}],"version-history":[{"count":1,"href":"https:\/\/haberulus.net\/index.php?rest_route=\/wp\/v2\/posts\/117375\/revisions"}],"predecessor-version":[{"id":117377,"href":"https:\/\/haberulus.net\/index.php?rest_route=\/wp\/v2\/posts\/117375\/revisions\/117377"}],"wp:featuredmedia":[{"embeddable":true,"href":"https:\/\/haberulus.net\/index.php?rest_route=\/wp\/v2\/media\/117376"}],"wp:attachment":[{"href":"https:\/\/haberulus.net\/index.php?rest_route=%2Fwp%2Fv2%2Fmedia&parent=117375"}],"wp:term":[{"taxonomy":"category","embeddable":true,"href":"https:\/\/haberulus.net\/index.php?rest_route=%2Fwp%2Fv2%2Fcategories&post=117375"},{"taxonomy":"post_tag","embeddable":true,"href":"https:\/\/haberulus.net\/index.php?rest_route=%2Fwp%2Fv2%2Ftags&post=117375"}],"curies":[{"name":"wp","href":"https:\/\/api.w.org\/{rel}","templated":true}]}}